{"id":4742,"date":"2023-07-31T05:00:54","date_gmt":"2023-07-31T03:00:54","guid":{"rendered":"https:\/\/powiatlwowecki.pl\/?p=4742"},"modified":"2023-07-28T09:57:38","modified_gmt":"2023-07-28T07:57:38","slug":"trening-systemu-wczesnego-ostrzegania-3","status":"publish","type":"post","link":"https:\/\/powiatlwowecki.pl\/trening-systemu-wczesnego-ostrzegania-3\/","title":{"rendered":"Trening systemu wczesnego ostrzegania"},"content":{"rendered":"<p>W dniu 1 sierpnia 2023 roku o godzinie 17.00 zostanie przeprowadzony wojew\u00f3dzki trening systemu wczesnego ostrzegania.<\/p>\n<p>W ramach trening\u00f3w i \u0107wicze\u0144 dotycz\u0105cych system\u00f3w alarmowania, celem jednoczesnego upami\u0119tnienia 79 rocznicy Powstania Warszawskiego, w 1 sierpnia 2023r. o godz. 17.00 nadany zostanie akustyczny sygna\u0142 alarmowy (og\u0142aszam alarm) trwaj\u0105cy 1 min.<\/p>\n<p>Trening przeprowadzony b\u0119dzie na podstawie Zarz\u0105dzenia Wojewody Dolno\u015bl\u0105skiego nr 249 z dnia 27 lipca 2023r. w sprawie przeprowadzenia treningu systemu wczesnego ostrzegania na terenie wojew\u00f3dztwa dolno\u015bl\u0105skiego.<\/p>\n","protected":false},"excerpt":{"rendered":"<p>W dniu 1 sierpnia 2023 roku o godzinie 17.00 zostanie przeprowadzony wojew\u00f3dzki trening systemu wczesnego ostrzegania. W ramach trening\u00f3w i \u0107wicze\u0144 dotycz\u0105cych system\u00f3w alarmowania, celem jednoczesnego upami\u0119tnienia 79 rocznicy Powstania Warszawskiego, w 1 sierpnia 2023r.  [&#8230;]<\/p>\n","protected":false},"author":4,"featured_media":4743,"comment_status":"closed","ping_status":"closed","sticky":false,"template":"","format":"standard","meta":{"_acf_changed":false,"footnotes":""},"categories":[5,95],"tags":[],"class_list":["post-4742","post","type-post","status-publish","format-standard","has-post-thumbnail","hentry","category-aktualnosci","category-pczk"],"acf":{"kal_data_wydarzenia":""},"_links":{"self":[{"href":"https:\/\/powiatlwowecki.pl\/plci_json_endpoint\/wp\/v2\/posts\/4742","targetHints":{"allow":["GET"]}}],"collection":[{"href":"https:\/\/powiatlwowecki.pl\/plci_json_endpoint\/wp\/v2\/posts"}],"about":[{"href":"https:\/\/powiatlwowecki.pl\/plci_json_endpoint\/wp\/v2\/types\/post"}],"author":[{"embeddable":true,"href":"https:\/\/powiatlwowecki.pl\/plci_json_endpoint\/wp\/v2\/users\/4"}],"replies":[{"embeddable":true,"href":"https:\/\/powiatlwowecki.pl\/plci_json_endpoint\/wp\/v2\/comments?post=4742"}],"version-history":[{"count":0,"href":"https:\/\/powiatlwowecki.pl\/plci_json_endpoint\/wp\/v2\/posts\/4742\/revisions"}],"wp:featuredmedia":[{"embeddable":true,"href":"https:\/\/powiatlwowecki.pl\/plci_json_endpoint\/wp\/v2\/media\/4743"}],"wp:attachment":[{"href":"https:\/\/powiatlwowecki.pl\/plci_json_endpoint\/wp\/v2\/media?parent=4742"}],"wp:term":[{"taxonomy":"category","embeddable":true,"href":"https:\/\/powiatlwowecki.pl\/plci_json_endpoint\/wp\/v2\/categories?post=4742"},{"taxonomy":"post_tag","embeddable":true,"href":"https:\/\/powiatlwowecki.pl\/plci_json_endpoint\/wp\/v2\/tags?post=4742"}],"curies":[{"name":"wp","href":"https:\/\/api.w.org\/{rel}","templated":true}]}}