{"id":4732,"date":"2023-07-21T08:10:29","date_gmt":"2023-07-21T06:10:29","guid":{"rendered":"https:\/\/powiatlwowecki.pl\/?p=4732"},"modified":"2023-07-21T08:10:58","modified_gmt":"2023-07-21T06:10:58","slug":"gravel-adventure-swieradow-zdroj-utrudnienia-w-ruchu","status":"publish","type":"post","link":"https:\/\/powiatlwowecki.pl\/gravel-adventure-swieradow-zdroj-utrudnienia-w-ruchu\/","title":{"rendered":"Gravel Adventure \u015awierad\u00f3w-Zdr\u00f3j  &#8211; Utrudnienia w ruchu"},"content":{"rendered":"<div class=\"fusion-fullwidth fullwidth-box fusion-builder-row-1 fusion-flex-container nonhundred-percent-fullwidth non-hundred-percent-height-scrolling\" style=\"--awb-border-radius-top-left:0px;--awb-border-radius-top-right:0px;--awb-border-radius-bottom-right:0px;--awb-border-radius-bottom-left:0px;--awb-flex-wrap:wrap;\" ><div class=\"fusion-builder-row fusion-row fusion-flex-align-items-flex-start fusion-flex-content-wrap\" style=\"max-width:1248px;margin-left: calc(-4% \/ 2 );margin-right: calc(-4% \/ 2 );\"><div class=\"fusion-layout-column fusion_builder_column fusion-builder-column-0 fusion_builder_column_3_4 3_4 fusion-flex-column\" style=\"--awb-bg-size:cover;--awb-width-large:75%;--awb-margin-top-large:0px;--awb-spacing-right-large:2.56%;--awb-margin-bottom-large:20px;--awb-spacing-left-large:2.56%;--awb-width-medium:100%;--awb-order-medium:0;--awb-spacing-right-medium:1.92%;--awb-spacing-left-medium:1.92%;--awb-width-small:100%;--awb-order-small:0;--awb-spacing-right-small:1.92%;--awb-spacing-left-small:1.92%;\"><div class=\"fusion-column-wrapper fusion-column-has-shadow fusion-flex-justify-content-flex-start fusion-content-layout-column\"><div class=\"fusion-text fusion-text-1\"><p><strong>Gravel Adventure \u015awierad\u00f3w-Zdr\u00f3j\u00a0 &#8211; Utrudnienia w ruchu<br \/>\n<\/strong><\/p>\n<p>W sobot\u0119 (22 lipca) w \u015awieradowie-Zdroju odb\u0119dzie si\u0119 polska edycja kwalifikacji do Gravelowych Mistrzostw \u015awiata czyli Gravel Adventure 2023 \u2013 UCI Gravel World Series. Na starcie dw\u00f3ch dystans\u00f3w GRAN (109 km) i MEDIO (64km) stanie prawie 500 zawodnik\u00f3w z 26 pa\u0144stw.<\/p>\n<p>Rywalizacja na trasach wok\u00f3\u0142 \u015awieradowa \u2013 Zdroju spowoduje utrudnienia w ruchu<\/p>\n<p><strong>\u015aWIERAD\u00d3W-ZDR\u00d3J<br \/>\n<\/strong>&#8211; ul. Stra\u017cacka \u2013 od SKI&amp;SUN do parkingu TEWA \u2013 wy\u0142\u0105czona z ruchu w godz. 8.55 \u2013 9.05 oraz 9.25 \u2013 9.35<br \/>\n&#8211; ul. Stra\u017cacka \u2013 parking TEWA \u2013 chwilowe wstrzymania ruchu, tylko na czas przeci\u0119cia drogi przez uczestnik\u00f3w \u2013 w godz. 12.00 \u2013 16.00<\/p>\n<p><strong>ROZDRO\u017bE IZERSKIE<\/strong><br \/>\n\u2013 chwilowe wstrzymania ruchu, tylko na czas przeci\u0119cia drogi przez uczestnik\u00f3w \u2013 w godz. 10.30 \u2013 11.30<\/p>\n<p><strong>GIERCZYN<br \/>\n<\/strong>\u2013 chwilowe wstrzymania ruchu, tylko na czas przejazdu uczestnik\u00f3w \u2013<br \/>\nw godz. 10.30 \u2013 14.30<\/p>\n<p><strong>KAMIE\u0143\/MROCZKOWICE<br \/>\n<\/strong>\u2013 chwilowe wstrzymania ruchu, tylko na czas przejazdu uczestnik\u00f3w \u2013<br \/>\nw godz. 10.30 \u2013 14.30<\/p>\n<p><strong>WOLIMIERZ &#8211;<br \/>\n<\/strong>\u2013 chwilowe wstrzymania ruchu, tylko na czas przejazdu uczestnik\u00f3w \u2013<br \/>\nw godz. 10.45 \u2013 15.00<\/p>\n<p><strong>\u015aWIERAD\u00d3W-ZDR\u00d3J (CZERNIAWA) \u2013 okolice Czarciego M\u0142yna<br \/>\n<\/strong>\u2013 chwilowe wstrzymania ruchu, tylko na czas przejazdu uczestnik\u00f3w \u2013<br \/>\nw godz. 11.00 \u2013 15.30<\/p>\n<p>Za powsta\u0142e utrudnienia przepraszamy, zach\u0119camy do kibicowania zawodnikom na trasie.<\/p>\n<p>Wi\u0119cej szczeg\u00f3\u0142\u00f3w o imprezie mo\u017cna znale\u017a\u0107 na <strong>www.graveladventure.pl<\/strong><\/p>\n<\/div><\/div><\/div><div class=\"fusion-layout-column fusion_builder_column fusion-builder-column-1 fusion_builder_column_1_4 1_4 fusion-flex-column\" style=\"--awb-bg-size:cover;--awb-width-large:25%;--awb-margin-top-large:0px;--awb-spacing-right-large:7.68%;--awb-margin-bottom-large:20px;--awb-spacing-left-large:7.68%;--awb-width-medium:100%;--awb-order-medium:0;--awb-spacing-right-medium:1.92%;--awb-spacing-left-medium:1.92%;--awb-width-small:100%;--awb-order-small:0;--awb-spacing-right-small:1.92%;--awb-spacing-left-small:1.92%;\"><div class=\"fusion-column-wrapper fusion-column-has-shadow fusion-flex-justify-content-flex-start fusion-content-layout-column\"><div class=\"fusion-content-boxes content-boxes columns row fusion-columns-1 fusion-columns-total-1 fusion-content-boxes-1 content-boxes-icon-with-title content-left\" style=\"--awb-hover-accent-color:#f44336;--awb-circle-hover-accent-color:#f44336;--awb-item-margin-bottom:40px;\" data-animationOffset=\"top-into-view\"><div style=\"--awb-backgroundcolor:#02dce0;\" class=\"fusion-column content-box-column content-box-column content-box-column-1 col-lg-12 col-md-12 col-sm-12 fusion-content-box-hover content-box-column-last content-box-column-last-in-row\"><div class=\"col content-box-wrapper content-wrapper-background link-area-link-icon link-type-text content-icon-wrapper-yes icon-hover-animation-slide\" data-animationOffset=\"top-into-view\"><div class=\"heading heading-with-icon icon-left\"><a class=\"heading-link\" style=\"float:left;\" href=\"https:\/\/powiatlwowecki.pl\/wp-content\/uploads\/2023\/07\/Trasa-Gravel-Adventure-scaled.jpg\" target=\"_self\"><div class=\"icon\"><span style=\"height:42px;width:42px;line-height:22px;border-color:rgba(255,255,255,0);border-width:1px;border-style:solid;background-color:#212934;box-sizing:content-box;border-radius:50%;\"><i style=\"border-color:#212934;border-width:1px;background-color:#212934;box-sizing:content-box;height:40px;width:40px;line-height:40px;border-radius:50%;position:relative;top:auto;left:auto;margin:0;border-radius:50%;font-size:20px;\" aria-hidden=\"true\" class=\"fontawesome-icon fa-bicycle fas circle-yes\"><\/i><\/span><\/div><h2 class=\"content-box-heading\" style=\"--h2_typography-font-size:24px;line-height:29px;\">MAPA<\/h2><\/a><\/div><\/div><\/div><div class=\"fusion-clearfix\"><\/div><\/div><\/div><\/div><\/div><\/div>\n","protected":false},"excerpt":{"rendered":"","protected":false},"author":8,"featured_media":4735,"comment_status":"closed","ping_status":"closed","sticky":false,"template":"","format":"standard","meta":{"_acf_changed":false,"footnotes":""},"categories":[5],"tags":[],"class_list":["post-4732","post","type-post","status-publish","format-standard","has-post-thumbnail","hentry","category-aktualnosci"],"acf":{"kal_data_wydarzenia":""},"_links":{"self":[{"href":"https:\/\/powiatlwowecki.pl\/plci_json_endpoint\/wp\/v2\/posts\/4732","targetHints":{"allow":["GET"]}}],"collection":[{"href":"https:\/\/powiatlwowecki.pl\/plci_json_endpoint\/wp\/v2\/posts"}],"about":[{"href":"https:\/\/powiatlwowecki.pl\/plci_json_endpoint\/wp\/v2\/types\/post"}],"author":[{"embeddable":true,"href":"https:\/\/powiatlwowecki.pl\/plci_json_endpoint\/wp\/v2\/users\/8"}],"replies":[{"embeddable":true,"href":"https:\/\/powiatlwowecki.pl\/plci_json_endpoint\/wp\/v2\/comments?post=4732"}],"version-history":[{"count":0,"href":"https:\/\/powiatlwowecki.pl\/plci_json_endpoint\/wp\/v2\/posts\/4732\/revisions"}],"wp:featuredmedia":[{"embeddable":true,"href":"https:\/\/powiatlwowecki.pl\/plci_json_endpoint\/wp\/v2\/media\/4735"}],"wp:attachment":[{"href":"https:\/\/powiatlwowecki.pl\/plci_json_endpoint\/wp\/v2\/media?parent=4732"}],"wp:term":[{"taxonomy":"category","embeddable":true,"href":"https:\/\/powiatlwowecki.pl\/plci_json_endpoint\/wp\/v2\/categories?post=4732"},{"taxonomy":"post_tag","embeddable":true,"href":"https:\/\/powiatlwowecki.pl\/plci_json_endpoint\/wp\/v2\/tags?post=4732"}],"curies":[{"name":"wp","href":"https:\/\/api.w.org\/{rel}","templated":true}]}}