{"id":4478,"date":"2023-05-30T11:17:19","date_gmt":"2023-05-30T09:17:19","guid":{"rendered":"https:\/\/powiatlwowecki.pl\/?p=4478"},"modified":"2023-06-02T14:18:03","modified_gmt":"2023-06-02T12:18:03","slug":"4478-2","status":"publish","type":"post","link":"https:\/\/powiatlwowecki.pl\/4478-2\/","title":{"rendered":"Zako\u0144czona kolejna inwestycja w Powiecie Lw\u00f3weckim"},"content":{"rendered":"<div class=\"fusion-fullwidth fullwidth-box fusion-builder-row-1 fusion-flex-container has-pattern-background has-mask-background nonhundred-percent-fullwidth non-hundred-percent-height-scrolling\" style=\"--awb-border-radius-top-left:0px;--awb-border-radius-top-right:0px;--awb-border-radius-bottom-right:0px;--awb-border-radius-bottom-left:0px;--awb-flex-wrap:wrap;\" ><div class=\"fusion-builder-row fusion-row fusion-flex-align-items-flex-start fusion-flex-content-wrap\" style=\"max-width:1248px;margin-left: calc(-4% \/ 2 );margin-right: calc(-4% \/ 2 );\"><div class=\"fusion-layout-column fusion_builder_column fusion-builder-column-0 fusion_builder_column_2_3 2_3 fusion-flex-column\" style=\"--awb-bg-size:cover;--awb-width-large:66.666666666667%;--awb-margin-top-large:0px;--awb-spacing-right-large:2.88%;--awb-margin-bottom-large:20px;--awb-spacing-left-large:2.88%;--awb-width-medium:100%;--awb-order-medium:0;--awb-spacing-right-medium:1.92%;--awb-spacing-left-medium:1.92%;--awb-width-small:100%;--awb-order-small:0;--awb-spacing-right-small:1.92%;--awb-spacing-left-small:1.92%;\"><div class=\"fusion-column-wrapper fusion-column-has-shadow fusion-flex-justify-content-flex-start fusion-content-layout-column\"><div class=\"fusion-text fusion-text-1\"><p>Jeszcze do niedawna pacjenci oraz personel korzystali z konieczno\u015bci z windy towarowej. Dzi\u015b szpital w Gryfowie \u015al\u0105skim mo\u017ce pochwali\u0107 si\u0119 kolejn\u0105 inwestycj\u0105 jak\u0105 jest nowoczesna winda. Wydatek ten z pewno\u015bci\u0105 przyniesie korzy\u015bci i poprawi komfort korzystania z us\u0142ug medycznych mieszka\u0144com Powiatu Lw\u00f3weckiego.<\/p>\n<p>29 maja 2023 roku podczas uroczystego otwarcia Starosta Lw\u00f3wecki Daniel Koko oraz Adam Zdaniuk Prezes Powiatowego Centrum Zdrowia w Lw\u00f3wku \u015al\u0105skim powitali zaproszonych go\u015bci: Rafa\u0142a \u015alusarza Senator RP, Olgierda Poni\u017anika Burmistrza Gryfowa \u015al\u0105skiego, Mariol\u0119 Szcz\u0119sn\u0105 Burmistrz Lw\u00f3wka \u015al\u0105skiego, Artura Zycha Burmistrza Wlenia, Urszul\u0119 Mag\u0119 Radn\u0105 Rady Miejskiej Gminy Gryf\u00f3w \u015al\u0105ski, Zbigniewa Grze\u015bkowa Wicestarost\u0119 Lw\u00f3weckiego oraz Radnych Rady Powiatu Lw\u00f3weckiego, Tadeusza Jagie\u0142\u0142o, Eugeniusza \u015acigana i cz\u0142onka Zarz\u0105du Powiatu Wies\u0142awa Zi\u00f3\u0142kowskiego.<\/p>\n<p>Inwestycja to wydatek prawie miliona z\u0142otych. 500.00 z\u0142 pozyskane z Rz\u0105dowego Funduszu Inwestycji Lokalnych- II nab\u00f3r, dzi\u0119ki wsparciu Senatora Rzeczy Pospolitej Polskiej Pana Rafa\u0142a \u015alusarza, cegie\u0142ki do\u0142o\u017cy gminy Powiatu Lw\u00f3weckiego. 100.000 z\u0142- Gmina i Miasto Gryf\u00f3w \u015al\u0105ski, 50.000 z\u0142- Miasto i Gmina Wle\u0144. \u015arodki z bud\u017cetu powiatu to 150.000 z\u0142 natomiast 200.000 z\u0142 to wk\u0142ad w\u0142asny Powiatowego Centrum Zdrowia.\u00a0 Gmina i Miasto Lw\u00f3wek \u015al\u0105ski wspar\u0142a kwot\u0105 50.000 z\u0142 planowan\u0105 inwestycj\u0119 jak\u0105 jest winda w budynku przychodni przy ul. Morcinka w Lw\u00f3wku \u015al\u0105skim.<\/p>\n<p>Przy okazji oddania do u\u017cytku publicznego windy warto wspomnie\u0107 o innych inwestycjach w szpitalu w Gryfowie \u015al\u0105skim kt\u00f3re zosta\u0142y zrealizowane podczas trwania obecnej kadencji jak i planach na przysz\u0142e lata.<\/p>\n<p>\u2013 <em>W roku 2021 rozpocz\u0119li\u015bmy znacz\u0105ce inwestycje w gryfowski szpital od jak\u017ce wa\u017cnej dla pacjent\u00f3w kriokomory, kt\u00f3ra jest potrzebna dla pacjent\u00f3w reumatologicznych i pacjent\u00f3w oddzia\u0142u rehabilitacyjnego dziennego a tak\u017ce rehabilitacji ambulatoryjnej. R\u00f3wnie\u017c 2021 rok i wa\u017cna inwestycja, je\u017celi chodzi o napraw\u0119 pokrycia dachowego wraz z dociepleniem strop\u00f3w, co jest bardzo istotne i te\u017c niema\u0142a kwota, bo to by\u0142y ju\u017c pieni\u0105dze rz\u0119du 2 milion\u00f3w 200 tysi\u0119cy z\u0142otych, z czego tylko z bud\u017cetu Powiatu Lw\u00f3weckiego zosta\u0142o wydatkowe 1,1 miliona z\u0142otych, a ponad 1,1 miliona z\u0142otych to udzia\u0142 w\u0142asny Powiatowego Centrum Zdrowia. Warto podkre\u015bli\u0107, \u017ce w historii nie zdarzy\u0142o si\u0119, \u017ceby poszczeg\u00f3lne zarz\u0105dy czy poszczeg\u00f3lni prezesi PCZ tak mocno partycypowali w kosztach i mieli na to \u015brodki \u017ceby wnosi\u0107 wk\u0142ad w\u0142asny do tych inwestycji, jak ma to miejsce teraz.- <\/em><em>podkre\u015bli\u0142 Daniel Koko.<\/em><\/p>\n<p><em>Podczas kadencji wyremontowano r\u00f3wnie\u017c dwa tarasy przyleg\u0142e do budynku B i C na kt\u00f3re wydatkowano 130.00 z\u0142 oraz do u\u017cytku densytometrie. <\/em><\/p>\n<p><em>Powiat Lw\u00f3wecki wraz z Powiatowym Centrum Zdrowia w Lw\u00f3wku \u015al\u0105skim w najbli\u017cszym czasie planuj\u0105 termomodernizacje budynku za kwot\u0119 15 milion\u00f3w z\u0142otych. 13 milion\u00f3w zosta\u0142y pozyskane z Polskiego \u0141adu pozosta\u0142a kwota czyli 2 miliony to wk\u0142ad Powiatu Lw\u00f3weckiego.<\/em><\/p>\n<p style=\"text-align: center;\">\u201cPrzebudowa budynku A Powiatowego Centrum Zdrowia Zdrowia w Gryfowie \u015al\u0105skim<\/p>\n<p style=\"text-align: center;\">wraz z dobudow\u0105 windy zewn\u0119trznej przy ul. Rzecznej 25, 59-620 Gryf\u00f3w \u015al\u0105ski\u201d<\/p>\n<p><img decoding=\"async\" class=\"size-medium wp-image-2055 aligncenter\" src=\"https:\/\/powiatlwowecki.pl\/wp-content\/uploads\/2021\/01\/Rzadowy-Fundusz-Inwestycji-Lokalnych-logo-300x211.png\" alt=\"\" width=\"300\" height=\"211\" srcset=\"https:\/\/powiatlwowecki.pl\/wp-content\/uploads\/2021\/01\/Rzadowy-Fundusz-Inwestycji-Lokalnych-logo-24x17.png 24w, https:\/\/powiatlwowecki.pl\/wp-content\/uploads\/2021\/01\/Rzadowy-Fundusz-Inwestycji-Lokalnych-logo-36x25.png 36w, https:\/\/powiatlwowecki.pl\/wp-content\/uploads\/2021\/01\/Rzadowy-Fundusz-Inwestycji-Lokalnych-logo-48x34.png 48w, https:\/\/powiatlwowecki.pl\/wp-content\/uploads\/2021\/01\/Rzadowy-Fundusz-Inwestycji-Lokalnych-logo-200x141.png 200w, https:\/\/powiatlwowecki.pl\/wp-content\/uploads\/2021\/01\/Rzadowy-Fundusz-Inwestycji-Lokalnych-logo-300x211.png 300w, https:\/\/powiatlwowecki.pl\/wp-content\/uploads\/2021\/01\/Rzadowy-Fundusz-Inwestycji-Lokalnych-logo-400x281.png 400w, https:\/\/powiatlwowecki.pl\/wp-content\/uploads\/2021\/01\/Rzadowy-Fundusz-Inwestycji-Lokalnych-logo-600x422.png 600w, https:\/\/powiatlwowecki.pl\/wp-content\/uploads\/2021\/01\/Rzadowy-Fundusz-Inwestycji-Lokalnych-logo-768x540.png 768w, https:\/\/powiatlwowecki.pl\/wp-content\/uploads\/2021\/01\/Rzadowy-Fundusz-Inwestycji-Lokalnych-logo-800x563.png 800w, https:\/\/powiatlwowecki.pl\/wp-content\/uploads\/2021\/01\/Rzadowy-Fundusz-Inwestycji-Lokalnych-logo-1024x720.png 1024w, https:\/\/powiatlwowecki.pl\/wp-content\/uploads\/2021\/01\/Rzadowy-Fundusz-Inwestycji-Lokalnych-logo-1200x844.png 1200w, https:\/\/powiatlwowecki.pl\/wp-content\/uploads\/2021\/01\/Rzadowy-Fundusz-Inwestycji-Lokalnych-logo-1536x1080.png 1536w\" sizes=\"(max-width: 300px) 100vw, 300px\" \/><\/p>\n<\/div><\/div><\/div><div class=\"fusion-layout-column fusion_builder_column fusion-builder-column-1 fusion_builder_column_1_3 1_3 fusion-flex-column\" style=\"--awb-bg-size:cover;--awb-width-large:33.333333333333%;--awb-margin-top-large:0px;--awb-spacing-right-large:5.76%;--awb-margin-bottom-large:20px;--awb-spacing-left-large:5.76%;--awb-width-medium:100%;--awb-order-medium:0;--awb-spacing-right-medium:1.92%;--awb-spacing-left-medium:1.92%;--awb-width-small:100%;--awb-order-small:0;--awb-spacing-right-small:1.92%;--awb-spacing-left-small:1.92%;\"><div class=\"fusion-column-wrapper fusion-column-has-shadow fusion-flex-justify-content-flex-start fusion-content-layout-column\"><div class=\"fusion-text fusion-text-2\"><p><img decoding=\"async\" class=\"alignnone wp-image-4454\" src=\"https:\/\/powiatlwowecki.pl\/wp-content\/uploads\/2023\/05\/DSC4921-169x300.jpg\" alt=\"\" width=\"1385\" height=\"2459\" srcset=\"https:\/\/powiatlwowecki.pl\/wp-content\/uploads\/2023\/05\/DSC4921-13x24.jpg 13w, https:\/\/powiatlwowecki.pl\/wp-content\/uploads\/2023\/05\/DSC4921-20x36.jpg 20w, https:\/\/powiatlwowecki.pl\/wp-content\/uploads\/2023\/05\/DSC4921-27x48.jpg 27w, https:\/\/powiatlwowecki.pl\/wp-content\/uploads\/2023\/05\/DSC4921-169x300.jpg 169w, https:\/\/powiatlwowecki.pl\/wp-content\/uploads\/2023\/05\/DSC4921-200x356.jpg 200w\" sizes=\"(max-width: 1385px) 100vw, 1385px\" \/><\/p>\n<\/div><div class=\"awb-gallery-wrapper awb-gallery-wrapper-1 button-span-no\" style=\"--more-btn-alignment:center;\"><div style=\"margin:-5px;--awb-bordersize:0px;\" class=\"fusion-gallery fusion-gallery-container fusion-grid-3 fusion-columns-total-22 fusion-gallery-layout-grid fusion-gallery-1\"><div style=\"padding:5px;\" class=\"fusion-grid-column fusion-gallery-column fusion-gallery-column-3 hover-type-none\"><div class=\"fusion-gallery-image\"><a href=\"https:\/\/powiatlwowecki.pl\/wp-content\/uploads\/2023\/05\/DSC4930-scaled.jpg\" rel=\"noreferrer\" data-rel=\"iLightbox[gallery_image_1]\" class=\"fusion-lightbox\" target=\"_self\"><img decoding=\"async\" src=\"https:\/\/powiatlwowecki.pl\/wp-content\/uploads\/2023\/05\/DSC4930-scaled.jpg\" width=\"2560\" height=\"1438\" alt=\"\" title=\"_DSC4930\" aria-label=\"_DSC4930\" class=\"img-responsive wp-image-4455\" srcset=\"https:\/\/powiatlwowecki.pl\/wp-content\/uploads\/2023\/05\/DSC4930-200x112.jpg 200w, https:\/\/powiatlwowecki.pl\/wp-content\/uploads\/2023\/05\/DSC4930-400x225.jpg 400w, https:\/\/powiatlwowecki.pl\/wp-content\/uploads\/2023\/05\/DSC4930-600x337.jpg 600w, https:\/\/powiatlwowecki.pl\/wp-content\/uploads\/2023\/05\/DSC4930-800x450.jpg 800w, https:\/\/powiatlwowecki.pl\/wp-content\/uploads\/2023\/05\/DSC4930-1200x674.jpg 1200w, https:\/\/powiatlwowecki.pl\/wp-content\/uploads\/2023\/05\/DSC4930-scaled.jpg 2560w\" sizes=\"(min-width: 2200px) 100vw, (min-width: 784px) 397px, (min-width: 712px) 595px, (min-width: 640px) 712px, \" \/><\/a><\/div><\/div><div style=\"padding:5px;\" class=\"fusion-grid-column fusion-gallery-column fusion-gallery-column-3 hover-type-none\"><div class=\"fusion-gallery-image\"><a href=\"https:\/\/powiatlwowecki.pl\/wp-content\/uploads\/2023\/05\/DSC4932-scaled.jpg\" rel=\"noreferrer\" data-rel=\"iLightbox[gallery_image_1]\" class=\"fusion-lightbox\" target=\"_self\"><img decoding=\"async\" src=\"https:\/\/powiatlwowecki.pl\/wp-content\/uploads\/2023\/05\/DSC4932-scaled.jpg\" width=\"2560\" height=\"1438\" alt=\"\" title=\"_DSC4932\" aria-label=\"_DSC4932\" class=\"img-responsive wp-image-4456\" srcset=\"https:\/\/powiatlwowecki.pl\/wp-content\/uploads\/2023\/05\/DSC4932-200x112.jpg 200w, https:\/\/powiatlwowecki.pl\/wp-content\/uploads\/2023\/05\/DSC4932-400x225.jpg 400w, https:\/\/powiatlwowecki.pl\/wp-content\/uploads\/2023\/05\/DSC4932-600x337.jpg 600w, https:\/\/powiatlwowecki.pl\/wp-content\/uploads\/2023\/05\/DSC4932-800x450.jpg 800w, https:\/\/powiatlwowecki.pl\/wp-content\/uploads\/2023\/05\/DSC4932-1200x674.jpg 1200w, https:\/\/powiatlwowecki.pl\/wp-content\/uploads\/2023\/05\/DSC4932-scaled.jpg 2560w\" sizes=\"(min-width: 2200px) 100vw, (min-width: 784px) 397px, (min-width: 712px) 595px, (min-width: 640px) 712px, \" \/><\/a><\/div><\/div><div style=\"padding:5px;\" class=\"fusion-grid-column fusion-gallery-column fusion-gallery-column-3 hover-type-none\"><div class=\"fusion-gallery-image\"><a href=\"https:\/\/powiatlwowecki.pl\/wp-content\/uploads\/2023\/05\/DSC4953-scaled.jpg\" rel=\"noreferrer\" data-rel=\"iLightbox[gallery_image_1]\" class=\"fusion-lightbox\" target=\"_self\"><img decoding=\"async\" src=\"https:\/\/powiatlwowecki.pl\/wp-content\/uploads\/2023\/05\/DSC4953-scaled.jpg\" width=\"1438\" height=\"2560\" alt=\"\" title=\"_DSC4953\" aria-label=\"_DSC4953\" class=\"img-responsive wp-image-4457\" srcset=\"https:\/\/powiatlwowecki.pl\/wp-content\/uploads\/2023\/05\/DSC4953-200x356.jpg 200w, https:\/\/powiatlwowecki.pl\/wp-content\/uploads\/2023\/05\/DSC4953-400x712.jpg 400w, https:\/\/powiatlwowecki.pl\/wp-content\/uploads\/2023\/05\/DSC4953-600x1068.jpg 600w, https:\/\/powiatlwowecki.pl\/wp-content\/uploads\/2023\/05\/DSC4953-800x1424.jpg 800w, https:\/\/powiatlwowecki.pl\/wp-content\/uploads\/2023\/05\/DSC4953-1200x2136.jpg 1200w, https:\/\/powiatlwowecki.pl\/wp-content\/uploads\/2023\/05\/DSC4953-scaled.jpg 1438w\" sizes=\"(min-width: 2200px) 100vw, (min-width: 784px) 397px, (min-width: 712px) 595px, (min-width: 640px) 712px, \" \/><\/a><\/div><\/div><div class=\"clearfix\"><\/div><div style=\"padding:5px;\" class=\"fusion-grid-column fusion-gallery-column fusion-gallery-column-3 hover-type-none\"><div class=\"fusion-gallery-image\"><a href=\"https:\/\/powiatlwowecki.pl\/wp-content\/uploads\/2023\/05\/DSC4955-scaled.jpg\" rel=\"noreferrer\" data-rel=\"iLightbox[gallery_image_1]\" class=\"fusion-lightbox\" target=\"_self\"><img decoding=\"async\" src=\"https:\/\/powiatlwowecki.pl\/wp-content\/uploads\/2023\/05\/DSC4955-scaled.jpg\" width=\"1438\" height=\"2560\" alt=\"\" title=\"_DSC4955\" aria-label=\"_DSC4955\" class=\"img-responsive wp-image-4458\" srcset=\"https:\/\/powiatlwowecki.pl\/wp-content\/uploads\/2023\/05\/DSC4955-200x356.jpg 200w, https:\/\/powiatlwowecki.pl\/wp-content\/uploads\/2023\/05\/DSC4955-400x712.jpg 400w, https:\/\/powiatlwowecki.pl\/wp-content\/uploads\/2023\/05\/DSC4955-600x1068.jpg 600w, https:\/\/powiatlwowecki.pl\/wp-content\/uploads\/2023\/05\/DSC4955-800x1424.jpg 800w, https:\/\/powiatlwowecki.pl\/wp-content\/uploads\/2023\/05\/DSC4955-1200x2136.jpg 1200w, https:\/\/powiatlwowecki.pl\/wp-content\/uploads\/2023\/05\/DSC4955-scaled.jpg 1438w\" sizes=\"(min-width: 2200px) 100vw, (min-width: 784px) 397px, (min-width: 712px) 595px, (min-width: 640px) 712px, \" \/><\/a><\/div><\/div><div style=\"padding:5px;\" class=\"fusion-grid-column fusion-gallery-column fusion-gallery-column-3 hover-type-none\"><div class=\"fusion-gallery-image\"><a href=\"https:\/\/powiatlwowecki.pl\/wp-content\/uploads\/2023\/05\/DSC4959-scaled.jpg\" rel=\"noreferrer\" data-rel=\"iLightbox[gallery_image_1]\" class=\"fusion-lightbox\" target=\"_self\"><img decoding=\"async\" src=\"https:\/\/powiatlwowecki.pl\/wp-content\/uploads\/2023\/05\/DSC4959-scaled.jpg\" width=\"2560\" height=\"1438\" alt=\"\" title=\"_DSC4959\" aria-label=\"_DSC4959\" class=\"img-responsive wp-image-4459\" srcset=\"https:\/\/powiatlwowecki.pl\/wp-content\/uploads\/2023\/05\/DSC4959-200x112.jpg 200w, https:\/\/powiatlwowecki.pl\/wp-content\/uploads\/2023\/05\/DSC4959-400x225.jpg 400w, https:\/\/powiatlwowecki.pl\/wp-content\/uploads\/2023\/05\/DSC4959-600x337.jpg 600w, https:\/\/powiatlwowecki.pl\/wp-content\/uploads\/2023\/05\/DSC4959-800x450.jpg 800w, https:\/\/powiatlwowecki.pl\/wp-content\/uploads\/2023\/05\/DSC4959-1200x674.jpg 1200w, https:\/\/powiatlwowecki.pl\/wp-content\/uploads\/2023\/05\/DSC4959-scaled.jpg 2560w\" sizes=\"(min-width: 2200px) 100vw, (min-width: 784px) 397px, (min-width: 712px) 595px, (min-width: 640px) 712px, \" \/><\/a><\/div><\/div><div style=\"padding:5px;\" class=\"fusion-grid-column fusion-gallery-column fusion-gallery-column-3 hover-type-none\"><div class=\"fusion-gallery-image\"><a href=\"https:\/\/powiatlwowecki.pl\/wp-content\/uploads\/2023\/05\/DSC4962-scaled.jpg\" rel=\"noreferrer\" data-rel=\"iLightbox[gallery_image_1]\" class=\"fusion-lightbox\" target=\"_self\"><img decoding=\"async\" src=\"https:\/\/powiatlwowecki.pl\/wp-content\/uploads\/2023\/05\/DSC4962-scaled.jpg\" width=\"2560\" height=\"1438\" alt=\"\" title=\"_DSC4962\" aria-label=\"_DSC4962\" class=\"img-responsive wp-image-4460\" srcset=\"https:\/\/powiatlwowecki.pl\/wp-content\/uploads\/2023\/05\/DSC4962-200x112.jpg 200w, https:\/\/powiatlwowecki.pl\/wp-content\/uploads\/2023\/05\/DSC4962-400x225.jpg 400w, https:\/\/powiatlwowecki.pl\/wp-content\/uploads\/2023\/05\/DSC4962-600x337.jpg 600w, https:\/\/powiatlwowecki.pl\/wp-content\/uploads\/2023\/05\/DSC4962-800x450.jpg 800w, https:\/\/powiatlwowecki.pl\/wp-content\/uploads\/2023\/05\/DSC4962-1200x674.jpg 1200w, https:\/\/powiatlwowecki.pl\/wp-content\/uploads\/2023\/05\/DSC4962-scaled.jpg 2560w\" sizes=\"(min-width: 2200px) 100vw, (min-width: 784px) 397px, (min-width: 712px) 595px, (min-width: 640px) 712px, \" \/><\/a><\/div><\/div><div class=\"clearfix\"><\/div><div style=\"padding:5px;\" class=\"fusion-grid-column fusion-gallery-column fusion-gallery-column-3 hover-type-none\"><div class=\"fusion-gallery-image\"><a href=\"https:\/\/powiatlwowecki.pl\/wp-content\/uploads\/2023\/05\/DSC4988-scaled.jpg\" rel=\"noreferrer\" data-rel=\"iLightbox[gallery_image_1]\" class=\"fusion-lightbox\" target=\"_self\"><img decoding=\"async\" src=\"https:\/\/powiatlwowecki.pl\/wp-content\/uploads\/2023\/05\/DSC4988-scaled.jpg\" width=\"2560\" height=\"1438\" alt=\"\" title=\"_DSC4988\" aria-label=\"_DSC4988\" class=\"img-responsive wp-image-4461\" srcset=\"https:\/\/powiatlwowecki.pl\/wp-content\/uploads\/2023\/05\/DSC4988-200x112.jpg 200w, https:\/\/powiatlwowecki.pl\/wp-content\/uploads\/2023\/05\/DSC4988-400x225.jpg 400w, https:\/\/powiatlwowecki.pl\/wp-content\/uploads\/2023\/05\/DSC4988-600x337.jpg 600w, https:\/\/powiatlwowecki.pl\/wp-content\/uploads\/2023\/05\/DSC4988-800x450.jpg 800w, https:\/\/powiatlwowecki.pl\/wp-content\/uploads\/2023\/05\/DSC4988-1200x674.jpg 1200w, https:\/\/powiatlwowecki.pl\/wp-content\/uploads\/2023\/05\/DSC4988-scaled.jpg 2560w\" sizes=\"(min-width: 2200px) 100vw, (min-width: 784px) 397px, (min-width: 712px) 595px, (min-width: 640px) 712px, \" \/><\/a><\/div><\/div><div style=\"padding:5px;\" class=\"fusion-grid-column fusion-gallery-column fusion-gallery-column-3 hover-type-none\"><div class=\"fusion-gallery-image\"><a href=\"https:\/\/powiatlwowecki.pl\/wp-content\/uploads\/2023\/05\/IMG_0079-scaled.jpg\" rel=\"noreferrer\" data-rel=\"iLightbox[gallery_image_1]\" class=\"fusion-lightbox\" target=\"_self\"><img decoding=\"async\" src=\"https:\/\/powiatlwowecki.pl\/wp-content\/uploads\/2023\/05\/IMG_0079-scaled.jpg\" width=\"1920\" height=\"2560\" alt=\"\" title=\"IMG_0079\" aria-label=\"IMG_0079\" class=\"img-responsive wp-image-4475\" srcset=\"https:\/\/powiatlwowecki.pl\/wp-content\/uploads\/2023\/05\/IMG_0079-200x267.jpg 200w, https:\/\/powiatlwowecki.pl\/wp-content\/uploads\/2023\/05\/IMG_0079-400x533.jpg 400w, https:\/\/powiatlwowecki.pl\/wp-content\/uploads\/2023\/05\/IMG_0079-600x800.jpg 600w, https:\/\/powiatlwowecki.pl\/wp-content\/uploads\/2023\/05\/IMG_0079-800x1067.jpg 800w, https:\/\/powiatlwowecki.pl\/wp-content\/uploads\/2023\/05\/IMG_0079-1200x1600.jpg 1200w, https:\/\/powiatlwowecki.pl\/wp-content\/uploads\/2023\/05\/IMG_0079-scaled.jpg 1920w\" sizes=\"(min-width: 2200px) 100vw, (min-width: 784px) 397px, (min-width: 712px) 595px, (min-width: 640px) 712px, \" \/><\/a><\/div><\/div><div style=\"padding:5px;\" class=\"fusion-grid-column fusion-gallery-column fusion-gallery-column-3 hover-type-none\"><div class=\"fusion-gallery-image\"><a href=\"https:\/\/powiatlwowecki.pl\/wp-content\/uploads\/2023\/05\/DSC4995-scaled.jpg\" rel=\"noreferrer\" data-rel=\"iLightbox[gallery_image_1]\" class=\"fusion-lightbox\" target=\"_self\"><img decoding=\"async\" src=\"https:\/\/powiatlwowecki.pl\/wp-content\/uploads\/2023\/05\/DSC4995-scaled.jpg\" width=\"1438\" height=\"2560\" alt=\"\" title=\"_DSC4995\" aria-label=\"_DSC4995\" class=\"img-responsive wp-image-4462\" srcset=\"https:\/\/powiatlwowecki.pl\/wp-content\/uploads\/2023\/05\/DSC4995-200x356.jpg 200w, https:\/\/powiatlwowecki.pl\/wp-content\/uploads\/2023\/05\/DSC4995-400x712.jpg 400w, https:\/\/powiatlwowecki.pl\/wp-content\/uploads\/2023\/05\/DSC4995-600x1068.jpg 600w, https:\/\/powiatlwowecki.pl\/wp-content\/uploads\/2023\/05\/DSC4995-800x1424.jpg 800w, https:\/\/powiatlwowecki.pl\/wp-content\/uploads\/2023\/05\/DSC4995-1200x2136.jpg 1200w, https:\/\/powiatlwowecki.pl\/wp-content\/uploads\/2023\/05\/DSC4995-scaled.jpg 1438w\" sizes=\"(min-width: 2200px) 100vw, (min-width: 784px) 397px, (min-width: 712px) 595px, (min-width: 640px) 712px, \" \/><\/a><\/div><\/div><div class=\"clearfix\"><\/div><div style=\"padding:5px;\" class=\"fusion-grid-column fusion-gallery-column fusion-gallery-column-3 hover-type-none\"><div class=\"fusion-gallery-image\"><a href=\"https:\/\/powiatlwowecki.pl\/wp-content\/uploads\/2023\/05\/DSC4998-scaled.jpg\" rel=\"noreferrer\" data-rel=\"iLightbox[gallery_image_1]\" class=\"fusion-lightbox\" target=\"_self\"><img decoding=\"async\" src=\"https:\/\/powiatlwowecki.pl\/wp-content\/uploads\/2023\/05\/DSC4998-scaled.jpg\" width=\"2560\" height=\"1438\" alt=\"\" title=\"_DSC4998\" aria-label=\"_DSC4998\" class=\"img-responsive wp-image-4463\" srcset=\"https:\/\/powiatlwowecki.pl\/wp-content\/uploads\/2023\/05\/DSC4998-200x112.jpg 200w, https:\/\/powiatlwowecki.pl\/wp-content\/uploads\/2023\/05\/DSC4998-400x225.jpg 400w, https:\/\/powiatlwowecki.pl\/wp-content\/uploads\/2023\/05\/DSC4998-600x337.jpg 600w, https:\/\/powiatlwowecki.pl\/wp-content\/uploads\/2023\/05\/DSC4998-800x450.jpg 800w, https:\/\/powiatlwowecki.pl\/wp-content\/uploads\/2023\/05\/DSC4998-1200x674.jpg 1200w, https:\/\/powiatlwowecki.pl\/wp-content\/uploads\/2023\/05\/DSC4998-scaled.jpg 2560w\" sizes=\"(min-width: 2200px) 100vw, (min-width: 784px) 397px, (min-width: 712px) 595px, (min-width: 640px) 712px, \" \/><\/a><\/div><\/div><div style=\"padding:5px;\" class=\"fusion-grid-column fusion-gallery-column fusion-gallery-column-3 hover-type-none\"><div class=\"fusion-gallery-image\"><a href=\"https:\/\/powiatlwowecki.pl\/wp-content\/uploads\/2023\/05\/DSC5000-scaled.jpg\" rel=\"noreferrer\" data-rel=\"iLightbox[gallery_image_1]\" class=\"fusion-lightbox\" target=\"_self\"><img decoding=\"async\" src=\"https:\/\/powiatlwowecki.pl\/wp-content\/uploads\/2023\/05\/DSC5000-scaled.jpg\" width=\"2560\" height=\"1438\" alt=\"\" title=\"_DSC5000\" aria-label=\"_DSC5000\" class=\"img-responsive wp-image-4464\" srcset=\"https:\/\/powiatlwowecki.pl\/wp-content\/uploads\/2023\/05\/DSC5000-200x112.jpg 200w, https:\/\/powiatlwowecki.pl\/wp-content\/uploads\/2023\/05\/DSC5000-400x225.jpg 400w, https:\/\/powiatlwowecki.pl\/wp-content\/uploads\/2023\/05\/DSC5000-600x337.jpg 600w, https:\/\/powiatlwowecki.pl\/wp-content\/uploads\/2023\/05\/DSC5000-800x450.jpg 800w, https:\/\/powiatlwowecki.pl\/wp-content\/uploads\/2023\/05\/DSC5000-1200x674.jpg 1200w, https:\/\/powiatlwowecki.pl\/wp-content\/uploads\/2023\/05\/DSC5000-scaled.jpg 2560w\" sizes=\"(min-width: 2200px) 100vw, (min-width: 784px) 397px, (min-width: 712px) 595px, (min-width: 640px) 712px, \" \/><\/a><\/div><\/div><div style=\"padding:5px;\" class=\"fusion-grid-column fusion-gallery-column fusion-gallery-column-3 hover-type-none\"><div class=\"fusion-gallery-image\"><a href=\"https:\/\/powiatlwowecki.pl\/wp-content\/uploads\/2023\/05\/DSC5002-scaled.jpg\" rel=\"noreferrer\" data-rel=\"iLightbox[gallery_image_1]\" class=\"fusion-lightbox\" target=\"_self\"><img decoding=\"async\" src=\"https:\/\/powiatlwowecki.pl\/wp-content\/uploads\/2023\/05\/DSC5002-scaled.jpg\" width=\"2560\" height=\"1438\" alt=\"\" title=\"_DSC5002\" aria-label=\"_DSC5002\" class=\"img-responsive wp-image-4465\" srcset=\"https:\/\/powiatlwowecki.pl\/wp-content\/uploads\/2023\/05\/DSC5002-200x112.jpg 200w, https:\/\/powiatlwowecki.pl\/wp-content\/uploads\/2023\/05\/DSC5002-400x225.jpg 400w, https:\/\/powiatlwowecki.pl\/wp-content\/uploads\/2023\/05\/DSC5002-600x337.jpg 600w, https:\/\/powiatlwowecki.pl\/wp-content\/uploads\/2023\/05\/DSC5002-800x450.jpg 800w, https:\/\/powiatlwowecki.pl\/wp-content\/uploads\/2023\/05\/DSC5002-1200x674.jpg 1200w, https:\/\/powiatlwowecki.pl\/wp-content\/uploads\/2023\/05\/DSC5002-scaled.jpg 2560w\" sizes=\"(min-width: 2200px) 100vw, (min-width: 784px) 397px, (min-width: 712px) 595px, (min-width: 640px) 712px, \" \/><\/a><\/div><\/div><div class=\"clearfix\"><\/div><div style=\"padding:5px;\" class=\"fusion-grid-column fusion-gallery-column fusion-gallery-column-3 hover-type-none\"><div class=\"fusion-gallery-image\"><a href=\"https:\/\/powiatlwowecki.pl\/wp-content\/uploads\/2023\/05\/DSC5005-scaled.jpg\" rel=\"noreferrer\" data-rel=\"iLightbox[gallery_image_1]\" class=\"fusion-lightbox\" target=\"_self\"><img decoding=\"async\" src=\"https:\/\/powiatlwowecki.pl\/wp-content\/uploads\/2023\/05\/DSC5005-scaled.jpg\" width=\"2560\" height=\"1438\" alt=\"\" title=\"_DSC5005\" aria-label=\"_DSC5005\" class=\"img-responsive wp-image-4466\" srcset=\"https:\/\/powiatlwowecki.pl\/wp-content\/uploads\/2023\/05\/DSC5005-200x112.jpg 200w, https:\/\/powiatlwowecki.pl\/wp-content\/uploads\/2023\/05\/DSC5005-400x225.jpg 400w, https:\/\/powiatlwowecki.pl\/wp-content\/uploads\/2023\/05\/DSC5005-600x337.jpg 600w, https:\/\/powiatlwowecki.pl\/wp-content\/uploads\/2023\/05\/DSC5005-800x450.jpg 800w, https:\/\/powiatlwowecki.pl\/wp-content\/uploads\/2023\/05\/DSC5005-1200x674.jpg 1200w, https:\/\/powiatlwowecki.pl\/wp-content\/uploads\/2023\/05\/DSC5005-scaled.jpg 2560w\" sizes=\"(min-width: 2200px) 100vw, (min-width: 784px) 397px, (min-width: 712px) 595px, (min-width: 640px) 712px, \" \/><\/a><\/div><\/div><div style=\"padding:5px;\" class=\"fusion-grid-column fusion-gallery-column fusion-gallery-column-3 hover-type-none\"><div class=\"fusion-gallery-image\"><a href=\"https:\/\/powiatlwowecki.pl\/wp-content\/uploads\/2023\/05\/DSC5008-scaled.jpg\" rel=\"noreferrer\" data-rel=\"iLightbox[gallery_image_1]\" class=\"fusion-lightbox\" target=\"_self\"><img decoding=\"async\" src=\"https:\/\/powiatlwowecki.pl\/wp-content\/uploads\/2023\/05\/DSC5008-scaled.jpg\" width=\"2560\" height=\"1438\" alt=\"\" title=\"_DSC5008\" aria-label=\"_DSC5008\" class=\"img-responsive wp-image-4467\" srcset=\"https:\/\/powiatlwowecki.pl\/wp-content\/uploads\/2023\/05\/DSC5008-200x112.jpg 200w, https:\/\/powiatlwowecki.pl\/wp-content\/uploads\/2023\/05\/DSC5008-400x225.jpg 400w, https:\/\/powiatlwowecki.pl\/wp-content\/uploads\/2023\/05\/DSC5008-600x337.jpg 600w, https:\/\/powiatlwowecki.pl\/wp-content\/uploads\/2023\/05\/DSC5008-800x450.jpg 800w, https:\/\/powiatlwowecki.pl\/wp-content\/uploads\/2023\/05\/DSC5008-1200x674.jpg 1200w, https:\/\/powiatlwowecki.pl\/wp-content\/uploads\/2023\/05\/DSC5008-scaled.jpg 2560w\" sizes=\"(min-width: 2200px) 100vw, (min-width: 784px) 397px, (min-width: 712px) 595px, (min-width: 640px) 712px, \" \/><\/a><\/div><\/div><div style=\"padding:5px;\" class=\"fusion-grid-column fusion-gallery-column fusion-gallery-column-3 hover-type-none\"><div class=\"fusion-gallery-image\"><a href=\"https:\/\/powiatlwowecki.pl\/wp-content\/uploads\/2023\/05\/DSC5011-scaled.jpg\" rel=\"noreferrer\" data-rel=\"iLightbox[gallery_image_1]\" class=\"fusion-lightbox\" target=\"_self\"><img decoding=\"async\" src=\"https:\/\/powiatlwowecki.pl\/wp-content\/uploads\/2023\/05\/DSC5011-scaled.jpg\" width=\"1438\" height=\"2560\" alt=\"\" title=\"_DSC5011\" aria-label=\"_DSC5011\" class=\"img-responsive wp-image-4468\" srcset=\"https:\/\/powiatlwowecki.pl\/wp-content\/uploads\/2023\/05\/DSC5011-200x356.jpg 200w, https:\/\/powiatlwowecki.pl\/wp-content\/uploads\/2023\/05\/DSC5011-400x712.jpg 400w, https:\/\/powiatlwowecki.pl\/wp-content\/uploads\/2023\/05\/DSC5011-600x1068.jpg 600w, https:\/\/powiatlwowecki.pl\/wp-content\/uploads\/2023\/05\/DSC5011-800x1424.jpg 800w, https:\/\/powiatlwowecki.pl\/wp-content\/uploads\/2023\/05\/DSC5011-1200x2136.jpg 1200w, https:\/\/powiatlwowecki.pl\/wp-content\/uploads\/2023\/05\/DSC5011-scaled.jpg 1438w\" sizes=\"(min-width: 2200px) 100vw, (min-width: 784px) 397px, (min-width: 712px) 595px, (min-width: 640px) 712px, \" \/><\/a><\/div><\/div><div class=\"clearfix\"><\/div><div style=\"padding:5px;\" class=\"fusion-grid-column fusion-gallery-column fusion-gallery-column-3 hover-type-none\"><div class=\"fusion-gallery-image\"><a href=\"https:\/\/powiatlwowecki.pl\/wp-content\/uploads\/2023\/05\/DSC5014-scaled.jpg\" rel=\"noreferrer\" data-rel=\"iLightbox[gallery_image_1]\" class=\"fusion-lightbox\" target=\"_self\"><img decoding=\"async\" src=\"https:\/\/powiatlwowecki.pl\/wp-content\/uploads\/2023\/05\/DSC5014-scaled.jpg\" width=\"2560\" height=\"1438\" alt=\"\" title=\"_DSC5014\" aria-label=\"_DSC5014\" class=\"img-responsive wp-image-4469\" srcset=\"https:\/\/powiatlwowecki.pl\/wp-content\/uploads\/2023\/05\/DSC5014-200x112.jpg 200w, https:\/\/powiatlwowecki.pl\/wp-content\/uploads\/2023\/05\/DSC5014-400x225.jpg 400w, https:\/\/powiatlwowecki.pl\/wp-content\/uploads\/2023\/05\/DSC5014-600x337.jpg 600w, https:\/\/powiatlwowecki.pl\/wp-content\/uploads\/2023\/05\/DSC5014-800x450.jpg 800w, https:\/\/powiatlwowecki.pl\/wp-content\/uploads\/2023\/05\/DSC5014-1200x674.jpg 1200w, https:\/\/powiatlwowecki.pl\/wp-content\/uploads\/2023\/05\/DSC5014-scaled.jpg 2560w\" sizes=\"(min-width: 2200px) 100vw, (min-width: 784px) 397px, (min-width: 712px) 595px, (min-width: 640px) 712px, \" \/><\/a><\/div><\/div><div style=\"padding:5px;\" class=\"fusion-grid-column fusion-gallery-column fusion-gallery-column-3 hover-type-none\"><div class=\"fusion-gallery-image\"><a href=\"https:\/\/powiatlwowecki.pl\/wp-content\/uploads\/2023\/05\/DSC5016-scaled.jpg\" rel=\"noreferrer\" data-rel=\"iLightbox[gallery_image_1]\" class=\"fusion-lightbox\" target=\"_self\"><img decoding=\"async\" src=\"https:\/\/powiatlwowecki.pl\/wp-content\/uploads\/2023\/05\/DSC5016-scaled.jpg\" width=\"2560\" height=\"1438\" alt=\"\" title=\"_DSC5016\" aria-label=\"_DSC5016\" class=\"img-responsive wp-image-4470\" srcset=\"https:\/\/powiatlwowecki.pl\/wp-content\/uploads\/2023\/05\/DSC5016-200x112.jpg 200w, https:\/\/powiatlwowecki.pl\/wp-content\/uploads\/2023\/05\/DSC5016-400x225.jpg 400w, https:\/\/powiatlwowecki.pl\/wp-content\/uploads\/2023\/05\/DSC5016-600x337.jpg 600w, https:\/\/powiatlwowecki.pl\/wp-content\/uploads\/2023\/05\/DSC5016-800x450.jpg 800w, https:\/\/powiatlwowecki.pl\/wp-content\/uploads\/2023\/05\/DSC5016-1200x674.jpg 1200w, https:\/\/powiatlwowecki.pl\/wp-content\/uploads\/2023\/05\/DSC5016-scaled.jpg 2560w\" sizes=\"(min-width: 2200px) 100vw, (min-width: 784px) 397px, (min-width: 712px) 595px, (min-width: 640px) 712px, \" \/><\/a><\/div><\/div><div style=\"padding:5px;\" class=\"fusion-grid-column fusion-gallery-column fusion-gallery-column-3 hover-type-none\"><div class=\"fusion-gallery-image\"><a href=\"https:\/\/powiatlwowecki.pl\/wp-content\/uploads\/2023\/05\/DSC5018-scaled.jpg\" rel=\"noreferrer\" data-rel=\"iLightbox[gallery_image_1]\" class=\"fusion-lightbox\" target=\"_self\"><img decoding=\"async\" src=\"https:\/\/powiatlwowecki.pl\/wp-content\/uploads\/2023\/05\/DSC5018-scaled.jpg\" width=\"2560\" height=\"1438\" alt=\"\" title=\"_DSC5018\" aria-label=\"_DSC5018\" class=\"img-responsive wp-image-4471\" srcset=\"https:\/\/powiatlwowecki.pl\/wp-content\/uploads\/2023\/05\/DSC5018-200x112.jpg 200w, https:\/\/powiatlwowecki.pl\/wp-content\/uploads\/2023\/05\/DSC5018-400x225.jpg 400w, https:\/\/powiatlwowecki.pl\/wp-content\/uploads\/2023\/05\/DSC5018-600x337.jpg 600w, https:\/\/powiatlwowecki.pl\/wp-content\/uploads\/2023\/05\/DSC5018-800x450.jpg 800w, https:\/\/powiatlwowecki.pl\/wp-content\/uploads\/2023\/05\/DSC5018-1200x674.jpg 1200w, https:\/\/powiatlwowecki.pl\/wp-content\/uploads\/2023\/05\/DSC5018-scaled.jpg 2560w\" sizes=\"(min-width: 2200px) 100vw, (min-width: 784px) 397px, (min-width: 712px) 595px, (min-width: 640px) 712px, \" \/><\/a><\/div><\/div><div class=\"clearfix\"><\/div><div style=\"padding:5px;\" class=\"fusion-grid-column fusion-gallery-column fusion-gallery-column-3 hover-type-none\"><div class=\"fusion-gallery-image\"><a href=\"https:\/\/powiatlwowecki.pl\/wp-content\/uploads\/2023\/05\/DSC5020-scaled.jpg\" rel=\"noreferrer\" data-rel=\"iLightbox[gallery_image_1]\" class=\"fusion-lightbox\" target=\"_self\"><img decoding=\"async\" src=\"https:\/\/powiatlwowecki.pl\/wp-content\/uploads\/2023\/05\/DSC5020-scaled.jpg\" width=\"2560\" height=\"1438\" alt=\"\" title=\"_DSC5020\" aria-label=\"_DSC5020\" class=\"img-responsive wp-image-4472\" srcset=\"https:\/\/powiatlwowecki.pl\/wp-content\/uploads\/2023\/05\/DSC5020-200x112.jpg 200w, https:\/\/powiatlwowecki.pl\/wp-content\/uploads\/2023\/05\/DSC5020-400x225.jpg 400w, https:\/\/powiatlwowecki.pl\/wp-content\/uploads\/2023\/05\/DSC5020-600x337.jpg 600w, https:\/\/powiatlwowecki.pl\/wp-content\/uploads\/2023\/05\/DSC5020-800x450.jpg 800w, https:\/\/powiatlwowecki.pl\/wp-content\/uploads\/2023\/05\/DSC5020-1200x674.jpg 1200w, https:\/\/powiatlwowecki.pl\/wp-content\/uploads\/2023\/05\/DSC5020-scaled.jpg 2560w\" sizes=\"(min-width: 2200px) 100vw, (min-width: 784px) 397px, (min-width: 712px) 595px, (min-width: 640px) 712px, \" \/><\/a><\/div><\/div><div style=\"padding:5px;\" class=\"fusion-grid-column fusion-gallery-column fusion-gallery-column-3 hover-type-none\"><div class=\"fusion-gallery-image\"><a href=\"https:\/\/powiatlwowecki.pl\/wp-content\/uploads\/2023\/05\/DSC5032-scaled.jpg\" rel=\"noreferrer\" data-rel=\"iLightbox[gallery_image_1]\" class=\"fusion-lightbox\" target=\"_self\"><img decoding=\"async\" src=\"https:\/\/powiatlwowecki.pl\/wp-content\/uploads\/2023\/05\/DSC5032-scaled.jpg\" width=\"2560\" height=\"1438\" alt=\"\" title=\"_DSC5032\" aria-label=\"_DSC5032\" class=\"img-responsive wp-image-4474\" srcset=\"https:\/\/powiatlwowecki.pl\/wp-content\/uploads\/2023\/05\/DSC5032-200x112.jpg 200w, https:\/\/powiatlwowecki.pl\/wp-content\/uploads\/2023\/05\/DSC5032-400x225.jpg 400w, https:\/\/powiatlwowecki.pl\/wp-content\/uploads\/2023\/05\/DSC5032-600x337.jpg 600w, https:\/\/powiatlwowecki.pl\/wp-content\/uploads\/2023\/05\/DSC5032-800x450.jpg 800w, https:\/\/powiatlwowecki.pl\/wp-content\/uploads\/2023\/05\/DSC5032-1200x674.jpg 1200w, https:\/\/powiatlwowecki.pl\/wp-content\/uploads\/2023\/05\/DSC5032-scaled.jpg 2560w\" sizes=\"(min-width: 2200px) 100vw, (min-width: 784px) 397px, (min-width: 712px) 595px, (min-width: 640px) 712px, \" \/><\/a><\/div><\/div><div style=\"padding:5px;\" class=\"fusion-grid-column fusion-gallery-column fusion-gallery-column-3 hover-type-none\"><div class=\"fusion-gallery-image\"><a href=\"https:\/\/powiatlwowecki.pl\/wp-content\/uploads\/2023\/05\/DSC5037-scaled.jpg\" rel=\"noreferrer\" data-rel=\"iLightbox[gallery_image_1]\" class=\"fusion-lightbox\" target=\"_self\"><img decoding=\"async\" src=\"https:\/\/powiatlwowecki.pl\/wp-content\/uploads\/2023\/05\/DSC5037-scaled.jpg\" width=\"1438\" height=\"2560\" alt=\"\" title=\"_DSC5037\" aria-label=\"_DSC5037\" class=\"img-responsive wp-image-4473\" srcset=\"https:\/\/powiatlwowecki.pl\/wp-content\/uploads\/2023\/05\/DSC5037-200x356.jpg 200w, https:\/\/powiatlwowecki.pl\/wp-content\/uploads\/2023\/05\/DSC5037-400x712.jpg 400w, https:\/\/powiatlwowecki.pl\/wp-content\/uploads\/2023\/05\/DSC5037-600x1068.jpg 600w, https:\/\/powiatlwowecki.pl\/wp-content\/uploads\/2023\/05\/DSC5037-800x1424.jpg 800w, https:\/\/powiatlwowecki.pl\/wp-content\/uploads\/2023\/05\/DSC5037-1200x2136.jpg 1200w, https:\/\/powiatlwowecki.pl\/wp-content\/uploads\/2023\/05\/DSC5037-scaled.jpg 1438w\" sizes=\"(min-width: 2200px) 100vw, (min-width: 784px) 397px, (min-width: 712px) 595px, (min-width: 640px) 712px, \" \/><\/a><\/div><\/div><div class=\"clearfix\"><\/div><div style=\"padding:5px;\" class=\"fusion-grid-column fusion-gallery-column fusion-gallery-column-3 hover-type-none\"><div class=\"fusion-gallery-image\"><a href=\"https:\/\/powiatlwowecki.pl\/wp-content\/uploads\/2023\/05\/DSC4921-scaled.jpg\" rel=\"noreferrer\" data-rel=\"iLightbox[gallery_image_1]\" class=\"fusion-lightbox\" target=\"_self\"><img decoding=\"async\" src=\"https:\/\/powiatlwowecki.pl\/wp-content\/uploads\/2023\/05\/DSC4921-scaled.jpg\" width=\"1438\" height=\"2560\" alt=\"\" title=\"_DSC4921\" aria-label=\"_DSC4921\" class=\"img-responsive wp-image-4454\" srcset=\"https:\/\/powiatlwowecki.pl\/wp-content\/uploads\/2023\/05\/DSC4921-200x356.jpg 200w, https:\/\/powiatlwowecki.pl\/wp-content\/uploads\/2023\/05\/DSC4921-400x712.jpg 400w, https:\/\/powiatlwowecki.pl\/wp-content\/uploads\/2023\/05\/DSC4921-600x1068.jpg 600w, https:\/\/powiatlwowecki.pl\/wp-content\/uploads\/2023\/05\/DSC4921-800x1424.jpg 800w, https:\/\/powiatlwowecki.pl\/wp-content\/uploads\/2023\/05\/DSC4921-1200x2136.jpg 1200w, https:\/\/powiatlwowecki.pl\/wp-content\/uploads\/2023\/05\/DSC4921-scaled.jpg 1438w\" sizes=\"(min-width: 2200px) 100vw, (min-width: 784px) 397px, (min-width: 712px) 595px, (min-width: 640px) 712px, \" \/><\/a><\/div><\/div><\/div><\/div><\/div><\/div><\/div><\/div>\n","protected":false},"excerpt":{"rendered":"","protected":false},"author":8,"featured_media":4474,"comment_status":"closed","ping_status":"closed","sticky":false,"template":"","format":"standard","meta":{"_acf_changed":false,"footnotes":""},"categories":[5],"tags":[],"class_list":["post-4478","post","type-post","status-publish","format-standard","has-post-thumbnail","hentry","category-aktualnosci"],"acf":{"kal_data_wydarzenia":""},"_links":{"self":[{"href":"https:\/\/powiatlwowecki.pl\/plci_json_endpoint\/wp\/v2\/posts\/4478","targetHints":{"allow":["GET"]}}],"collection":[{"href":"https:\/\/powiatlwowecki.pl\/plci_json_endpoint\/wp\/v2\/posts"}],"about":[{"href":"https:\/\/powiatlwowecki.pl\/plci_json_endpoint\/wp\/v2\/types\/post"}],"author":[{"embeddable":true,"href":"https:\/\/powiatlwowecki.pl\/plci_json_endpoint\/wp\/v2\/users\/8"}],"replies":[{"embeddable":true,"href":"https:\/\/powiatlwowecki.pl\/plci_json_endpoint\/wp\/v2\/comments?post=4478"}],"version-history":[{"count":0,"href":"https:\/\/powiatlwowecki.pl\/plci_json_endpoint\/wp\/v2\/posts\/4478\/revisions"}],"wp:featuredmedia":[{"embeddable":true,"href":"https:\/\/powiatlwowecki.pl\/plci_json_endpoint\/wp\/v2\/media\/4474"}],"wp:attachment":[{"href":"https:\/\/powiatlwowecki.pl\/plci_json_endpoint\/wp\/v2\/media?parent=4478"}],"wp:term":[{"taxonomy":"category","embeddable":true,"href":"https:\/\/powiatlwowecki.pl\/plci_json_endpoint\/wp\/v2\/categories?post=4478"},{"taxonomy":"post_tag","embeddable":true,"href":"https:\/\/powiatlwowecki.pl\/plci_json_endpoint\/wp\/v2\/tags?post=4478"}],"curies":[{"name":"wp","href":"https:\/\/api.w.org\/{rel}","templated":true}]}}