{"id":4367,"date":"2023-05-04T15:12:52","date_gmt":"2023-05-04T13:12:52","guid":{"rendered":"https:\/\/powiatlwowecki.pl\/?p=4367"},"modified":"2023-05-04T15:15:26","modified_gmt":"2023-05-04T13:15:26","slug":"miedzynarodowy-dzien-strazaka","status":"publish","type":"post","link":"https:\/\/powiatlwowecki.pl\/miedzynarodowy-dzien-strazaka\/","title":{"rendered":"Mi\u0119dzynarodowy Dzie\u0144 Stra\u017caka"},"content":{"rendered":"<div class=\"fusion-fullwidth fullwidth-box fusion-builder-row-1 fusion-flex-container has-pattern-background has-mask-background nonhundred-percent-fullwidth non-hundred-percent-height-scrolling\" style=\"--awb-border-radius-top-left:0px;--awb-border-radius-top-right:0px;--awb-border-radius-bottom-right:0px;--awb-border-radius-bottom-left:0px;--awb-flex-wrap:wrap;\" ><div class=\"fusion-builder-row fusion-row fusion-flex-align-items-flex-start fusion-flex-content-wrap\" style=\"max-width:1248px;margin-left: calc(-4% \/ 2 );margin-right: calc(-4% \/ 2 );\"><div class=\"fusion-layout-column fusion_builder_column fusion-builder-column-0 fusion_builder_column_2_3 2_3 fusion-flex-column\" style=\"--awb-bg-size:cover;--awb-width-large:66.666666666667%;--awb-margin-top-large:0px;--awb-spacing-right-large:2.88%;--awb-margin-bottom-large:20px;--awb-spacing-left-large:2.88%;--awb-width-medium:100%;--awb-order-medium:0;--awb-spacing-right-medium:1.92%;--awb-spacing-left-medium:1.92%;--awb-width-small:100%;--awb-order-small:0;--awb-spacing-right-small:1.92%;--awb-spacing-left-small:1.92%;\"><div class=\"fusion-column-wrapper fusion-column-has-shadow fusion-flex-justify-content-flex-start fusion-content-layout-column\"><div class=\"fusion-text fusion-text-1\"><p>Z okazji tegorocznego Dnia Stra\u017caka wszystkim, kt\u00f3rzy zawodowo i spo\u0142ecznie pe\u0142ni\u0105 zaszczytn\u0105 s\u0142u\u017cb\u0119 po\u017carnicz\u0105 dla Rzeczpospolitej Polskiej przekazujemy wyrazy najwy\u017cszego uznania.<\/p>\n<p>\u201eBogu na chwa\u0142\u0119, ludziom na ratunek\u201d- ta dewiza przy\u015bwieca Wam ka\u017cdego dnia. Wasza s\u0142u\u017cba zas\u0142uguj\u0119 na najwy\u017csz\u0105 pochwa\u0142\u0119 i s\u0142owa wdzi\u0119czno\u015bci. Wielokrotnie z nara\u017ceniem w\u0142asnego \u017cycia ratujecie innych ludzi i ich dobytek. Za codzienn\u0105 gotowo\u015b\u0107 do niesienia pomocy, za ofiarno\u015b\u0107 w dzia\u0142aniach na rzecz ochrony \u017cycia, zdrowia i mienia ludzkiego sk\u0142adamy wszystkim stra\u017cakom serdeczne podzi\u0119kowania. Niech satysfakcja i duma z dotychczasowych dokona\u0144 towarzysz\u0105 Wam w dalszej codziennej pracy. Wyrazy szacunku przekazujemy r\u00f3wnie\u017c na r\u0119ce Senior\u00f3w po\u017carnictwa, m\u0142odzie\u017cy stra\u017cackiej, wszystkich os\u00f3b i \u015brodowisk czynnie wspieraj\u0105cych ochron\u0119 przeciwpo\u017carow\u0105, a tak\u017ce do rodzin naszych stra\u017cak\u00f3w.<\/p>\n<p>\u0141\u0105czymy \u017cyczenia dobrego zdrowia, wytrwa\u0142o\u015bci, pasji w pe\u0142nieniu wyj\u0105tkowej misji oraz wszelkiej pomy\u015blno\u015bci.<\/p>\n<p><em>\u00a0\u00a0<\/em><\/p>\n<p style=\"text-align: center;\"><span style=\"font-size: 10pt;\">\u017byczenia sk\u0142adaj\u0105 w imieniu Zarz\u0105du Powiatu oraz Rady Powiatu Lw\u00f3weckiego<\/span><\/p>\n<p style=\"text-align: center;\"><span style=\"font-size: 10pt;\">Starosta Lw\u00f3wecki Daniel Koko\u00a0 i Przewodnicz\u0105ca Rady Powiatu Ma\u0142gorzata Szczepa\u0144ska.\u00a0<\/span><\/p>\n<p><img decoding=\"async\" class=\"alignnone size-medium wp-image-3430 aligncenter\" src=\"https:\/\/powiatlwowecki.pl\/wp-content\/uploads\/2022\/08\/herb-Powiat-Lwowecki-nowy-z-ramka-261x300.png\" alt=\"\" width=\"261\" height=\"300\" \/><\/p>\n<\/div><\/div><\/div><div class=\"fusion-layout-column fusion_builder_column fusion-builder-column-1 fusion_builder_column_1_3 1_3 fusion-flex-column\" style=\"--awb-bg-size:cover;--awb-width-large:33.333333333333%;--awb-margin-top-large:0px;--awb-spacing-right-large:5.76%;--awb-margin-bottom-large:20px;--awb-spacing-left-large:5.76%;--awb-width-medium:100%;--awb-order-medium:0;--awb-spacing-right-medium:1.92%;--awb-spacing-left-medium:1.92%;--awb-width-small:100%;--awb-order-small:0;--awb-spacing-right-small:1.92%;--awb-spacing-left-small:1.92%;\"><div class=\"fusion-column-wrapper fusion-column-has-shadow fusion-flex-justify-content-flex-start fusion-content-layout-column\"><div class=\"fusion-text fusion-text-2\"><p><img decoding=\"async\" class=\"alignnone wp-image-4368\" src=\"https:\/\/powiatlwowecki.pl\/wp-content\/uploads\/2023\/05\/4-MAJA1-300x213.jpg\" alt=\"\" width=\"1089\" height=\"773\" srcset=\"https:\/\/powiatlwowecki.pl\/wp-content\/uploads\/2023\/05\/4-MAJA1-24x17.jpg 24w, https:\/\/powiatlwowecki.pl\/wp-content\/uploads\/2023\/05\/4-MAJA1-36x26.jpg 36w, https:\/\/powiatlwowecki.pl\/wp-content\/uploads\/2023\/05\/4-MAJA1-48x34.jpg 48w, https:\/\/powiatlwowecki.pl\/wp-content\/uploads\/2023\/05\/4-MAJA1-200x142.jpg 200w, https:\/\/powiatlwowecki.pl\/wp-content\/uploads\/2023\/05\/4-MAJA1-300x214.jpg 300w, https:\/\/powiatlwowecki.pl\/wp-content\/uploads\/2023\/05\/4-MAJA1-400x284.jpg 400w, https:\/\/powiatlwowecki.pl\/wp-content\/uploads\/2023\/05\/4-MAJA1-600x426.jpg 600w, https:\/\/powiatlwowecki.pl\/wp-content\/uploads\/2023\/05\/4-MAJA1-768x545.jpg 768w, https:\/\/powiatlwowecki.pl\/wp-content\/uploads\/2023\/05\/4-MAJA1-800x568.jpg 800w, https:\/\/powiatlwowecki.pl\/wp-content\/uploads\/2023\/05\/4-MAJA1-1024x726.jpg 1024w, https:\/\/powiatlwowecki.pl\/wp-content\/uploads\/2023\/05\/4-MAJA1-1200x851.jpg 1200w, https:\/\/powiatlwowecki.pl\/wp-content\/uploads\/2023\/05\/4-MAJA1-1536x1090.jpg 1536w, https:\/\/powiatlwowecki.pl\/wp-content\/uploads\/2023\/05\/4-MAJA1.jpg 1748w\" sizes=\"(max-width: 1089px) 100vw, 1089px\" \/><\/p>\n<\/div><\/div><\/div><\/div><\/div>\n","protected":false},"excerpt":{"rendered":"","protected":false},"author":8,"featured_media":4369,"comment_status":"closed","ping_status":"closed","sticky":false,"template":"","format":"standard","meta":{"_acf_changed":false,"footnotes":""},"categories":[5],"tags":[],"class_list":["post-4367","post","type-post","status-publish","format-standard","has-post-thumbnail","hentry","category-aktualnosci"],"acf":{"kal_data_wydarzenia":""},"_links":{"self":[{"href":"https:\/\/powiatlwowecki.pl\/plci_json_endpoint\/wp\/v2\/posts\/4367","targetHints":{"allow":["GET"]}}],"collection":[{"href":"https:\/\/powiatlwowecki.pl\/plci_json_endpoint\/wp\/v2\/posts"}],"about":[{"href":"https:\/\/powiatlwowecki.pl\/plci_json_endpoint\/wp\/v2\/types\/post"}],"author":[{"embeddable":true,"href":"https:\/\/powiatlwowecki.pl\/plci_json_endpoint\/wp\/v2\/users\/8"}],"replies":[{"embeddable":true,"href":"https:\/\/powiatlwowecki.pl\/plci_json_endpoint\/wp\/v2\/comments?post=4367"}],"version-history":[{"count":1,"href":"https:\/\/powiatlwowecki.pl\/plci_json_endpoint\/wp\/v2\/posts\/4367\/revisions"}],"predecessor-version":[{"id":9710,"href":"https:\/\/powiatlwowecki.pl\/plci_json_endpoint\/wp\/v2\/posts\/4367\/revisions\/9710"}],"wp:featuredmedia":[{"embeddable":true,"href":"https:\/\/powiatlwowecki.pl\/plci_json_endpoint\/wp\/v2\/media\/4369"}],"wp:attachment":[{"href":"https:\/\/powiatlwowecki.pl\/plci_json_endpoint\/wp\/v2\/media?parent=4367"}],"wp:term":[{"taxonomy":"category","embeddable":true,"href":"https:\/\/powiatlwowecki.pl\/plci_json_endpoint\/wp\/v2\/categories?post=4367"},{"taxonomy":"post_tag","embeddable":true,"href":"https:\/\/powiatlwowecki.pl\/plci_json_endpoint\/wp\/v2\/tags?post=4367"}],"curies":[{"name":"wp","href":"https:\/\/api.w.org\/{rel}","templated":true}]}}