{"id":4349,"date":"2023-04-25T14:50:28","date_gmt":"2023-04-25T12:50:28","guid":{"rendered":"https:\/\/powiatlwowecki.pl\/?p=4349"},"modified":"2023-04-25T14:50:28","modified_gmt":"2023-04-25T12:50:28","slug":"ogloszenie-wynikow-otwartego-konkursu-ofert-na-realizacji-zadan-publicznych-powiatu-lwoweckiego-opieka-wytchnieniowa","status":"publish","type":"post","link":"https:\/\/powiatlwowecki.pl\/ogloszenie-wynikow-otwartego-konkursu-ofert-na-realizacji-zadan-publicznych-powiatu-lwoweckiego-opieka-wytchnieniowa\/","title":{"rendered":"Og\u0142oszenie wynik\u00f3w otwartego konkursu ofert na realizacji zada\u0144 publicznych Powiatu Lw\u00f3weckiego- Opieka Wytchnieniowa"},"content":{"rendered":"<p style=\"text-align: center;\">Po zapoznaniu si\u0119 z propozycj\u0105, przed\u0142o\u017con\u0105 przez Komisj\u0119 Konkursow\u0105, powo\u0142an\u0105 Uchwa\u0142\u0105 Zarz\u0105du Powiatu Lw\u00f3weckiego Nr 311\/44\/2023 Zarz\u0105du Powiatu Lw\u00f3weckiego z dnia 13 kwietnia\u00a0 2023 r., przyjmuje si\u0119 ofert\u0119 Stowarzyszenia Na Rzecz Os\u00f3b Niepe\u0142nosprawnych \u201eMocni\u201d z\u0142o\u017con\u0105 w konkursie na powierzenie realizacji zadania publicznego w 2023 roku<br \/>\nz zakresu polityki spo\u0142ecznej z udzia\u0142em \u015brodk\u00f3w pochodz\u0105cych z Solidarno\u015bciowego Funduszu Wsparcia Os\u00f3b Niepe\u0142nosprawnych przyznanych Powiatowi Lw\u00f3weckiemu w ramach resortowego Programu Ministra Rodziny i Polityki Spo\u0142ecznej na \u015bwiadczenie us\u0142ug opieki wytchnieniowej w formie pobytu dziennego w ramach Programu \u201eOpieka wytchnieniowa\u201d- edycja 2023.<\/p>\n<p><a href=\"https:\/\/powiatlwowecki.pl\/wp-content\/uploads\/2023\/04\/uchwala_nr__313_50_2023.docx\">Uchwa\u0142a nr 313\/50\/2023<\/a><\/p>\n<p>&nbsp;<\/p>\n","protected":false},"excerpt":{"rendered":"<p>Po zapoznaniu si\u0119 z propozycj\u0105, przed\u0142o\u017con\u0105 przez Komisj\u0119 Konkursow\u0105, powo\u0142an\u0105 Uchwa\u0142\u0105 Zarz\u0105du Powiatu Lw\u00f3weckiego Nr 311\/44\/2023 Zarz\u0105du Powiatu Lw\u00f3weckiego z dnia 13 kwietnia\u00a0 2023 r., przyjmuje si\u0119 ofert\u0119 Stowarzyszenia Na Rzecz Os\u00f3b Niepe\u0142nosprawnych \u201eMocni\u201d z\u0142o\u017con\u0105  [&#8230;]<\/p>\n","protected":false},"author":8,"featured_media":4350,"comment_status":"closed","ping_status":"closed","sticky":false,"template":"","format":"standard","meta":{"_acf_changed":false,"footnotes":""},"categories":[5],"tags":[],"class_list":["post-4349","post","type-post","status-publish","format-standard","has-post-thumbnail","hentry","category-aktualnosci"],"acf":{"kal_data_wydarzenia":""},"_links":{"self":[{"href":"https:\/\/powiatlwowecki.pl\/plci_json_endpoint\/wp\/v2\/posts\/4349","targetHints":{"allow":["GET"]}}],"collection":[{"href":"https:\/\/powiatlwowecki.pl\/plci_json_endpoint\/wp\/v2\/posts"}],"about":[{"href":"https:\/\/powiatlwowecki.pl\/plci_json_endpoint\/wp\/v2\/types\/post"}],"author":[{"embeddable":true,"href":"https:\/\/powiatlwowecki.pl\/plci_json_endpoint\/wp\/v2\/users\/8"}],"replies":[{"embeddable":true,"href":"https:\/\/powiatlwowecki.pl\/plci_json_endpoint\/wp\/v2\/comments?post=4349"}],"version-history":[{"count":0,"href":"https:\/\/powiatlwowecki.pl\/plci_json_endpoint\/wp\/v2\/posts\/4349\/revisions"}],"wp:featuredmedia":[{"embeddable":true,"href":"https:\/\/powiatlwowecki.pl\/plci_json_endpoint\/wp\/v2\/media\/4350"}],"wp:attachment":[{"href":"https:\/\/powiatlwowecki.pl\/plci_json_endpoint\/wp\/v2\/media?parent=4349"}],"wp:term":[{"taxonomy":"category","embeddable":true,"href":"https:\/\/powiatlwowecki.pl\/plci_json_endpoint\/wp\/v2\/categories?post=4349"},{"taxonomy":"post_tag","embeddable":true,"href":"https:\/\/powiatlwowecki.pl\/plci_json_endpoint\/wp\/v2\/tags?post=4349"}],"curies":[{"name":"wp","href":"https:\/\/api.w.org\/{rel}","templated":true}]}}