{"id":4345,"date":"2023-04-24T15:30:41","date_gmt":"2023-04-24T13:30:41","guid":{"rendered":"https:\/\/powiatlwowecki.pl\/?p=4345"},"modified":"2023-04-24T15:30:41","modified_gmt":"2023-04-24T13:30:41","slug":"uwaga-zmiany-harmonogramu-2","status":"publish","type":"post","link":"https:\/\/powiatlwowecki.pl\/uwaga-zmiany-harmonogramu-2\/","title":{"rendered":"UWAGA ZMIANY HARMONOGRAMU"},"content":{"rendered":"<p style=\"text-align: center;\"><strong>UWAGA ZMIANY HARMONOGRAMU<\/strong><\/p>\n<p style=\"text-align: center;\"><strong>\u00a0<\/strong><\/p>\n<p style=\"text-align: center;\"><strong>\u00a0<\/strong><\/p>\n<p style=\"text-align: center;\">termin:<strong> 29 maja \u2013 4 czerwca 2023 r.<\/strong><\/p>\n<p style=\"text-align: center;\"><strong>\u00a0<\/strong><\/p>\n<p style=\"text-align: center;\"><strong>Dy\u017cur pe\u0142ni: Nowa Apteka pod Gryfem<\/strong><\/p>\n<p style=\"text-align: center;\">Jeleniog\u00f3rska 5<\/p>\n<p style=\"text-align: center;\">59-620 Gryf\u00f3w \u015al\u0105ski<\/p>\n<p style=\"text-align: center;\">\n<p style=\"text-align: center;\"><strong>Zamiast: Apteka Zabobrze<\/strong><\/p>\n<p style=\"text-align: center;\">Bohater\u00f3w Nysy 23\/24<\/p>\n<p style=\"text-align: center;\">59-610 Wle\u0144<\/p>\n<p style=\"text-align: center;\">\n<p style=\"text-align: center;\">\n<p style=\"text-align: center;\">\n<p style=\"text-align: center;\">\n<p style=\"text-align: center;\">\n<p style=\"text-align: center;\">\n<p style=\"text-align: center;\">termin:<strong> 19 czerwca \u2013 25 czerwca 2023 r.<\/strong><\/p>\n<p style=\"text-align: center;\"><strong>\u00a0<\/strong><\/p>\n<p style=\"text-align: center;\"><strong>Dy\u017cur pe\u0142ni: Apteka Zabobrze<\/strong><\/p>\n<p style=\"text-align: center;\">Bohater\u00f3w Nysy 23\/24<\/p>\n<p style=\"text-align: center;\">\u00a0\u00a0\u00a0\u00a0 59-610 Wle\u0144<\/p>\n<p style=\"text-align: center;\">\n<p style=\"text-align: center;\"><strong>Zamiast: Nowa Apteka pod Gryfem<\/strong><\/p>\n<p style=\"text-align: center;\">Ul. Jeleniog\u00f3rska 5<\/p>\n<p style=\"text-align: center;\">59-620 Gryf\u00f3w \u015al\u0105ski<\/p>\n<p style=\"text-align: center;\">\n<p style=\"text-align: center;\">\n<p style=\"text-align: center;\"><strong>\u00a0<\/strong><\/p>\n<p style=\"text-align: center;\"><strong>\u00a0<\/strong><\/p>\n<p style=\"text-align: center;\">\n<p>&nbsp;<\/p>\n<p>&nbsp;<\/p>\n<p>&nbsp;<\/p>\n<p><a href=\"https:\/\/powiatlwowecki.pl\/wp-content\/uploads\/2023\/01\/zal.-do-uchwaly-dyzury-aptek-na-2023-roboczy-aktywny-1.xlsx\">za\u0142. do uchwa\u0142y dy\u017cury aptek na 2023 roboczy &#8211; aktywny<\/a><\/p>\n","protected":false},"excerpt":{"rendered":"<p>UWAGA ZMIANY HARMONOGRAMU \u00a0 \u00a0 termin: 29 maja \u2013 4 czerwca 2023 r. \u00a0 Dy\u017cur pe\u0142ni: Nowa Apteka pod Gryfem Jeleniog\u00f3rska 5 59-620 Gryf\u00f3w \u015al\u0105ski Zamiast: Apteka Zabobrze Bohater\u00f3w Nysy 23\/24 59-610 Wle\u0144 termin: 19  [&#8230;]<\/p>\n","protected":false},"author":8,"featured_media":3768,"comment_status":"closed","ping_status":"closed","sticky":false,"template":"","format":"standard","meta":{"_acf_changed":false,"footnotes":""},"categories":[5],"tags":[],"class_list":["post-4345","post","type-post","status-publish","format-standard","has-post-thumbnail","hentry","category-aktualnosci"],"acf":{"kal_data_wydarzenia":""},"_links":{"self":[{"href":"https:\/\/powiatlwowecki.pl\/plci_json_endpoint\/wp\/v2\/posts\/4345","targetHints":{"allow":["GET"]}}],"collection":[{"href":"https:\/\/powiatlwowecki.pl\/plci_json_endpoint\/wp\/v2\/posts"}],"about":[{"href":"https:\/\/powiatlwowecki.pl\/plci_json_endpoint\/wp\/v2\/types\/post"}],"author":[{"embeddable":true,"href":"https:\/\/powiatlwowecki.pl\/plci_json_endpoint\/wp\/v2\/users\/8"}],"replies":[{"embeddable":true,"href":"https:\/\/powiatlwowecki.pl\/plci_json_endpoint\/wp\/v2\/comments?post=4345"}],"version-history":[{"count":0,"href":"https:\/\/powiatlwowecki.pl\/plci_json_endpoint\/wp\/v2\/posts\/4345\/revisions"}],"wp:featuredmedia":[{"embeddable":true,"href":"https:\/\/powiatlwowecki.pl\/plci_json_endpoint\/wp\/v2\/media\/3768"}],"wp:attachment":[{"href":"https:\/\/powiatlwowecki.pl\/plci_json_endpoint\/wp\/v2\/media?parent=4345"}],"wp:term":[{"taxonomy":"category","embeddable":true,"href":"https:\/\/powiatlwowecki.pl\/plci_json_endpoint\/wp\/v2\/categories?post=4345"},{"taxonomy":"post_tag","embeddable":true,"href":"https:\/\/powiatlwowecki.pl\/plci_json_endpoint\/wp\/v2\/tags?post=4345"}],"curies":[{"name":"wp","href":"https:\/\/api.w.org\/{rel}","templated":true}]}}