{"id":4310,"date":"2023-04-14T09:25:50","date_gmt":"2023-04-14T07:25:50","guid":{"rendered":"https:\/\/powiatlwowecki.pl\/?p=4310"},"modified":"2023-04-14T09:25:50","modified_gmt":"2023-04-14T07:25:50","slug":"mistrzostwa-powiatu-w-pilce-siatkowej-2-dziewczat-i-chlopcow-igrzysk-dzieci","status":"publish","type":"post","link":"https:\/\/powiatlwowecki.pl\/mistrzostwa-powiatu-w-pilce-siatkowej-2-dziewczat-i-chlopcow-igrzysk-dzieci\/","title":{"rendered":"MISTRZOSTWA POWIATU W PI\u0141CE SIATKOWEJ \u201e2\u201d DZIEWCZ\u0104T I CH\u0141OPC\u00d3W IGRZYSK DZIECI"},"content":{"rendered":"<div class=\"fusion-fullwidth fullwidth-box fusion-builder-row-1 fusion-flex-container has-pattern-background has-mask-background nonhundred-percent-fullwidth non-hundred-percent-height-scrolling\" style=\"--awb-border-radius-top-left:0px;--awb-border-radius-top-right:0px;--awb-border-radius-bottom-right:0px;--awb-border-radius-bottom-left:0px;--awb-flex-wrap:wrap;\" ><div class=\"fusion-builder-row fusion-row fusion-flex-align-items-flex-start fusion-flex-content-wrap\" style=\"max-width:1248px;margin-left: calc(-4% \/ 2 );margin-right: calc(-4% \/ 2 );\"><div class=\"fusion-layout-column fusion_builder_column fusion-builder-column-0 fusion_builder_column_3_4 3_4 fusion-flex-column\" style=\"--awb-bg-size:cover;--awb-width-large:75%;--awb-margin-top-large:0px;--awb-spacing-right-large:2.56%;--awb-margin-bottom-large:20px;--awb-spacing-left-large:2.56%;--awb-width-medium:100%;--awb-order-medium:0;--awb-spacing-right-medium:1.92%;--awb-spacing-left-medium:1.92%;--awb-width-small:100%;--awb-order-small:0;--awb-spacing-right-small:1.92%;--awb-spacing-left-small:1.92%;\"><div class=\"fusion-column-wrapper fusion-column-has-shadow fusion-flex-justify-content-flex-start fusion-content-layout-column\"><div class=\"fusion-text fusion-text-1\"><p>Dnia 13 kwietnia 2023 roku w Hali Sportowej przy Szkole Podstawowej nr 1 w Gryfowie \u015al\u0105skim odby\u0142y si\u0119 Mistrzostwa Powiatu Lw\u00f3weckiego Szkolnego Zwi\u0105zku Sportowego w Pi\u0142ce Siatkowej \u201e2\u201d Dziewcz\u0105t i Ch\u0142opc\u00f3w w ramach Igrzysk Dzieci (rocznik 2012 i m\u0142odsi). Organizatorem zawod\u00f3w by\u0142 PSZS w Lw\u00f3wku \u015al\u0105skim oraz SP 1 w Gryfowie \u015al\u0105skim. Zawody finansowane ze \u015brodk\u00f3w dotacji \u00a0Powiatu Lw\u00f3weckiego oraz Gminy i Miasta Lw\u00f3wek \u015al\u0105ski. Najlepsze dru\u017cyny w\u015br\u00f3d dziewcz\u0105t i ch\u0142opc\u00f3w b\u0119d\u0105 reprezentowa\u0142y Powiat Lw\u00f3wecki w rozgrywkach Fina\u0142owych Strefy Jeleniog\u00f3rskiej, kt\u00f3re odb\u0119d\u0105 si\u0119 24 kwietnia 2023 roku w Kamiennej G\u00f3rze. Gratulacje dla wszystkich dru\u017cyn.<\/p>\n<hr \/>\n<h3>PRZEBIEG ZAWOD\u00d3W:<\/h3>\n<p><strong>DZIEWCZ\u0118TA<\/strong><\/p>\n<p>SP 2 Lw\u00f3wek \u015al\u0105ski\u00a0\u00a0\u00a0\u00a0\u00a0\u00a0\u00a0\u00a0 &#8211;\u00a0\u00a0\u00a0\u00a0\u00a0\u00a0\u00a0\u00a0\u00a0\u00a0\u00a0\u00a0\u00a0 SP 1 Gryf\u00f3w \u015al\u0105ski\u00a0\u00a0\u00a0\u00a0\u00a0\u00a0\u00a0\u00a0\u00a0\u00a0\u00a0\u00a0\u00a0\u00a0\u00a0\u00a0\u00a0\u00a0\u00a0\u00a0\u00a0\u00a0\u00a0\u00a0\u00a0\u00a0 0 : 2<\/p>\n<p>SP 1 Gryf\u00f3w \u015al\u0105ski\u00a0\u00a0\u00a0\u00a0\u00a0\u00a0\u00a0\u00a0\u00a0\u00a0 &#8211;\u00a0\u00a0\u00a0\u00a0\u00a0\u00a0\u00a0\u00a0\u00a0\u00a0\u00a0\u00a0\u00a0 SP Giebu\u0142t\u00f3w\u00a0\u00a0\u00a0\u00a0\u00a0\u00a0\u00a0\u00a0\u00a0\u00a0\u00a0\u00a0\u00a0\u00a0\u00a0\u00a0\u00a0\u00a0\u00a0\u00a0\u00a0\u00a0\u00a0\u00a0\u00a0\u00a0\u00a0\u00a0\u00a0\u00a0\u00a0\u00a0\u00a0\u00a0 0 : 2<\/p>\n<p>SP Giebu\u0142t\u00f3w\u00a0\u00a0\u00a0\u00a0\u00a0\u00a0\u00a0\u00a0\u00a0\u00a0\u00a0\u00a0\u00a0\u00a0\u00a0\u00a0\u00a0\u00a0\u00a0 &#8211;\u00a0\u00a0\u00a0\u00a0\u00a0\u00a0\u00a0\u00a0\u00a0\u00a0\u00a0\u00a0\u00a0 SP 2 Lw\u00f3wek \u015al\u0105ski\u00a0\u00a0\u00a0\u00a0\u00a0\u00a0\u00a0\u00a0\u00a0\u00a0\u00a0\u00a0\u00a0\u00a0\u00a0\u00a0\u00a0\u00a0\u00a0\u00a0\u00a0\u00a0\u00a0\u00a0 2 : 1<\/p>\n<h3>KLASYFIKACJA KO\u0143COWA:<\/h3>\n<p>I miejsce\u00a0\u00a0\u00a0\u00a0\u00a0\u00a0\u00a0\u00a0\u00a0\u00a0\u00a0\u00a0 SP Giebu\u0142t\u00f3w\u00a0\u00a0\u00a0\u00a0\u00a0\u00a0\u00a0\u00a0\u00a0\u00a0\u00a0\u00a0\u00a0\u00a0\u00a0\u00a0\u00a0\u00a0\u00a0\u00a0\u00a0\u00a0\u00a0\u00a0\u00a0\u00a0\u00a0\u00a0\u00a0\u00a0\u00a0\u00a0\u00a0\u00a0 op.\u00a0 Tomasz Gajewski<\/p>\n<p>II miejsce\u00a0\u00a0\u00a0\u00a0\u00a0\u00a0\u00a0\u00a0\u00a0\u00a0\u00a0 SP 1 Gryf\u00f3w \u015al\u0105ski\u00a0\u00a0\u00a0\u00a0\u00a0\u00a0\u00a0\u00a0\u00a0\u00a0\u00a0\u00a0\u00a0\u00a0\u00a0\u00a0\u00a0\u00a0\u00a0\u00a0\u00a0\u00a0\u00a0\u00a0\u00a0\u00a0 op. Beata Hryciew-Listwan<\/p>\n<p>III miejsce\u00a0\u00a0\u00a0\u00a0\u00a0\u00a0\u00a0\u00a0\u00a0\u00a0 SP 2 Lw\u00f3wek \u015al\u0105ski\u00a0\u00a0\u00a0\u00a0\u00a0\u00a0\u00a0\u00a0\u00a0\u00a0\u00a0\u00a0\u00a0\u00a0\u00a0\u00a0\u00a0\u00a0\u00a0\u00a0\u00a0\u00a0\u00a0\u00a0 op. Grzegorz Po\u0142aczewski<\/p>\n<h3>SK\u0141ADY DRU\u017bYN:<\/h3>\n<p><strong><u>SP GIEBU\u0141T\u00d3W: <\/u><\/strong>Zofia Mazurkiewicz, Magdalena Pluskota, Martyna Wadowska, Zuzanna Wadowska<\/p>\n<p><strong><u>SP 1 GRYF\u00d3W \u015aL\u0104SKI:<\/u><\/strong> Laura Baszak, Milena Benisz, Weronika Konarska, Dagmara Majerska, Oliwia Mrowca<\/p>\n<p><strong><u>SP 2 LW\u00d3WEK \u015aL\u0104SKI:<\/u><\/strong> Barbara Jedynak, Ma\u0142gorzata Lupa, Julia Maliszewska, Wiktoria Niedzielska, Michelle Strombahs, Justyna Sznapka.<\/p>\n<hr \/>\n<p><strong>CH\u0141OPCY<\/strong><\/p>\n<p>SP 2 Lw\u00f3wek \u015al\u0105ski\u00a0\u00a0\u00a0\u00a0\u00a0\u00a0\u00a0\u00a0 &#8211;\u00a0\u00a0\u00a0\u00a0\u00a0\u00a0\u00a0\u00a0\u00a0\u00a0\u00a0\u00a0\u00a0 SP 1 Gryf\u00f3w \u015al\u0105ski\u00a0\u00a0\u00a0\u00a0\u00a0\u00a0\u00a0\u00a0\u00a0\u00a0\u00a0\u00a0\u00a0\u00a0\u00a0\u00a0\u00a0\u00a0\u00a0\u00a0\u00a0\u00a0\u00a0\u00a0\u00a0\u00a0 0 : 2<\/p>\n<p>SP 1 Gryf\u00f3w \u015al\u0105ski\u00a0\u00a0\u00a0\u00a0\u00a0\u00a0\u00a0\u00a0\u00a0\u00a0 &#8211;\u00a0\u00a0\u00a0\u00a0\u00a0\u00a0\u00a0\u00a0\u00a0\u00a0\u00a0\u00a0\u00a0 SP R\u0119bisz\u00f3w\u00a0\u00a0\u00a0\u00a0\u00a0\u00a0\u00a0\u00a0\u00a0\u00a0\u00a0\u00a0\u00a0\u00a0\u00a0\u00a0\u00a0\u00a0\u00a0\u00a0\u00a0\u00a0\u00a0\u00a0\u00a0\u00a0\u00a0\u00a0\u00a0\u00a0\u00a0\u00a0\u00a0\u00a0\u00a0\u00a0\u00a0 0 : 2<\/p>\n<p>SP R\u0119bisz\u00f3w\u00a0\u00a0\u00a0\u00a0\u00a0\u00a0\u00a0\u00a0\u00a0\u00a0\u00a0\u00a0\u00a0\u00a0\u00a0\u00a0\u00a0\u00a0\u00a0\u00a0\u00a0 &#8211;\u00a0\u00a0\u00a0\u00a0\u00a0\u00a0\u00a0\u00a0\u00a0\u00a0\u00a0\u00a0\u00a0 SP 2 Lw\u00f3wek \u015al\u0105ski\u00a0\u00a0\u00a0\u00a0\u00a0\u00a0\u00a0\u00a0\u00a0\u00a0\u00a0\u00a0\u00a0\u00a0\u00a0\u00a0\u00a0\u00a0\u00a0\u00a0\u00a0\u00a0\u00a0\u00a0 2 : 0<\/p>\n<h3>KLASYFIKACJA KO\u0143COWA:<\/h3>\n<p>I miejsce\u00a0\u00a0\u00a0\u00a0\u00a0\u00a0\u00a0\u00a0\u00a0\u00a0\u00a0\u00a0 SP R\u0119bisz\u00f3w\u00a0\u00a0\u00a0\u00a0\u00a0\u00a0\u00a0\u00a0\u00a0\u00a0\u00a0\u00a0\u00a0\u00a0\u00a0\u00a0\u00a0\u00a0\u00a0\u00a0\u00a0\u00a0\u00a0\u00a0\u00a0\u00a0\u00a0\u00a0\u00a0\u00a0\u00a0\u00a0\u00a0\u00a0\u00a0\u00a0\u00a0 op.\u00a0 Arkadiusz Do\u0142\u0119ga<\/p>\n<p>II miejsce\u00a0\u00a0\u00a0\u00a0\u00a0\u00a0\u00a0\u00a0\u00a0\u00a0\u00a0 SP 1 Gryf\u00f3w \u015al\u0105ski\u00a0\u00a0\u00a0\u00a0\u00a0\u00a0\u00a0\u00a0\u00a0\u00a0\u00a0\u00a0\u00a0\u00a0\u00a0\u00a0\u00a0\u00a0\u00a0\u00a0\u00a0\u00a0\u00a0\u00a0\u00a0\u00a0 op. Karolina Harmaci\u0144ska<\/p>\n<p>III miejsce\u00a0\u00a0\u00a0\u00a0\u00a0\u00a0\u00a0\u00a0\u00a0\u00a0 SP 2 Lw\u00f3wek \u015al\u0105ski\u00a0\u00a0\u00a0\u00a0\u00a0\u00a0\u00a0\u00a0\u00a0\u00a0\u00a0\u00a0\u00a0\u00a0\u00a0\u00a0\u00a0\u00a0\u00a0\u00a0\u00a0\u00a0\u00a0\u00a0 op. Grzegorz Po\u0142aczewski<\/p>\n<h3>SK\u0141ADY DRU\u017bYN:<\/h3>\n<p><strong><u>SP R\u0118BISZ\u00d3W: <\/u><\/strong>Filip Kania, Dominik \u0141atyszonek, Bartosz Maksymowicz, Marcel Motylski, Oskar Pi\u0119ta, Oliwier Rosik<\/p>\n<p><strong><u>SP 1 GRYF\u00d3W \u015aL\u0104SKI:<\/u><\/strong> Aleksander Antonowicz, Szymon Badermann, Ignacy Bentkowski, Mi\u0142osz Caba\u0142a, Jakub Grzywnowicz, Micha\u0142 \u017buk<\/p>\n<p><strong><u>SP 2 LW\u00d3WEK \u015aL\u0104SKI:<\/u><\/strong> Samuel Andrukiewicz, Dominik Jonak, Jerzy Latarowski, Stanis\u0142aw Miroszek, Aleksander Nowak, Kuba Sikora, Mi\u0142osz Trzeciak.<\/p>\n<p>Opracowa\u0142<\/p>\n<p>G. Po\u0142aczewski<\/p>\n<hr \/>\n<\/div><\/div><\/div><div class=\"fusion-layout-column fusion_builder_column fusion-builder-column-1 fusion_builder_column_1_4 1_4 fusion-flex-column\" style=\"--awb-bg-size:cover;--awb-width-large:25%;--awb-margin-top-large:0px;--awb-spacing-right-large:7.68%;--awb-margin-bottom-large:20px;--awb-spacing-left-large:7.68%;--awb-width-medium:100%;--awb-order-medium:0;--awb-spacing-right-medium:1.92%;--awb-spacing-left-medium:1.92%;--awb-width-small:100%;--awb-order-small:0;--awb-spacing-right-small:1.92%;--awb-spacing-left-small:1.92%;\"><div class=\"fusion-column-wrapper fusion-column-has-shadow fusion-flex-justify-content-flex-start fusion-content-layout-column\"><div class=\"fusion-content-boxes content-boxes columns row fusion-columns-1 fusion-columns-total-1 fusion-content-boxes-1 content-boxes-icon-with-title content-left\" style=\"--awb-hover-accent-color:#f44336;--awb-circle-hover-accent-color:#f44336;--awb-item-margin-bottom:40px;\" data-animationOffset=\"top-into-view\"><div style=\"--awb-backgroundcolor:rgba(55,163,34,0.98);\" class=\"fusion-column content-box-column content-box-column content-box-column-1 col-lg-12 col-md-12 col-sm-12 fusion-content-box-hover content-box-column-last content-box-column-last-in-row\"><div class=\"col content-box-wrapper content-wrapper-background link-area-link-icon content-icon-wrapper-yes icon-hover-animation-slide\" data-animationOffset=\"top-into-view\"><div class=\"heading icon-left\"><h2 class=\"content-box-heading\" style=\"--h2_typography-font-size:24px;line-height:29px;\">Galeria<\/h2><\/div><\/div><\/div><div class=\"fusion-clearfix\"><\/div><\/div><div class=\"awb-gallery-wrapper awb-gallery-wrapper-1 button-span-no\" style=\"--more-btn-alignment:center;\"><div style=\"margin:-5px;--awb-bordersize:0px;\" class=\"fusion-gallery fusion-gallery-container fusion-grid-3 fusion-columns-total-24 fusion-gallery-layout-grid fusion-gallery-1\"><div style=\"padding:5px;\" class=\"fusion-grid-column fusion-gallery-column fusion-gallery-column-3 hover-type-none\"><div class=\"fusion-gallery-image\"><a href=\"https:\/\/powiatlwowecki.pl\/wp-content\/uploads\/2023\/04\/20230413_085551-scaled.jpg\" rel=\"noreferrer\" data-rel=\"iLightbox[gallery_image_1]\" class=\"fusion-lightbox\" target=\"_self\"><img decoding=\"async\" src=\"https:\/\/powiatlwowecki.pl\/wp-content\/uploads\/2023\/04\/20230413_085551-scaled.jpg\" width=\"2560\" height=\"1151\" alt=\"\" title=\"20230413_085551\" aria-label=\"20230413_085551\" class=\"img-responsive wp-image-4284\" srcset=\"https:\/\/powiatlwowecki.pl\/wp-content\/uploads\/2023\/04\/20230413_085551-200x90.jpg 200w, https:\/\/powiatlwowecki.pl\/wp-content\/uploads\/2023\/04\/20230413_085551-400x180.jpg 400w, https:\/\/powiatlwowecki.pl\/wp-content\/uploads\/2023\/04\/20230413_085551-600x270.jpg 600w, https:\/\/powiatlwowecki.pl\/wp-content\/uploads\/2023\/04\/20230413_085551-800x360.jpg 800w, https:\/\/powiatlwowecki.pl\/wp-content\/uploads\/2023\/04\/20230413_085551-1200x540.jpg 1200w, https:\/\/powiatlwowecki.pl\/wp-content\/uploads\/2023\/04\/20230413_085551-scaled.jpg 2560w\" sizes=\"(min-width: 2200px) 100vw, (min-width: 784px) 397px, (min-width: 712px) 595px, (min-width: 640px) 712px, \" \/><\/a><\/div><\/div><div style=\"padding:5px;\" class=\"fusion-grid-column fusion-gallery-column fusion-gallery-column-3 hover-type-none\"><div class=\"fusion-gallery-image\"><a href=\"https:\/\/powiatlwowecki.pl\/wp-content\/uploads\/2023\/04\/20230413_090224-scaled.jpg\" rel=\"noreferrer\" data-rel=\"iLightbox[gallery_image_1]\" class=\"fusion-lightbox\" target=\"_self\"><img decoding=\"async\" src=\"https:\/\/powiatlwowecki.pl\/wp-content\/uploads\/2023\/04\/20230413_090224-scaled.jpg\" width=\"2560\" height=\"1152\" alt=\"\" title=\"20230413_090224\" aria-label=\"20230413_090224\" class=\"img-responsive wp-image-4285\" srcset=\"https:\/\/powiatlwowecki.pl\/wp-content\/uploads\/2023\/04\/20230413_090224-200x90.jpg 200w, https:\/\/powiatlwowecki.pl\/wp-content\/uploads\/2023\/04\/20230413_090224-400x180.jpg 400w, https:\/\/powiatlwowecki.pl\/wp-content\/uploads\/2023\/04\/20230413_090224-600x270.jpg 600w, https:\/\/powiatlwowecki.pl\/wp-content\/uploads\/2023\/04\/20230413_090224-800x360.jpg 800w, https:\/\/powiatlwowecki.pl\/wp-content\/uploads\/2023\/04\/20230413_090224-1200x540.jpg 1200w, https:\/\/powiatlwowecki.pl\/wp-content\/uploads\/2023\/04\/20230413_090224-scaled.jpg 2560w\" sizes=\"(min-width: 2200px) 100vw, (min-width: 784px) 397px, (min-width: 712px) 595px, (min-width: 640px) 712px, \" \/><\/a><\/div><\/div><div style=\"padding:5px;\" class=\"fusion-grid-column fusion-gallery-column fusion-gallery-column-3 hover-type-none\"><div class=\"fusion-gallery-image\"><a href=\"https:\/\/powiatlwowecki.pl\/wp-content\/uploads\/2023\/04\/20230413_092058-scaled.jpg\" rel=\"noreferrer\" data-rel=\"iLightbox[gallery_image_1]\" class=\"fusion-lightbox\" target=\"_self\"><img decoding=\"async\" src=\"https:\/\/powiatlwowecki.pl\/wp-content\/uploads\/2023\/04\/20230413_092058-scaled.jpg\" width=\"2560\" height=\"1152\" alt=\"\" title=\"20230413_092058\" aria-label=\"20230413_092058\" class=\"img-responsive wp-image-4286\" srcset=\"https:\/\/powiatlwowecki.pl\/wp-content\/uploads\/2023\/04\/20230413_092058-200x90.jpg 200w, https:\/\/powiatlwowecki.pl\/wp-content\/uploads\/2023\/04\/20230413_092058-400x180.jpg 400w, https:\/\/powiatlwowecki.pl\/wp-content\/uploads\/2023\/04\/20230413_092058-600x270.jpg 600w, https:\/\/powiatlwowecki.pl\/wp-content\/uploads\/2023\/04\/20230413_092058-800x360.jpg 800w, https:\/\/powiatlwowecki.pl\/wp-content\/uploads\/2023\/04\/20230413_092058-1200x540.jpg 1200w, https:\/\/powiatlwowecki.pl\/wp-content\/uploads\/2023\/04\/20230413_092058-scaled.jpg 2560w\" sizes=\"(min-width: 2200px) 100vw, (min-width: 784px) 397px, (min-width: 712px) 595px, (min-width: 640px) 712px, \" \/><\/a><\/div><\/div><div class=\"clearfix\"><\/div><div style=\"padding:5px;\" class=\"fusion-grid-column fusion-gallery-column fusion-gallery-column-3 hover-type-none\"><div class=\"fusion-gallery-image\"><a href=\"https:\/\/powiatlwowecki.pl\/wp-content\/uploads\/2023\/04\/20230413_093043-scaled.jpg\" rel=\"noreferrer\" data-rel=\"iLightbox[gallery_image_1]\" class=\"fusion-lightbox\" target=\"_self\"><img decoding=\"async\" src=\"https:\/\/powiatlwowecki.pl\/wp-content\/uploads\/2023\/04\/20230413_093043-scaled.jpg\" width=\"2560\" height=\"1152\" alt=\"\" title=\"20230413_093043\" aria-label=\"20230413_093043\" class=\"img-responsive wp-image-4287\" srcset=\"https:\/\/powiatlwowecki.pl\/wp-content\/uploads\/2023\/04\/20230413_093043-200x90.jpg 200w, https:\/\/powiatlwowecki.pl\/wp-content\/uploads\/2023\/04\/20230413_093043-400x180.jpg 400w, https:\/\/powiatlwowecki.pl\/wp-content\/uploads\/2023\/04\/20230413_093043-600x270.jpg 600w, https:\/\/powiatlwowecki.pl\/wp-content\/uploads\/2023\/04\/20230413_093043-800x360.jpg 800w, https:\/\/powiatlwowecki.pl\/wp-content\/uploads\/2023\/04\/20230413_093043-1200x540.jpg 1200w, https:\/\/powiatlwowecki.pl\/wp-content\/uploads\/2023\/04\/20230413_093043-scaled.jpg 2560w\" sizes=\"(min-width: 2200px) 100vw, (min-width: 784px) 397px, (min-width: 712px) 595px, (min-width: 640px) 712px, \" \/><\/a><\/div><\/div><div style=\"padding:5px;\" class=\"fusion-grid-column fusion-gallery-column fusion-gallery-column-3 hover-type-none\"><div class=\"fusion-gallery-image\"><a href=\"https:\/\/powiatlwowecki.pl\/wp-content\/uploads\/2023\/04\/20230413_100659-scaled.jpg\" rel=\"noreferrer\" data-rel=\"iLightbox[gallery_image_1]\" class=\"fusion-lightbox\" target=\"_self\"><img decoding=\"async\" src=\"https:\/\/powiatlwowecki.pl\/wp-content\/uploads\/2023\/04\/20230413_100659-scaled.jpg\" width=\"2560\" height=\"1152\" alt=\"\" title=\"20230413_100659\" aria-label=\"20230413_100659\" class=\"img-responsive wp-image-4288\" srcset=\"https:\/\/powiatlwowecki.pl\/wp-content\/uploads\/2023\/04\/20230413_100659-200x90.jpg 200w, https:\/\/powiatlwowecki.pl\/wp-content\/uploads\/2023\/04\/20230413_100659-400x180.jpg 400w, https:\/\/powiatlwowecki.pl\/wp-content\/uploads\/2023\/04\/20230413_100659-600x270.jpg 600w, https:\/\/powiatlwowecki.pl\/wp-content\/uploads\/2023\/04\/20230413_100659-800x360.jpg 800w, https:\/\/powiatlwowecki.pl\/wp-content\/uploads\/2023\/04\/20230413_100659-1200x540.jpg 1200w, https:\/\/powiatlwowecki.pl\/wp-content\/uploads\/2023\/04\/20230413_100659-scaled.jpg 2560w\" sizes=\"(min-width: 2200px) 100vw, (min-width: 784px) 397px, (min-width: 712px) 595px, (min-width: 640px) 712px, \" \/><\/a><\/div><\/div><div style=\"padding:5px;\" class=\"fusion-grid-column fusion-gallery-column fusion-gallery-column-3 hover-type-none\"><div class=\"fusion-gallery-image\"><a href=\"https:\/\/powiatlwowecki.pl\/wp-content\/uploads\/2023\/04\/20230413_100726-scaled.jpg\" rel=\"noreferrer\" data-rel=\"iLightbox[gallery_image_1]\" class=\"fusion-lightbox\" target=\"_self\"><img decoding=\"async\" src=\"https:\/\/powiatlwowecki.pl\/wp-content\/uploads\/2023\/04\/20230413_100726-scaled.jpg\" width=\"2560\" height=\"1152\" alt=\"\" title=\"20230413_100726\" aria-label=\"20230413_100726\" class=\"img-responsive wp-image-4289\" srcset=\"https:\/\/powiatlwowecki.pl\/wp-content\/uploads\/2023\/04\/20230413_100726-200x90.jpg 200w, https:\/\/powiatlwowecki.pl\/wp-content\/uploads\/2023\/04\/20230413_100726-400x180.jpg 400w, https:\/\/powiatlwowecki.pl\/wp-content\/uploads\/2023\/04\/20230413_100726-600x270.jpg 600w, https:\/\/powiatlwowecki.pl\/wp-content\/uploads\/2023\/04\/20230413_100726-800x360.jpg 800w, https:\/\/powiatlwowecki.pl\/wp-content\/uploads\/2023\/04\/20230413_100726-1200x540.jpg 1200w, https:\/\/powiatlwowecki.pl\/wp-content\/uploads\/2023\/04\/20230413_100726-scaled.jpg 2560w\" sizes=\"(min-width: 2200px) 100vw, (min-width: 784px) 397px, (min-width: 712px) 595px, (min-width: 640px) 712px, \" \/><\/a><\/div><\/div><div class=\"clearfix\"><\/div><div style=\"padding:5px;\" class=\"fusion-grid-column fusion-gallery-column fusion-gallery-column-3 hover-type-none\"><div class=\"fusion-gallery-image\"><a href=\"https:\/\/powiatlwowecki.pl\/wp-content\/uploads\/2023\/04\/20230413_090243-scaled.jpg\" rel=\"noreferrer\" data-rel=\"iLightbox[gallery_image_1]\" class=\"fusion-lightbox\" target=\"_self\"><img decoding=\"async\" src=\"https:\/\/powiatlwowecki.pl\/wp-content\/uploads\/2023\/04\/20230413_090243-scaled.jpg\" width=\"2560\" height=\"1152\" alt=\"\" title=\"20230413_090243\" aria-label=\"20230413_090243\" class=\"img-responsive wp-image-4293\" srcset=\"https:\/\/powiatlwowecki.pl\/wp-content\/uploads\/2023\/04\/20230413_090243-200x90.jpg 200w, https:\/\/powiatlwowecki.pl\/wp-content\/uploads\/2023\/04\/20230413_090243-400x180.jpg 400w, https:\/\/powiatlwowecki.pl\/wp-content\/uploads\/2023\/04\/20230413_090243-600x270.jpg 600w, https:\/\/powiatlwowecki.pl\/wp-content\/uploads\/2023\/04\/20230413_090243-800x360.jpg 800w, https:\/\/powiatlwowecki.pl\/wp-content\/uploads\/2023\/04\/20230413_090243-1200x540.jpg 1200w, https:\/\/powiatlwowecki.pl\/wp-content\/uploads\/2023\/04\/20230413_090243-scaled.jpg 2560w\" sizes=\"(min-width: 2200px) 100vw, (min-width: 784px) 397px, (min-width: 712px) 595px, (min-width: 640px) 712px, \" \/><\/a><\/div><\/div><div style=\"padding:5px;\" class=\"fusion-grid-column fusion-gallery-column fusion-gallery-column-3 hover-type-none\"><div class=\"fusion-gallery-image\"><a href=\"https:\/\/powiatlwowecki.pl\/wp-content\/uploads\/2023\/04\/20230413_090257-scaled.jpg\" rel=\"noreferrer\" data-rel=\"iLightbox[gallery_image_1]\" class=\"fusion-lightbox\" target=\"_self\"><img decoding=\"async\" src=\"https:\/\/powiatlwowecki.pl\/wp-content\/uploads\/2023\/04\/20230413_090257-scaled.jpg\" width=\"2560\" height=\"1152\" alt=\"\" title=\"20230413_090257\" aria-label=\"20230413_090257\" class=\"img-responsive wp-image-4294\" srcset=\"https:\/\/powiatlwowecki.pl\/wp-content\/uploads\/2023\/04\/20230413_090257-200x90.jpg 200w, https:\/\/powiatlwowecki.pl\/wp-content\/uploads\/2023\/04\/20230413_090257-400x180.jpg 400w, https:\/\/powiatlwowecki.pl\/wp-content\/uploads\/2023\/04\/20230413_090257-600x270.jpg 600w, https:\/\/powiatlwowecki.pl\/wp-content\/uploads\/2023\/04\/20230413_090257-800x360.jpg 800w, https:\/\/powiatlwowecki.pl\/wp-content\/uploads\/2023\/04\/20230413_090257-1200x540.jpg 1200w, https:\/\/powiatlwowecki.pl\/wp-content\/uploads\/2023\/04\/20230413_090257-scaled.jpg 2560w\" sizes=\"(min-width: 2200px) 100vw, (min-width: 784px) 397px, (min-width: 712px) 595px, (min-width: 640px) 712px, \" \/><\/a><\/div><\/div><div style=\"padding:5px;\" class=\"fusion-grid-column fusion-gallery-column fusion-gallery-column-3 hover-type-none\"><div class=\"fusion-gallery-image\"><a href=\"https:\/\/powiatlwowecki.pl\/wp-content\/uploads\/2023\/04\/20230413_090311-scaled.jpg\" rel=\"noreferrer\" data-rel=\"iLightbox[gallery_image_1]\" class=\"fusion-lightbox\" target=\"_self\"><img decoding=\"async\" src=\"https:\/\/powiatlwowecki.pl\/wp-content\/uploads\/2023\/04\/20230413_090311-scaled.jpg\" width=\"2560\" height=\"1152\" alt=\"\" title=\"20230413_090311\" aria-label=\"20230413_090311\" class=\"img-responsive wp-image-4295\" srcset=\"https:\/\/powiatlwowecki.pl\/wp-content\/uploads\/2023\/04\/20230413_090311-200x90.jpg 200w, https:\/\/powiatlwowecki.pl\/wp-content\/uploads\/2023\/04\/20230413_090311-400x180.jpg 400w, https:\/\/powiatlwowecki.pl\/wp-content\/uploads\/2023\/04\/20230413_090311-600x270.jpg 600w, https:\/\/powiatlwowecki.pl\/wp-content\/uploads\/2023\/04\/20230413_090311-800x360.jpg 800w, https:\/\/powiatlwowecki.pl\/wp-content\/uploads\/2023\/04\/20230413_090311-1200x540.jpg 1200w, https:\/\/powiatlwowecki.pl\/wp-content\/uploads\/2023\/04\/20230413_090311-scaled.jpg 2560w\" sizes=\"(min-width: 2200px) 100vw, (min-width: 784px) 397px, (min-width: 712px) 595px, (min-width: 640px) 712px, \" \/><\/a><\/div><\/div><div class=\"clearfix\"><\/div><div style=\"padding:5px;\" class=\"fusion-grid-column fusion-gallery-column fusion-gallery-column-3 hover-type-none\"><div class=\"fusion-gallery-image\"><a href=\"https:\/\/powiatlwowecki.pl\/wp-content\/uploads\/2023\/04\/20230413_091332-scaled.jpg\" rel=\"noreferrer\" data-rel=\"iLightbox[gallery_image_1]\" class=\"fusion-lightbox\" target=\"_self\"><img decoding=\"async\" src=\"https:\/\/powiatlwowecki.pl\/wp-content\/uploads\/2023\/04\/20230413_091332-scaled.jpg\" width=\"2560\" height=\"1152\" alt=\"\" title=\"20230413_091332\" aria-label=\"20230413_091332\" class=\"img-responsive wp-image-4297\" srcset=\"https:\/\/powiatlwowecki.pl\/wp-content\/uploads\/2023\/04\/20230413_091332-200x90.jpg 200w, https:\/\/powiatlwowecki.pl\/wp-content\/uploads\/2023\/04\/20230413_091332-400x180.jpg 400w, https:\/\/powiatlwowecki.pl\/wp-content\/uploads\/2023\/04\/20230413_091332-600x270.jpg 600w, https:\/\/powiatlwowecki.pl\/wp-content\/uploads\/2023\/04\/20230413_091332-800x360.jpg 800w, https:\/\/powiatlwowecki.pl\/wp-content\/uploads\/2023\/04\/20230413_091332-1200x540.jpg 1200w, https:\/\/powiatlwowecki.pl\/wp-content\/uploads\/2023\/04\/20230413_091332-scaled.jpg 2560w\" sizes=\"(min-width: 2200px) 100vw, (min-width: 784px) 397px, (min-width: 712px) 595px, (min-width: 640px) 712px, \" \/><\/a><\/div><\/div><div style=\"padding:5px;\" class=\"fusion-grid-column fusion-gallery-column fusion-gallery-column-3 hover-type-none\"><div class=\"fusion-gallery-image\"><a href=\"https:\/\/powiatlwowecki.pl\/wp-content\/uploads\/2023\/04\/20230413_093727-scaled.jpg\" rel=\"noreferrer\" data-rel=\"iLightbox[gallery_image_1]\" class=\"fusion-lightbox\" target=\"_self\"><img decoding=\"async\" src=\"https:\/\/powiatlwowecki.pl\/wp-content\/uploads\/2023\/04\/20230413_093727-scaled.jpg\" width=\"2560\" height=\"1152\" alt=\"\" title=\"20230413_093727\" aria-label=\"20230413_093727\" class=\"img-responsive wp-image-4299\" srcset=\"https:\/\/powiatlwowecki.pl\/wp-content\/uploads\/2023\/04\/20230413_093727-200x90.jpg 200w, https:\/\/powiatlwowecki.pl\/wp-content\/uploads\/2023\/04\/20230413_093727-400x180.jpg 400w, https:\/\/powiatlwowecki.pl\/wp-content\/uploads\/2023\/04\/20230413_093727-600x270.jpg 600w, https:\/\/powiatlwowecki.pl\/wp-content\/uploads\/2023\/04\/20230413_093727-800x360.jpg 800w, https:\/\/powiatlwowecki.pl\/wp-content\/uploads\/2023\/04\/20230413_093727-1200x540.jpg 1200w, https:\/\/powiatlwowecki.pl\/wp-content\/uploads\/2023\/04\/20230413_093727-scaled.jpg 2560w\" sizes=\"(min-width: 2200px) 100vw, (min-width: 784px) 397px, (min-width: 712px) 595px, (min-width: 640px) 712px, \" \/><\/a><\/div><\/div><div style=\"padding:5px;\" class=\"fusion-grid-column fusion-gallery-column fusion-gallery-column-3 hover-type-none\"><div class=\"fusion-gallery-image\"><a href=\"https:\/\/powiatlwowecki.pl\/wp-content\/uploads\/2023\/04\/20230413_093738-scaled.jpg\" rel=\"noreferrer\" data-rel=\"iLightbox[gallery_image_1]\" class=\"fusion-lightbox\" target=\"_self\"><img decoding=\"async\" src=\"https:\/\/powiatlwowecki.pl\/wp-content\/uploads\/2023\/04\/20230413_093738-scaled.jpg\" width=\"2560\" height=\"1152\" alt=\"\" title=\"20230413_093738\" aria-label=\"20230413_093738\" class=\"img-responsive wp-image-4300\" srcset=\"https:\/\/powiatlwowecki.pl\/wp-content\/uploads\/2023\/04\/20230413_093738-200x90.jpg 200w, https:\/\/powiatlwowecki.pl\/wp-content\/uploads\/2023\/04\/20230413_093738-400x180.jpg 400w, https:\/\/powiatlwowecki.pl\/wp-content\/uploads\/2023\/04\/20230413_093738-600x270.jpg 600w, https:\/\/powiatlwowecki.pl\/wp-content\/uploads\/2023\/04\/20230413_093738-800x360.jpg 800w, https:\/\/powiatlwowecki.pl\/wp-content\/uploads\/2023\/04\/20230413_093738-1200x540.jpg 1200w, https:\/\/powiatlwowecki.pl\/wp-content\/uploads\/2023\/04\/20230413_093738-scaled.jpg 2560w\" sizes=\"(min-width: 2200px) 100vw, (min-width: 784px) 397px, (min-width: 712px) 595px, (min-width: 640px) 712px, \" \/><\/a><\/div><\/div><div class=\"clearfix\"><\/div><div style=\"padding:5px;\" class=\"fusion-grid-column fusion-gallery-column fusion-gallery-column-3 hover-type-none\"><div class=\"fusion-gallery-image\"><a href=\"https:\/\/powiatlwowecki.pl\/wp-content\/uploads\/2023\/04\/20230413_100637-scaled.jpg\" rel=\"noreferrer\" data-rel=\"iLightbox[gallery_image_1]\" class=\"fusion-lightbox\" target=\"_self\"><img decoding=\"async\" src=\"https:\/\/powiatlwowecki.pl\/wp-content\/uploads\/2023\/04\/20230413_100637-scaled.jpg\" width=\"2560\" height=\"1152\" alt=\"\" title=\"20230413_100637\" aria-label=\"20230413_100637\" class=\"img-responsive wp-image-4304\" srcset=\"https:\/\/powiatlwowecki.pl\/wp-content\/uploads\/2023\/04\/20230413_100637-200x90.jpg 200w, https:\/\/powiatlwowecki.pl\/wp-content\/uploads\/2023\/04\/20230413_100637-400x180.jpg 400w, https:\/\/powiatlwowecki.pl\/wp-content\/uploads\/2023\/04\/20230413_100637-600x270.jpg 600w, https:\/\/powiatlwowecki.pl\/wp-content\/uploads\/2023\/04\/20230413_100637-800x360.jpg 800w, https:\/\/powiatlwowecki.pl\/wp-content\/uploads\/2023\/04\/20230413_100637-1200x540.jpg 1200w, https:\/\/powiatlwowecki.pl\/wp-content\/uploads\/2023\/04\/20230413_100637-scaled.jpg 2560w\" sizes=\"(min-width: 2200px) 100vw, (min-width: 784px) 397px, (min-width: 712px) 595px, (min-width: 640px) 712px, \" \/><\/a><\/div><\/div><div style=\"padding:5px;\" class=\"fusion-grid-column fusion-gallery-column fusion-gallery-column-3 hover-type-none\"><div class=\"fusion-gallery-image\"><a href=\"https:\/\/powiatlwowecki.pl\/wp-content\/uploads\/2023\/04\/20230413_100731-scaled.jpg\" rel=\"noreferrer\" data-rel=\"iLightbox[gallery_image_1]\" class=\"fusion-lightbox\" target=\"_self\"><img decoding=\"async\" src=\"https:\/\/powiatlwowecki.pl\/wp-content\/uploads\/2023\/04\/20230413_100731-scaled.jpg\" width=\"2560\" height=\"1152\" alt=\"\" title=\"20230413_100731\" aria-label=\"20230413_100731\" class=\"img-responsive wp-image-4305\" srcset=\"https:\/\/powiatlwowecki.pl\/wp-content\/uploads\/2023\/04\/20230413_100731-200x90.jpg 200w, https:\/\/powiatlwowecki.pl\/wp-content\/uploads\/2023\/04\/20230413_100731-400x180.jpg 400w, https:\/\/powiatlwowecki.pl\/wp-content\/uploads\/2023\/04\/20230413_100731-600x270.jpg 600w, https:\/\/powiatlwowecki.pl\/wp-content\/uploads\/2023\/04\/20230413_100731-800x360.jpg 800w, https:\/\/powiatlwowecki.pl\/wp-content\/uploads\/2023\/04\/20230413_100731-1200x540.jpg 1200w, https:\/\/powiatlwowecki.pl\/wp-content\/uploads\/2023\/04\/20230413_100731-scaled.jpg 2560w\" sizes=\"(min-width: 2200px) 100vw, (min-width: 784px) 397px, (min-width: 712px) 595px, (min-width: 640px) 712px, \" \/><\/a><\/div><\/div><div style=\"padding:5px;\" class=\"fusion-grid-column fusion-gallery-column fusion-gallery-column-3 hover-type-none\"><div class=\"fusion-gallery-image\"><a href=\"https:\/\/powiatlwowecki.pl\/wp-content\/uploads\/2023\/04\/20230413_101043-scaled.jpg\" rel=\"noreferrer\" data-rel=\"iLightbox[gallery_image_1]\" class=\"fusion-lightbox\" target=\"_self\"><img decoding=\"async\" src=\"https:\/\/powiatlwowecki.pl\/wp-content\/uploads\/2023\/04\/20230413_101043-scaled.jpg\" width=\"2560\" height=\"1152\" alt=\"\" title=\"20230413_101043\" aria-label=\"20230413_101043\" class=\"img-responsive wp-image-4307\" srcset=\"https:\/\/powiatlwowecki.pl\/wp-content\/uploads\/2023\/04\/20230413_101043-200x90.jpg 200w, https:\/\/powiatlwowecki.pl\/wp-content\/uploads\/2023\/04\/20230413_101043-400x180.jpg 400w, https:\/\/powiatlwowecki.pl\/wp-content\/uploads\/2023\/04\/20230413_101043-600x270.jpg 600w, https:\/\/powiatlwowecki.pl\/wp-content\/uploads\/2023\/04\/20230413_101043-800x360.jpg 800w, https:\/\/powiatlwowecki.pl\/wp-content\/uploads\/2023\/04\/20230413_101043-1200x540.jpg 1200w, https:\/\/powiatlwowecki.pl\/wp-content\/uploads\/2023\/04\/20230413_101043-scaled.jpg 2560w\" sizes=\"(min-width: 2200px) 100vw, (min-width: 784px) 397px, (min-width: 712px) 595px, (min-width: 640px) 712px, \" \/><\/a><\/div><\/div><div class=\"clearfix\"><\/div><div style=\"padding:5px;\" class=\"fusion-grid-column fusion-gallery-column fusion-gallery-column-3 hover-type-none\"><div class=\"fusion-gallery-image\"><a href=\"https:\/\/powiatlwowecki.pl\/wp-content\/uploads\/2023\/04\/20230413_103441-scaled.jpg\" rel=\"noreferrer\" data-rel=\"iLightbox[gallery_image_1]\" class=\"fusion-lightbox\" target=\"_self\"><img decoding=\"async\" src=\"https:\/\/powiatlwowecki.pl\/wp-content\/uploads\/2023\/04\/20230413_103441-scaled.jpg\" width=\"2560\" height=\"1152\" alt=\"\" title=\"20230413_103441\" aria-label=\"20230413_103441\" class=\"img-responsive wp-image-4308\" srcset=\"https:\/\/powiatlwowecki.pl\/wp-content\/uploads\/2023\/04\/20230413_103441-200x90.jpg 200w, https:\/\/powiatlwowecki.pl\/wp-content\/uploads\/2023\/04\/20230413_103441-400x180.jpg 400w, https:\/\/powiatlwowecki.pl\/wp-content\/uploads\/2023\/04\/20230413_103441-600x270.jpg 600w, https:\/\/powiatlwowecki.pl\/wp-content\/uploads\/2023\/04\/20230413_103441-800x360.jpg 800w, https:\/\/powiatlwowecki.pl\/wp-content\/uploads\/2023\/04\/20230413_103441-1200x540.jpg 1200w, https:\/\/powiatlwowecki.pl\/wp-content\/uploads\/2023\/04\/20230413_103441-scaled.jpg 2560w\" sizes=\"(min-width: 2200px) 100vw, (min-width: 784px) 397px, (min-width: 712px) 595px, (min-width: 640px) 712px, \" \/><\/a><\/div><\/div><div style=\"padding:5px;\" class=\"fusion-grid-column fusion-gallery-column fusion-gallery-column-3 hover-type-none\"><div class=\"fusion-gallery-image\"><a href=\"https:\/\/powiatlwowecki.pl\/wp-content\/uploads\/2023\/04\/20230413_092040-scaled.jpg\" rel=\"noreferrer\" data-rel=\"iLightbox[gallery_image_1]\" class=\"fusion-lightbox\" target=\"_self\"><img decoding=\"async\" src=\"https:\/\/powiatlwowecki.pl\/wp-content\/uploads\/2023\/04\/20230413_092040-scaled.jpg\" width=\"2560\" height=\"1152\" alt=\"\" title=\"20230413_092040\" aria-label=\"20230413_092040\" class=\"img-responsive wp-image-4298\" srcset=\"https:\/\/powiatlwowecki.pl\/wp-content\/uploads\/2023\/04\/20230413_092040-200x90.jpg 200w, https:\/\/powiatlwowecki.pl\/wp-content\/uploads\/2023\/04\/20230413_092040-400x180.jpg 400w, https:\/\/powiatlwowecki.pl\/wp-content\/uploads\/2023\/04\/20230413_092040-600x270.jpg 600w, https:\/\/powiatlwowecki.pl\/wp-content\/uploads\/2023\/04\/20230413_092040-800x360.jpg 800w, https:\/\/powiatlwowecki.pl\/wp-content\/uploads\/2023\/04\/20230413_092040-1200x540.jpg 1200w, https:\/\/powiatlwowecki.pl\/wp-content\/uploads\/2023\/04\/20230413_092040-scaled.jpg 2560w\" sizes=\"(min-width: 2200px) 100vw, (min-width: 784px) 397px, (min-width: 712px) 595px, (min-width: 640px) 712px, \" \/><\/a><\/div><\/div><div style=\"padding:5px;\" class=\"fusion-grid-column fusion-gallery-column fusion-gallery-column-3 hover-type-none\"><div class=\"fusion-gallery-image\"><a href=\"https:\/\/powiatlwowecki.pl\/wp-content\/uploads\/2023\/04\/20230413_095120-scaled.jpg\" rel=\"noreferrer\" data-rel=\"iLightbox[gallery_image_1]\" class=\"fusion-lightbox\" target=\"_self\"><img decoding=\"async\" src=\"https:\/\/powiatlwowecki.pl\/wp-content\/uploads\/2023\/04\/20230413_095120-scaled.jpg\" width=\"2560\" height=\"1152\" alt=\"\" title=\"20230413_095120\" aria-label=\"20230413_095120\" class=\"img-responsive wp-image-4303\" srcset=\"https:\/\/powiatlwowecki.pl\/wp-content\/uploads\/2023\/04\/20230413_095120-200x90.jpg 200w, https:\/\/powiatlwowecki.pl\/wp-content\/uploads\/2023\/04\/20230413_095120-400x180.jpg 400w, https:\/\/powiatlwowecki.pl\/wp-content\/uploads\/2023\/04\/20230413_095120-600x270.jpg 600w, https:\/\/powiatlwowecki.pl\/wp-content\/uploads\/2023\/04\/20230413_095120-800x360.jpg 800w, https:\/\/powiatlwowecki.pl\/wp-content\/uploads\/2023\/04\/20230413_095120-1200x540.jpg 1200w, https:\/\/powiatlwowecki.pl\/wp-content\/uploads\/2023\/04\/20230413_095120-scaled.jpg 2560w\" sizes=\"(min-width: 2200px) 100vw, (min-width: 784px) 397px, (min-width: 712px) 595px, (min-width: 640px) 712px, \" \/><\/a><\/div><\/div><div class=\"clearfix\"><\/div><div style=\"padding:5px;\" class=\"fusion-grid-column fusion-gallery-column fusion-gallery-column-3 hover-type-none\"><div class=\"fusion-gallery-image\"><a href=\"https:\/\/powiatlwowecki.pl\/wp-content\/uploads\/2023\/04\/20230413_094648-scaled.jpg\" rel=\"noreferrer\" data-rel=\"iLightbox[gallery_image_1]\" class=\"fusion-lightbox\" target=\"_self\"><img decoding=\"async\" src=\"https:\/\/powiatlwowecki.pl\/wp-content\/uploads\/2023\/04\/20230413_094648-scaled.jpg\" width=\"2560\" height=\"1152\" alt=\"\" title=\"20230413_094648\" aria-label=\"20230413_094648\" class=\"img-responsive wp-image-4301\" srcset=\"https:\/\/powiatlwowecki.pl\/wp-content\/uploads\/2023\/04\/20230413_094648-200x90.jpg 200w, https:\/\/powiatlwowecki.pl\/wp-content\/uploads\/2023\/04\/20230413_094648-400x180.jpg 400w, https:\/\/powiatlwowecki.pl\/wp-content\/uploads\/2023\/04\/20230413_094648-600x270.jpg 600w, https:\/\/powiatlwowecki.pl\/wp-content\/uploads\/2023\/04\/20230413_094648-800x360.jpg 800w, https:\/\/powiatlwowecki.pl\/wp-content\/uploads\/2023\/04\/20230413_094648-1200x540.jpg 1200w, https:\/\/powiatlwowecki.pl\/wp-content\/uploads\/2023\/04\/20230413_094648-scaled.jpg 2560w\" sizes=\"(min-width: 2200px) 100vw, (min-width: 784px) 397px, (min-width: 712px) 595px, (min-width: 640px) 712px, \" \/><\/a><\/div><\/div><div style=\"padding:5px;\" class=\"fusion-grid-column fusion-gallery-column fusion-gallery-column-3 hover-type-none\"><div class=\"fusion-gallery-image\"><a href=\"https:\/\/powiatlwowecki.pl\/wp-content\/uploads\/2023\/04\/20230413_094714-scaled.jpg\" rel=\"noreferrer\" data-rel=\"iLightbox[gallery_image_1]\" class=\"fusion-lightbox\" target=\"_self\"><img decoding=\"async\" src=\"https:\/\/powiatlwowecki.pl\/wp-content\/uploads\/2023\/04\/20230413_094714-scaled.jpg\" width=\"2560\" height=\"1152\" alt=\"\" title=\"20230413_094714\" aria-label=\"20230413_094714\" class=\"img-responsive wp-image-4302\" srcset=\"https:\/\/powiatlwowecki.pl\/wp-content\/uploads\/2023\/04\/20230413_094714-200x90.jpg 200w, https:\/\/powiatlwowecki.pl\/wp-content\/uploads\/2023\/04\/20230413_094714-400x180.jpg 400w, https:\/\/powiatlwowecki.pl\/wp-content\/uploads\/2023\/04\/20230413_094714-600x270.jpg 600w, https:\/\/powiatlwowecki.pl\/wp-content\/uploads\/2023\/04\/20230413_094714-800x360.jpg 800w, https:\/\/powiatlwowecki.pl\/wp-content\/uploads\/2023\/04\/20230413_094714-1200x540.jpg 1200w, https:\/\/powiatlwowecki.pl\/wp-content\/uploads\/2023\/04\/20230413_094714-scaled.jpg 2560w\" sizes=\"(min-width: 2200px) 100vw, (min-width: 784px) 397px, (min-width: 712px) 595px, (min-width: 640px) 712px, \" \/><\/a><\/div><\/div><div style=\"padding:5px;\" class=\"fusion-grid-column fusion-gallery-column fusion-gallery-column-3 hover-type-none\"><div class=\"fusion-gallery-image\"><a href=\"https:\/\/powiatlwowecki.pl\/wp-content\/uploads\/2023\/04\/20230413_104050-scaled.jpg\" rel=\"noreferrer\" data-rel=\"iLightbox[gallery_image_1]\" class=\"fusion-lightbox\" target=\"_self\"><img decoding=\"async\" src=\"https:\/\/powiatlwowecki.pl\/wp-content\/uploads\/2023\/04\/20230413_104050-scaled.jpg\" width=\"2560\" height=\"1152\" alt=\"\" title=\"20230413_104050\" aria-label=\"20230413_104050\" class=\"img-responsive wp-image-4290\" srcset=\"https:\/\/powiatlwowecki.pl\/wp-content\/uploads\/2023\/04\/20230413_104050-200x90.jpg 200w, https:\/\/powiatlwowecki.pl\/wp-content\/uploads\/2023\/04\/20230413_104050-400x180.jpg 400w, https:\/\/powiatlwowecki.pl\/wp-content\/uploads\/2023\/04\/20230413_104050-600x270.jpg 600w, https:\/\/powiatlwowecki.pl\/wp-content\/uploads\/2023\/04\/20230413_104050-800x360.jpg 800w, https:\/\/powiatlwowecki.pl\/wp-content\/uploads\/2023\/04\/20230413_104050-1200x540.jpg 1200w, https:\/\/powiatlwowecki.pl\/wp-content\/uploads\/2023\/04\/20230413_104050-scaled.jpg 2560w\" sizes=\"(min-width: 2200px) 100vw, (min-width: 784px) 397px, (min-width: 712px) 595px, (min-width: 640px) 712px, \" \/><\/a><\/div><\/div><div class=\"clearfix\"><\/div><div style=\"padding:5px;\" class=\"fusion-grid-column fusion-gallery-column fusion-gallery-column-3 hover-type-none\"><div class=\"fusion-gallery-image\"><a href=\"https:\/\/powiatlwowecki.pl\/wp-content\/uploads\/2023\/04\/20230413_104143-scaled.jpg\" rel=\"noreferrer\" data-rel=\"iLightbox[gallery_image_1]\" class=\"fusion-lightbox\" target=\"_self\"><img decoding=\"async\" src=\"https:\/\/powiatlwowecki.pl\/wp-content\/uploads\/2023\/04\/20230413_104143-scaled.jpg\" width=\"2560\" height=\"1152\" alt=\"\" title=\"20230413_104143\" aria-label=\"20230413_104143\" class=\"img-responsive wp-image-4291\" srcset=\"https:\/\/powiatlwowecki.pl\/wp-content\/uploads\/2023\/04\/20230413_104143-200x90.jpg 200w, https:\/\/powiatlwowecki.pl\/wp-content\/uploads\/2023\/04\/20230413_104143-400x180.jpg 400w, https:\/\/powiatlwowecki.pl\/wp-content\/uploads\/2023\/04\/20230413_104143-600x270.jpg 600w, https:\/\/powiatlwowecki.pl\/wp-content\/uploads\/2023\/04\/20230413_104143-800x360.jpg 800w, https:\/\/powiatlwowecki.pl\/wp-content\/uploads\/2023\/04\/20230413_104143-1200x540.jpg 1200w, https:\/\/powiatlwowecki.pl\/wp-content\/uploads\/2023\/04\/20230413_104143-scaled.jpg 2560w\" sizes=\"(min-width: 2200px) 100vw, (min-width: 784px) 397px, (min-width: 712px) 595px, (min-width: 640px) 712px, \" \/><\/a><\/div><\/div><div style=\"padding:5px;\" class=\"fusion-grid-column fusion-gallery-column fusion-gallery-column-3 hover-type-none\"><div class=\"fusion-gallery-image\"><a href=\"https:\/\/powiatlwowecki.pl\/wp-content\/uploads\/2023\/04\/20230413_104030-scaled.jpg\" rel=\"noreferrer\" data-rel=\"iLightbox[gallery_image_1]\" class=\"fusion-lightbox\" target=\"_self\"><img decoding=\"async\" src=\"https:\/\/powiatlwowecki.pl\/wp-content\/uploads\/2023\/04\/20230413_104030-scaled.jpg\" width=\"2560\" height=\"1152\" alt=\"\" title=\"20230413_104030\" aria-label=\"20230413_104030\" class=\"img-responsive wp-image-4292\" srcset=\"https:\/\/powiatlwowecki.pl\/wp-content\/uploads\/2023\/04\/20230413_104030-200x90.jpg 200w, https:\/\/powiatlwowecki.pl\/wp-content\/uploads\/2023\/04\/20230413_104030-400x180.jpg 400w, https:\/\/powiatlwowecki.pl\/wp-content\/uploads\/2023\/04\/20230413_104030-600x270.jpg 600w, https:\/\/powiatlwowecki.pl\/wp-content\/uploads\/2023\/04\/20230413_104030-800x360.jpg 800w, https:\/\/powiatlwowecki.pl\/wp-content\/uploads\/2023\/04\/20230413_104030-1200x540.jpg 1200w, https:\/\/powiatlwowecki.pl\/wp-content\/uploads\/2023\/04\/20230413_104030-scaled.jpg 2560w\" sizes=\"(min-width: 2200px) 100vw, (min-width: 784px) 397px, (min-width: 712px) 595px, (min-width: 640px) 712px, \" \/><\/a><\/div><\/div><div style=\"padding:5px;\" class=\"fusion-grid-column fusion-gallery-column fusion-gallery-column-3 hover-type-none\"><div class=\"fusion-gallery-image\"><a href=\"https:\/\/powiatlwowecki.pl\/wp-content\/uploads\/2023\/04\/20230413_103955-scaled.jpg\" rel=\"noreferrer\" data-rel=\"iLightbox[gallery_image_1]\" class=\"fusion-lightbox\" target=\"_self\"><img decoding=\"async\" src=\"https:\/\/powiatlwowecki.pl\/wp-content\/uploads\/2023\/04\/20230413_103955-scaled.jpg\" width=\"2560\" height=\"1152\" alt=\"\" title=\"20230413_103955\" aria-label=\"20230413_103955\" class=\"img-responsive wp-image-4309\" srcset=\"https:\/\/powiatlwowecki.pl\/wp-content\/uploads\/2023\/04\/20230413_103955-200x90.jpg 200w, https:\/\/powiatlwowecki.pl\/wp-content\/uploads\/2023\/04\/20230413_103955-400x180.jpg 400w, https:\/\/powiatlwowecki.pl\/wp-content\/uploads\/2023\/04\/20230413_103955-600x270.jpg 600w, https:\/\/powiatlwowecki.pl\/wp-content\/uploads\/2023\/04\/20230413_103955-800x360.jpg 800w, https:\/\/powiatlwowecki.pl\/wp-content\/uploads\/2023\/04\/20230413_103955-1200x540.jpg 1200w, https:\/\/powiatlwowecki.pl\/wp-content\/uploads\/2023\/04\/20230413_103955-scaled.jpg 2560w\" sizes=\"(min-width: 2200px) 100vw, (min-width: 784px) 397px, (min-width: 712px) 595px, (min-width: 640px) 712px, \" \/><\/a><\/div><\/div><div class=\"clearfix\"><\/div><\/div><\/div><\/div><\/div><\/div><\/div>\n","protected":false},"excerpt":{"rendered":"","protected":false},"author":8,"featured_media":4309,"comment_status":"closed","ping_status":"closed","sticky":false,"template":"","format":"standard","meta":{"_acf_changed":false,"footnotes":""},"categories":[5],"tags":[],"class_list":["post-4310","post","type-post","status-publish","format-standard","has-post-thumbnail","hentry","category-aktualnosci"],"acf":{"kal_data_wydarzenia":""},"_links":{"self":[{"href":"https:\/\/powiatlwowecki.pl\/plci_json_endpoint\/wp\/v2\/posts\/4310","targetHints":{"allow":["GET"]}}],"collection":[{"href":"https:\/\/powiatlwowecki.pl\/plci_json_endpoint\/wp\/v2\/posts"}],"about":[{"href":"https:\/\/powiatlwowecki.pl\/plci_json_endpoint\/wp\/v2\/types\/post"}],"author":[{"embeddable":true,"href":"https:\/\/powiatlwowecki.pl\/plci_json_endpoint\/wp\/v2\/users\/8"}],"replies":[{"embeddable":true,"href":"https:\/\/powiatlwowecki.pl\/plci_json_endpoint\/wp\/v2\/comments?post=4310"}],"version-history":[{"count":0,"href":"https:\/\/powiatlwowecki.pl\/plci_json_endpoint\/wp\/v2\/posts\/4310\/revisions"}],"wp:featuredmedia":[{"embeddable":true,"href":"https:\/\/powiatlwowecki.pl\/plci_json_endpoint\/wp\/v2\/media\/4309"}],"wp:attachment":[{"href":"https:\/\/powiatlwowecki.pl\/plci_json_endpoint\/wp\/v2\/media?parent=4310"}],"wp:term":[{"taxonomy":"category","embeddable":true,"href":"https:\/\/powiatlwowecki.pl\/plci_json_endpoint\/wp\/v2\/categories?post=4310"},{"taxonomy":"post_tag","embeddable":true,"href":"https:\/\/powiatlwowecki.pl\/plci_json_endpoint\/wp\/v2\/tags?post=4310"}],"curies":[{"name":"wp","href":"https:\/\/api.w.org\/{rel}","templated":true}]}}