{"id":4181,"date":"2023-03-31T12:03:57","date_gmt":"2023-03-31T10:03:57","guid":{"rendered":"https:\/\/powiatlwowecki.pl\/?p=4181"},"modified":"2023-03-31T13:14:25","modified_gmt":"2023-03-31T11:14:25","slug":"droga-turystko-i-drogi-turysto-zachecamy-do-pobrania-przewodnika-turystycznego","status":"publish","type":"post","link":"https:\/\/powiatlwowecki.pl\/droga-turystko-i-drogi-turysto-zachecamy-do-pobrania-przewodnika-turystycznego\/","title":{"rendered":"Droga Turystko i Drogi Turysto, zach\u0119camy do pobrania przewodnika turystycznego."},"content":{"rendered":"<div class=\"fusion-fullwidth fullwidth-box fusion-builder-row-1 fusion-flex-container has-pattern-background has-mask-background nonhundred-percent-fullwidth non-hundred-percent-height-scrolling\" style=\"--awb-border-radius-top-left:0px;--awb-border-radius-top-right:0px;--awb-border-radius-bottom-right:0px;--awb-border-radius-bottom-left:0px;--awb-flex-wrap:wrap;\" ><div class=\"fusion-builder-row fusion-row fusion-flex-align-items-flex-start fusion-flex-content-wrap\" style=\"max-width:1248px;margin-left: calc(-4% \/ 2 );margin-right: calc(-4% \/ 2 );\"><div class=\"fusion-layout-column fusion_builder_column fusion-builder-column-0 fusion_builder_column_3_4 3_4 fusion-flex-column\" style=\"--awb-bg-size:cover;--awb-width-large:75%;--awb-margin-top-large:0px;--awb-spacing-right-large:2.56%;--awb-margin-bottom-large:20px;--awb-spacing-left-large:2.56%;--awb-width-medium:100%;--awb-order-medium:0;--awb-spacing-right-medium:1.92%;--awb-spacing-left-medium:1.92%;--awb-width-small:100%;--awb-order-small:0;--awb-spacing-right-small:1.92%;--awb-spacing-left-small:1.92%;\"><div class=\"fusion-column-wrapper fusion-column-has-shadow fusion-flex-justify-content-flex-start fusion-content-layout-column\"><div class=\"fusion-text fusion-text-1\"><h4>Droga Turystko i Drogi Turysto,<\/h4>\n<h4>Przygotowali\u015bmy specjalnie dla Was unikatowy i niepowtarzalny przewodnik po Powiecie Lw\u00f3weckim i mie\u015bcie \u017dacl\u00e9\u0159.<\/h4>\n<h4>Znajdziecie w nim mn\u00f3stwo ciekawych atrakcji turystycznych , kt\u00f3re warto zobaczy\u0107. Sporz\u0105dzony zosta\u0142 na podstawie zdj\u0119\u0107 polskich fotograf\u00f3w z Powiatu Lw\u00f3weckiego oraz czeskich z rejon\u00f3w \u017dacl\u00e9\u0159a. Wykorzystano fotografie z warsztat\u00f3w fotograficznych.<\/h4>\n<p>Podr\u00f3\u017c z naszym przewodnikiem w r\u0119ku przywiedzie Was do miejsc, w kt\u00f3rych tradycja i historia wsp\u00f3\u0142graj\u0105 z nowoczesno\u015bci\u0105, a na ka\u017cdym kroku czuje si\u0119 obecno\u015b\u0107 dobrych duch\u00f3w przesz\u0142o\u015bci.<\/p>\n<p>Odkryjecie w nich per\u0142y architektury. Swoj\u0105 niepowtarzaln\u0105 atmosfer\u0105 zachwyc\u0105 miasta, miasteczka, wsie. Rozkochaj\u0105 w sobie cuda tutejszej natury i niezwykli mieszka\u0144cy. Ziemia dolno\u015bl\u0105ska zainteresuje, przyci\u0105gnie i sprawi, \u017ce b\u0119dziecie do niej stale wraca\u0107.<\/p>\n<p>Otwarte na Europ\u0119 i \u015bwiat Powiat Lw\u00f3wecki i nazywane wschodni\u0105 bram\u0105 Karkonoszy Miasto \u017dacl\u00e9\u0159, zapraszaj\u0105 na niezwyk\u0142y spacer po polsko-czeskim pograniczu.<\/p>\n<p>Unikatowe atrakcje turystyczne, liczne architektoniczne per\u0142y i zabytki klasy europejskiej, osobliwo\u015bci geologiczne i przyrodnicze cuda. Tak w kilku s\u0142owach mo\u017cna opisa\u0107 Powiat Lw\u00f3wecki w po\u0142udniowo-zachodniej cz\u0119\u015bci wojew\u00f3dztwa dolno\u015bl\u0105skiego. Po\u0142o\u017cony pomi\u0119dzy Dolinami Bobru i Kwisy, obejmuje fragmenty Pog\u00f3rza Kaczawskiego, Pog\u00f3rza Izerskiego oraz G\u00f3r Kaczawskich i G\u00f3r Izerskich. Znajduj\u0105ce si\u0119 tu r\u00f3\u017cnego rodzaju siedliska, tj. bory szpilkowe, gr\u0105dy, buczyny, torfowiska, stawy czy zbiorowiska \u0142\u0105kowe wp\u0142ywaj\u0105 na bogactwo flory i fauny. Na terenie powiatu wyodr\u0119bniono rezerwaty torfowiskowe Torfowisko Izerskie oraz Torfowisko Doliny Izery, rezerwat le\u015bny \u201eG\u00f3ra Zamkowa\u201d we Wleniu. Funkcjonuje te\u017c Park Krajobrazowy Doliny Bobru. W sieci obszar\u00f3w chronionych Natura 2000 znalaz\u0142y si\u0119 m.in. Torfowiska G\u00f3r Izerskich i Panie\u0144skie Ska\u0142y znajduj\u0105ce si\u0119 niedaleko Lw\u00f3wka. Jak g\u0142osi legenda, w ska\u0142ach tych podczas wojen ukrywa\u0142y si\u0119 dziewcz\u0119ta i kobiety. Do dzi\u015b, na g\u0142azie przy skalnej szczelinie, mo\u017cna odnale\u017a\u0107 wykuty niemiecki napis \u201eJungfernstubschen\u2013 \u201ePanie\u0144ska Izdebka\u201d, od kt\u00f3rego ska\u0142y wzi\u0119\u0142y swoj\u0105 nazw\u0119. Na ska\u0142ach wida\u0107 te\u017c tajemnicze walo\u0144skie znaki zostawione przez \u015bredniowiecznych poszukiwaczy z\u0142ota i kamieni szlachetnych. Powiat oferuje wiele atrakcji i sprzyja r\u00f3\u017cnym formom wypoczynku. Poznawanie okolicy u\u0142atwiaj\u0105 liczne szlaki turystyczne. Na obszarze wytyczono ponad 150 km szlak\u00f3w pieszych i ponad 200 km szlak\u00f3w rowerowych. Mi\u0142o\u015bnicy sp\u0142yw\u00f3w kajakowych znajd\u0105 dla siebie atrakcyjne trasy na Bobrze i Kwisie, a zasobno\u015bci\u0105 tych w\u00f3d nie pogardz\u0105 w\u0119dkarze. Imprezy kulturalne i sportowe organizowane przez gminy powiatu, s\u0105 okazj\u0105 do poznania historii i kultury regionu. W miasteczkach powiatu zachowa\u0142 si\u0119 \u015bredniowieczny uk\u0142ad urbanistyczny. Cennych zabytk\u00f3w \u2013 zamk\u00f3w, pa\u0142ac\u00f3w czy ko\u015bcio\u0142\u00f3w\u2013 mog\u0105 im pozazdro\u015bci\u0107 wielkie metropolie. W sk\u0142ad powiatu wchodz\u0105 gminy: Lw\u00f3wek \u015al\u0105ski, Gryf\u00f3w \u015al\u0105ski, Lubomierz, Mirsk, Wle\u0144. Powiat lw\u00f3wecki graniczy z powiatami: boles\u0142awieckim, karkonoskim, luba\u0144skim, z\u0142otoryjskim, a od po\u0142udniowego zachodu z Republik\u0105 Czesk\u0105, prowadz\u0105c od wielu lat wsp\u00f3\u0142prac\u0119 partnersk\u0105 z mikroregionem Fr\u00fddlantsko oraz miastem \u017dacl\u00e9\u0159 \u2013 stolic\u0105 mikroregionu \u017dacl\u00e9\u0159sko, kt\u00f3r\u0105 tak\u017ce przedstawiamy w przewodniku.<\/p>\n<\/div><div class=\"fusion-text fusion-text-2\"><p><img decoding=\"async\" class=\"alignnone wp-image-2207\" src=\"https:\/\/powiatlwowecki.pl\/wp-content\/uploads\/2021\/02\/wszsystkie-3-300x21.jpg\" alt=\"LOGOTYPY PROGRAMU POLSKO-CZESKIEGO I EUROREGIONU NYSA\" width=\"986\" height=\"69\" srcset=\"https:\/\/powiatlwowecki.pl\/wp-content\/uploads\/2021\/02\/wszsystkie-3-24x2.jpg 24w, https:\/\/powiatlwowecki.pl\/wp-content\/uploads\/2021\/02\/wszsystkie-3-36x3.jpg 36w, https:\/\/powiatlwowecki.pl\/wp-content\/uploads\/2021\/02\/wszsystkie-3-48x3.jpg 48w, https:\/\/powiatlwowecki.pl\/wp-content\/uploads\/2021\/02\/wszsystkie-3-200x14.jpg 200w, https:\/\/powiatlwowecki.pl\/wp-content\/uploads\/2021\/02\/wszsystkie-3-300x21.jpg 300w, https:\/\/powiatlwowecki.pl\/wp-content\/uploads\/2021\/02\/wszsystkie-3-400x29.jpg 400w, https:\/\/powiatlwowecki.pl\/wp-content\/uploads\/2021\/02\/wszsystkie-3-600x43.jpg 600w, https:\/\/powiatlwowecki.pl\/wp-content\/uploads\/2021\/02\/wszsystkie-3-768x55.jpg 768w, https:\/\/powiatlwowecki.pl\/wp-content\/uploads\/2021\/02\/wszsystkie-3-800x57.jpg 800w, https:\/\/powiatlwowecki.pl\/wp-content\/uploads\/2021\/02\/wszsystkie-3-1024x73.jpg 1024w\" sizes=\"(max-width: 986px) 100vw, 986px\" \/><\/p>\n<\/div><\/div><\/div><div class=\"fusion-layout-column fusion_builder_column fusion-builder-column-1 fusion_builder_column_1_4 1_4 fusion-flex-column\" style=\"--awb-bg-size:cover;--awb-width-large:25%;--awb-margin-top-large:0px;--awb-spacing-right-large:7.68%;--awb-margin-bottom-large:20px;--awb-spacing-left-large:7.68%;--awb-width-medium:100%;--awb-order-medium:0;--awb-spacing-right-medium:1.92%;--awb-spacing-left-medium:1.92%;--awb-width-small:100%;--awb-order-small:0;--awb-spacing-right-small:1.92%;--awb-spacing-left-small:1.92%;\"><div class=\"fusion-column-wrapper fusion-column-has-shadow fusion-flex-justify-content-flex-start fusion-content-layout-column\"><div class=\"fusion-text fusion-text-3\"><h3>ZACH\u0118CAMY DO POBRANIA<\/h3>\n<\/div><div class=\"fusion-content-boxes content-boxes columns row fusion-columns-1 fusion-columns-total-2 fusion-content-boxes-1 content-boxes-icon-with-title content-left\" style=\"--awb-hover-accent-color:#f44336;--awb-circle-hover-accent-color:#f44336;--awb-item-margin-bottom:40px;\" data-animationOffset=\"top-into-view\"><div style=\"--awb-backgroundcolor:rgba(142,74,114,0.84);\" class=\"fusion-column content-box-column content-box-column content-box-column-1 col-lg-12 col-md-12 col-sm-12 fusion-content-box-hover content-box-column-last-in-row\"><div class=\"col content-box-wrapper content-wrapper-background link-area-link-icon link-type-text content-icon-wrapper-yes icon-hover-animation-slide\" data-animationOffset=\"top-into-view\"><div class=\"heading icon-left\"><a class=\"heading-link\" style=\"float:left;\" href=\"https:\/\/powiatlwowecki.pl\/wp-content\/uploads\/2023\/03\/folder-NXPowerLite-Copy.pdf\" target=\"_self\"><h2 class=\"content-box-heading\" style=\"--h2_typography-font-size:24px;line-height:29px;\">przewodnik turystyczny<\/h2><\/a><\/div><div class=\"fusion-clearfix\"><\/div><a class=\" fusion-read-more\" style=\"float:left;\" href=\"https:\/\/powiatlwowecki.pl\/wp-content\/uploads\/2023\/03\/folder-NXPowerLite-Copy.pdf\" target=\"_self\">POBIERZ<\/a><div class=\"fusion-clearfix\"><\/div><\/div><\/div><div style=\"--awb-backgroundcolor:#d8892f;\" class=\"fusion-column content-box-column content-box-column content-box-column-2 col-lg-12 col-md-12 col-sm-12 fusion-content-box-hover content-box-column-last content-box-column-last-in-row\"><div class=\"col content-box-wrapper content-wrapper-background link-area-link-icon link-type-text content-icon-wrapper-yes icon-hover-animation-slide\" data-animationOffset=\"top-into-view\"><div class=\"heading icon-left\"><a class=\"heading-link\" style=\"float:left;\" href=\"https:\/\/powiatlwowecki.pl\/wp-content\/uploads\/2023\/03\/mapa_v05_final-III.pdf\" target=\"_self\"><h2 class=\"content-box-heading\" style=\"--h2_typography-font-size:24px;line-height:29px;\">mapa atrakcji turystycznej<\/h2><\/a><\/div><div class=\"fusion-clearfix\"><\/div><a class=\" fusion-read-more\" style=\"float:left;\" href=\"https:\/\/powiatlwowecki.pl\/wp-content\/uploads\/2023\/03\/mapa_v05_final-III.pdf\" target=\"_self\">POBIERZ<\/a><div class=\"fusion-clearfix\"><\/div><\/div><\/div><div class=\"fusion-clearfix\"><\/div><\/div><\/div><\/div><\/div><\/div>\n","protected":false},"excerpt":{"rendered":"","protected":false},"author":8,"featured_media":4224,"comment_status":"closed","ping_status":"closed","sticky":false,"template":"","format":"standard","meta":{"_acf_changed":false,"footnotes":""},"categories":[5],"tags":[],"class_list":["post-4181","post","type-post","status-publish","format-standard","has-post-thumbnail","hentry","category-aktualnosci"],"acf":{"kal_data_wydarzenia":""},"_links":{"self":[{"href":"https:\/\/powiatlwowecki.pl\/plci_json_endpoint\/wp\/v2\/posts\/4181","targetHints":{"allow":["GET"]}}],"collection":[{"href":"https:\/\/powiatlwowecki.pl\/plci_json_endpoint\/wp\/v2\/posts"}],"about":[{"href":"https:\/\/powiatlwowecki.pl\/plci_json_endpoint\/wp\/v2\/types\/post"}],"author":[{"embeddable":true,"href":"https:\/\/powiatlwowecki.pl\/plci_json_endpoint\/wp\/v2\/users\/8"}],"replies":[{"embeddable":true,"href":"https:\/\/powiatlwowecki.pl\/plci_json_endpoint\/wp\/v2\/comments?post=4181"}],"version-history":[{"count":1,"href":"https:\/\/powiatlwowecki.pl\/plci_json_endpoint\/wp\/v2\/posts\/4181\/revisions"}],"predecessor-version":[{"id":4225,"href":"https:\/\/powiatlwowecki.pl\/plci_json_endpoint\/wp\/v2\/posts\/4181\/revisions\/4225"}],"wp:featuredmedia":[{"embeddable":true,"href":"https:\/\/powiatlwowecki.pl\/plci_json_endpoint\/wp\/v2\/media\/4224"}],"wp:attachment":[{"href":"https:\/\/powiatlwowecki.pl\/plci_json_endpoint\/wp\/v2\/media?parent=4181"}],"wp:term":[{"taxonomy":"category","embeddable":true,"href":"https:\/\/powiatlwowecki.pl\/plci_json_endpoint\/wp\/v2\/categories?post=4181"},{"taxonomy":"post_tag","embeddable":true,"href":"https:\/\/powiatlwowecki.pl\/plci_json_endpoint\/wp\/v2\/tags?post=4181"}],"curies":[{"name":"wp","href":"https:\/\/api.w.org\/{rel}","templated":true}]}}