{"id":4131,"date":"2023-03-23T12:07:52","date_gmt":"2023-03-23T11:07:52","guid":{"rendered":"https:\/\/powiatlwowecki.pl\/?p=4131"},"modified":"2023-03-23T12:07:52","modified_gmt":"2023-03-23T11:07:52","slug":"wyniki-otwartego-konkursu-ofert-na-realizacje-zadan-publicznych-powiatu-lwoweckiego-w-2023-roku-przez-organizacje-prowadzace-dzialalnosc-pozytku-publicznego","status":"publish","type":"post","link":"https:\/\/powiatlwowecki.pl\/wyniki-otwartego-konkursu-ofert-na-realizacje-zadan-publicznych-powiatu-lwoweckiego-w-2023-roku-przez-organizacje-prowadzace-dzialalnosc-pozytku-publicznego\/","title":{"rendered":"Wyniki otwartego konkursu ofert na realizacj\u0119 zada\u0144 publicznych Powiatu Lw\u00f3weckiego w 2023 roku przez organizacje prowadz\u0105ce dzia\u0142alno\u015b\u0107 po\u017cytku publicznego."},"content":{"rendered":"<div class=\"fusion-fullwidth fullwidth-box fusion-builder-row-1 fusion-flex-container has-pattern-background has-mask-background nonhundred-percent-fullwidth non-hundred-percent-height-scrolling\" style=\"--awb-border-radius-top-left:0px;--awb-border-radius-top-right:0px;--awb-border-radius-bottom-right:0px;--awb-border-radius-bottom-left:0px;--awb-flex-wrap:wrap;\" ><div class=\"fusion-builder-row fusion-row fusion-flex-align-items-flex-start fusion-flex-content-wrap\" style=\"max-width:1248px;margin-left: calc(-4% \/ 2 );margin-right: calc(-4% \/ 2 );\"><div class=\"fusion-layout-column fusion_builder_column fusion-builder-column-0 fusion_builder_column_1_1 1_1 fusion-flex-column\" style=\"--awb-bg-size:cover;--awb-width-large:100%;--awb-margin-top-large:0px;--awb-spacing-right-large:1.92%;--awb-margin-bottom-large:20px;--awb-spacing-left-large:1.92%;--awb-width-medium:100%;--awb-order-medium:0;--awb-spacing-right-medium:1.92%;--awb-spacing-left-medium:1.92%;--awb-width-small:100%;--awb-order-small:0;--awb-spacing-right-small:1.92%;--awb-spacing-left-small:1.92%;\"><div class=\"fusion-column-wrapper fusion-column-has-shadow fusion-flex-justify-content-flex-start fusion-content-layout-column\"><div class=\"fusion-text fusion-text-1\"><h3 style=\"text-align: center;\"><strong>Wyniki otwartego konkursu ofert na realizacj\u0119 zada\u0144 publicznych Powiatu Lw\u00f3weckiego w\u00a02023 roku przez organizacje prowadz\u0105ce dzia\u0142alno\u015b\u0107 po\u017cytku publicznego.<\/strong><\/h3>\n<\/div>\n<div class=\"table-1\">\n<h4><strong>Promocja i ochrona zdrowia <\/strong><\/h4>\n<table width=\"100%\">\n<thead>\n<tr>\n<th align=\"left\">l.p<\/th>\n<th style=\"text-align: center;\" align=\"left\"><strong>nazwa organizacji<\/strong><\/th>\n<th style=\"text-align: center;\" align=\"left\"><strong>nazwa zadania <\/strong><\/th>\n<th align=\"left\">przyznana kwota<\/th>\n<\/tr>\n<\/thead>\n<tbody>\n<tr>\n<td align=\"left\">1.<\/td>\n<td align=\"left\">Stowarzyszenie Mi\u0142o\u015bnik\u00f3w Kultury Fizycznej \u201eAZYL\u201d<\/td>\n<td align=\"left\"><em>Id\u0119 po zdrowie \u2013 cztery pory roku z Powiatem Lw\u00f3weckim<\/em><\/td>\n<td align=\"left\">3 000 z\u0142<\/td>\n<\/tr>\n<\/tbody>\n<\/table>\n<\/div>\n\n<div class=\"table-1\">\n<h4><strong>Wspieranie os\u00f3b niepe\u0142nosprawnych<\/strong><\/h4>\n<table width=\"100%\">\n<thead>\n<tr>\n<th align=\"left\">l.p.<\/th>\n<th style=\"text-align: center;\" align=\"left\">nazwa organizacji<\/th>\n<th style=\"text-align: center;\" align=\"left\">nazwa zadania<\/th>\n<th align=\"left\">przyznana kwota<\/th>\n<\/tr>\n<\/thead>\n<tbody>\n<tr>\n<td align=\"left\">1.<\/td>\n<td align=\"left\">Stowarzyszenie Mi\u0142o\u015bnik\u00f3w Kultury Fizycznej \u201eAZYL\u201d<\/td>\n<td align=\"left\"><em>Od niepe\u0142nosprawno\u015bci do godno\u015bci<\/em><\/td>\n<td align=\"left\">1 000 z\u0142<\/td>\n<\/tr>\n<tr>\n<td align=\"left\">2.<\/td>\n<td align=\"left\">Stowarzyszenie Na Rzecz Os\u00f3b Niepe\u0142nosprawnych \u201eMocni\u201d<\/td>\n<td align=\"left\"><em>Turystyka g\u00f3rska jako forma rehabilitacji zdrowotnej os\u00f3b niepe\u0142nosprawnych<\/em><\/td>\n<td align=\"left\">3 000 z\u0142<\/td>\n<\/tr>\n<tr>\n<td align=\"left\">3.<\/td>\n<td align=\"left\">Lw\u00f3weckie Stowarzyszenie Senior\u00f3w \u201eSerdeczna d\u0142o\u0144\u201d<\/td>\n<td align=\"left\">Stowarzyszenie Senior\u00f3w \u201eSerdeczna d\u0142o\u0144\u201d jest blisko z\u00a0osobami niepe\u0142nosprawnymi<\/td>\n<td align=\"left\">1 000 z\u0142<\/td>\n<\/tr>\n<\/tbody>\n<\/table>\n<\/div>\n\n<h4><strong>Kultura<\/strong><\/h4>\n<div class=\"table-1\">\n<table width=\"100%\">\n<thead>\n<tr>\n<th align=\"left\">l.p.<\/th>\n<th style=\"text-align: center;\" align=\"left\">nazwa organizacj<\/th>\n<th style=\"text-align: center;\" align=\"left\">nazwa zadania<\/th>\n<th align=\"left\">przyznana kwota<\/th>\n<\/tr>\n<\/thead>\n<tbody>\n<tr>\n<td align=\"left\">1.<\/td>\n<td align=\"left\">Fundacja Po Prostu<\/td>\n<td align=\"left\"><em>Powiatowy obchody Narodowego Dnia Pami\u0119ci M\u0119cze\u0144stwa Kresowian<\/em><\/td>\n<td align=\"left\">4 000 z\u0142<\/td>\n<\/tr>\n<tr>\n<td align=\"left\">2.<\/td>\n<td align=\"left\">Stowarzyszenie Przyjaci\u00f3\u0142 Lubomierza<\/td>\n<td align=\"left\"><em>IV Lubomierska Jesie\u0144<\/em><\/td>\n<td align=\"left\">4 400 z\u0142<\/td>\n<\/tr>\n<tr>\n<td align=\"left\">3.<\/td>\n<td align=\"left\">Lw\u00f3weckie Stowarzyszenie Senior\u00f3w \u201eSerdeczna d\u0142o\u0144\u201d<\/td>\n<td align=\"left\">Stowarzyszenie Senior\u00f3w \u201eSerdeczna d\u0142o\u0144\u201d dba o \u015brodowisko i\u00a0przyrod\u0119<\/td>\n<td align=\"left\">1 100 z\u0142<\/td>\n<\/tr>\n<tr>\n<td align=\"left\">4.<\/td>\n<td align=\"left\">Stowarzyszenie SK<\/td>\n<td align=\"left\"><em>Zabytkowo i Klockowo<\/em><\/td>\n<td align=\"left\">1 360 z\u0142<\/td>\n<\/tr>\n<\/tbody>\n<\/table>\n<\/div>\n\n<div class=\"table-1\">\n<h4><strong>Kultura fizyczna i turystyczna <\/strong><\/h4>\n<table width=\"100%\">\n<thead>\n<tr>\n<th align=\"left\">l.p.<\/th>\n<th style=\"text-align: center;\" align=\"left\">nazwa organizacji<\/th>\n<th style=\"text-align: center;\" align=\"left\">nazwa zadania<\/th>\n<th style=\"text-align: center;\" align=\"left\">przyznana kwota<\/th>\n<\/tr>\n<\/thead>\n<tbody>\n<tr>\n<td align=\"left\">1.<\/td>\n<td align=\"left\">Powiatowy Szkolny Zwi\u0105zek Sportowy\u00a0 w Lw\u00f3wku \u015al\u0105skim<\/td>\n<td align=\"left\"><em>Organizacja zawod\u00f3w mi\u0119dzyszkolnych PSZS<\/em><\/td>\n<td align=\"left\">16 000 z\u0142<\/td>\n<\/tr>\n<tr>\n<td align=\"left\">2.<\/td>\n<td align=\"left\">Ko\u0142o Gospody\u0144 Wiejskich \u201eNasza Bielanka\u201d<\/td>\n<td align=\"left\"><em>\u201ePostaw na rower\u201d \u2013 Bezpiecznie na szlaku przy przystani Bielanka<\/em><\/td>\n<td align=\"left\">1 000 z\u0142<\/td>\n<\/tr>\n<tr>\n<td align=\"left\">3.<\/td>\n<td align=\"left\">Stowarzyszenie Mi\u0142o\u015bnik\u00f3w Kultury Fizycznej \u201eAZYL\u201d<\/td>\n<td align=\"left\"><em>I Powiatowy Turniej Pi\u0142ki No\u017cnej \u201eOLDBOY\u201d Lw\u00f3wek \u015al\u0105ski 2023r.<\/em><\/td>\n<td align=\"left\">1 000 z\u0142<\/td>\n<\/tr>\n<tr>\n<td align=\"left\">4.<\/td>\n<td align=\"left\">Stowarzyszenie Mi\u0142o\u015bnik\u00f3w Kultury Fizycznej \u201eAZYL\u201d<\/td>\n<td align=\"left\"><em>X Fina\u0142 Mistrzostw Polski M\u0142odzie\u017cowych O\u015brodk\u00f3w Wychowawczych w Pi\u0142ce No\u017cnej na \u201eOrliku\u201d Lw\u00f3wek \u015al\u0105ski 2023r.<\/em><\/td>\n<td align=\"left\">1 000 z\u0142<\/td>\n<\/tr>\n<tr>\n<td align=\"left\">5.<\/td>\n<td align=\"left\">Miejski Klub Sportowy Stella Lubomierz<\/td>\n<td align=\"left\"><em>Turniej Pi\u0142ki No\u017cnej M\u0142odzik\u00f3w o Puchar Starosty Lw\u00f3weckiego<\/em><\/td>\n<td align=\"left\">1 500 z\u0142<\/td>\n<\/tr>\n<tr>\n<td align=\"left\">6.<\/td>\n<td align=\"left\">Mi\u0119dzyszkolny Ludowy Klub Sportowy \u201eRAKOWICE\u201d<\/td>\n<td align=\"left\"><em>Wzmocnienie aktywno\u015bci fizycznej dzieci, m\u0142odzie\u017cy i doros\u0142ych z\u00a0Powiatu Lw\u00f3weckiego<\/em><\/td>\n<td align=\"left\">1 000 z\u0142<\/td>\n<\/tr>\n<tr>\n<td align=\"left\">7.<\/td>\n<td align=\"left\">Gryfowski Klub Sportowy \u201eGRYF\u201d<\/td>\n<td align=\"left\"><em>Dzie\u0144 dziecka z Gryfem \u2013 Turnieje w pi\u0142ce no\u017cnej o Puchar Starosty Lw\u00f3weckiego<\/em><\/td>\n<td align=\"left\">3 000 z\u0142<\/td>\n<\/tr>\n<tr>\n<td align=\"left\">8.<\/td>\n<td align=\"left\">Stowarzyszenie Kultury Fizycznej Miejsko-Gminny Klub Sportowy \u201eZrzeszenie Ludowych Zespo\u0142\u00f3w Sportowych\u201d<\/td>\n<td align=\"left\"><em>Mistrzostwa Powiatu w pi\u0142ce no\u017cnej halowej doros\u0142ych poprzez organizacj\u0119 turnieju<\/em><\/td>\n<td align=\"left\">5 000 z\u0142<\/td>\n<\/tr>\n<tr>\n<td align=\"left\">9.<\/td>\n<td align=\"left\">Fundacja Po Prostu<\/td>\n<td align=\"left\"><em>Izerska Parada Powoz\u00f3w 2023<\/em><\/td>\n<td align=\"left\">1 000 z\u0142<\/td>\n<\/tr>\n<tr>\n<td align=\"left\">10.<\/td>\n<td align=\"left\">Stowarzyszenie VIA REGIA PIESZK\u00d3W<\/td>\n<td align=\"left\"><em>Bezpieczniej na szlaku \u015bw. Jakuba \u2013 Via Regia<\/em><\/td>\n<td align=\"left\">1 000 z\u0142<\/td>\n<\/tr>\n<tr>\n<td align=\"left\">11.<\/td>\n<td align=\"left\">Stowarzyszenie \u201eZSET \u2013 Nasza Szko\u0142a\u201d<\/td>\n<td align=\"left\"><em>Otwarty Powiatowy Piknik Sportowo-Rekreacyjny<\/em><\/td>\n<td align=\"left\">1 000 z\u0142<\/td>\n<\/tr>\n<tr>\n<td align=\"left\">12.<\/td>\n<td align=\"left\">Powiatowe Zrzeszenie Ludowe Zespo\u0142y Sportowe w Lw\u00f3wku \u015al\u0105skim<\/td>\n<td align=\"left\"><em>Organizacja imprez sportowych Powiatowego Zrzeszenia Ludowe Zespo\u0142y Sportowe w Lw\u00f3wku \u015al\u0105skim w 2023 roku<\/em><\/td>\n<td align=\"left\">18 000 z\u0142<\/td>\n<\/tr>\n<tr>\n<td align=\"left\">13.<\/td>\n<td align=\"left\">Ko\u0142o Gospody\u0144 Wiejskich \u201eBogata Chata\u201d w\u00a0D\u0142u\u017ccu<\/td>\n<td align=\"left\"><em>Zakup samoobs\u0142ugowej stacji naprawy rower\u00f3w<\/em><\/td>\n<td align=\"left\">1 000 z\u0142<\/td>\n<\/tr>\n<tr>\n<td align=\"left\">14.<\/td>\n<td align=\"left\">Lw\u00f3weckie Stowarzyszenie Senior\u00f3w \u201eSerdeczna d\u0142o\u0144\u201d<\/td>\n<td align=\"left\"><em>Seniorzy z Powiatu Lw\u00f3weckiego aktywnie i zdrowo sp\u0119dzaj\u0105 czas poznaj\u0105c pi\u0119kne zak\u0105tki Powiatu Lw\u00f3weckiego i Kotliny Jeleniog\u00f3rskiej<\/em><\/td>\n<td align=\"left\">500 z\u0142<\/td>\n<\/tr>\n<tr>\n<td align=\"left\">15.<\/td>\n<td align=\"left\">Lw\u00f3weckie Stowarzyszenie Senior\u00f3w \u201eSerdeczna d\u0142o\u0144\u201d<\/td>\n<td align=\"left\"><em>Stowarzyszenie Senior\u00f3w \u201eSerdeczna D\u0142o\u0144\u201d dba o kultur\u0119 fizyczn\u0105 senior\u00f3w<\/em><\/td>\n<td align=\"left\">500 z\u0142<\/td>\n<\/tr>\n<\/tbody>\n<\/table>\n<\/div>\n\n<div class=\"table-1\">\n<h4><strong>Ochrona \u015brodowiska <\/strong><\/h4>\n<table width=\"100%\">\n<thead>\n<tr>\n<th align=\"left\">l.p.<\/th>\n<th style=\"text-align: center;\" align=\"left\">nazwa organizacji<\/th>\n<th style=\"text-align: center;\" align=\"left\">nazwa zadania<\/th>\n<th style=\"text-align: center;\" align=\"left\">przyznana kwota<\/th>\n<\/tr>\n<\/thead>\n<tbody>\n<tr>\n<td align=\"left\">1.<\/td>\n<td align=\"left\">Stowarzyszenie Homo Viator<\/td>\n<td align=\"left\"><em>EKO Warsztaty!<\/em><\/td>\n<td align=\"left\">4 000 z\u0142<\/td>\n<\/tr>\n<\/tbody>\n<\/table>\n<\/div>\n<p style=\"text-align: center;\">\u00a0Przewodnicz\u0105cy<\/p>\n<p style=\"text-align: center;\">\u00a0Zarz\u0105du Powiatu Lw\u00f3weckiego<\/p>\n<p style=\"text-align: center;\">\u00a0 \/-\/<\/p>\n<p style=\"text-align: center;\">\u00a0 Daniel Koko<\/p>\n<\/div><\/div><\/div><\/div>\n","protected":false},"excerpt":{"rendered":"","protected":false},"author":8,"featured_media":4133,"comment_status":"closed","ping_status":"closed","sticky":false,"template":"","format":"standard","meta":{"_acf_changed":false,"footnotes":""},"categories":[5],"tags":[],"class_list":["post-4131","post","type-post","status-publish","format-standard","has-post-thumbnail","hentry","category-aktualnosci"],"acf":{"kal_data_wydarzenia":""},"_links":{"self":[{"href":"https:\/\/powiatlwowecki.pl\/plci_json_endpoint\/wp\/v2\/posts\/4131","targetHints":{"allow":["GET"]}}],"collection":[{"href":"https:\/\/powiatlwowecki.pl\/plci_json_endpoint\/wp\/v2\/posts"}],"about":[{"href":"https:\/\/powiatlwowecki.pl\/plci_json_endpoint\/wp\/v2\/types\/post"}],"author":[{"embeddable":true,"href":"https:\/\/powiatlwowecki.pl\/plci_json_endpoint\/wp\/v2\/users\/8"}],"replies":[{"embeddable":true,"href":"https:\/\/powiatlwowecki.pl\/plci_json_endpoint\/wp\/v2\/comments?post=4131"}],"version-history":[{"count":0,"href":"https:\/\/powiatlwowecki.pl\/plci_json_endpoint\/wp\/v2\/posts\/4131\/revisions"}],"wp:featuredmedia":[{"embeddable":true,"href":"https:\/\/powiatlwowecki.pl\/plci_json_endpoint\/wp\/v2\/media\/4133"}],"wp:attachment":[{"href":"https:\/\/powiatlwowecki.pl\/plci_json_endpoint\/wp\/v2\/media?parent=4131"}],"wp:term":[{"taxonomy":"category","embeddable":true,"href":"https:\/\/powiatlwowecki.pl\/plci_json_endpoint\/wp\/v2\/categories?post=4131"},{"taxonomy":"post_tag","embeddable":true,"href":"https:\/\/powiatlwowecki.pl\/plci_json_endpoint\/wp\/v2\/tags?post=4131"}],"curies":[{"name":"wp","href":"https:\/\/api.w.org\/{rel}","templated":true}]}}