{"id":4113,"date":"2023-03-16T11:42:15","date_gmt":"2023-03-16T10:42:15","guid":{"rendered":"https:\/\/powiatlwowecki.pl\/?p=4113"},"modified":"2023-03-16T11:42:15","modified_gmt":"2023-03-16T10:42:15","slug":"trwa-nabor-zgloszen-do-viii-edycji-bitwy-regionow","status":"publish","type":"post","link":"https:\/\/powiatlwowecki.pl\/trwa-nabor-zgloszen-do-viii-edycji-bitwy-regionow\/","title":{"rendered":"Trwa nab\u00f3r zg\u0142osze\u0144 do VIII edycji \u201eBitwy Region\u00f3w\u201d"},"content":{"rendered":"<p><strong>Smaki region\u00f3w, dawne receptury i wyj\u0105tkowe potrawy przygotowywane z\u00a0pasj\u0105 i sercem. To wszystko podczas Og\u00f3lnopolskiego Konkursu Kulinarnego dla K\u00f3\u0142 Gospody\u0144 Wiejskich pn. \u201eBitwa Region\u00f3w\u201d. Trwa nab\u00f3r zg\u0142osze\u0144 do VIII edycji konkursu organizowanego przez Ministerstwo Rolnictwa i Rozwoju Wsi oraz Krajowy O\u015brodek Wsparcia Rolnictwa przy wsp\u00f3\u0142pracy Agencji Restrukturyzacji i Modernizacji Rolnictwa i Kasy Rolniczego Ubezpieczenia Spo\u0142ecznego.<\/strong><\/p>\n<p><strong>\u00a0<\/strong><\/p>\n<p>\u201eBitwa Region\u00f3w\u201d to og\u00f3lnopolski konkurs, w kt\u00f3rym reprezentacje K\u00f3\u0142 Gospody\u0144 Wiejskich przygotowuj\u0105 regionaln\u0105 potraw\u0119 w oparciu o w\u0142asn\u0105 receptur\u0119 i rodzime produkty. Wydarzenie cieszy si\u0119 ogromn\u0105 popularno\u015bci\u0105, dlatego od ubieg\u0142ego roku jego formu\u0142a zosta\u0142a poszerzona o eliminacje na poziomie powiat\u00f3w, aby wszystkie ch\u0119tne KGW mia\u0142y okazj\u0119 zaprezentowa\u0107 swoje umiej\u0119tno\u015bci kulinarne. Celem konkursu \u201eBitwa Region\u00f3w\u201d jest m.in. promowanie regionalnych potraw oraz bogactwa i r\u00f3\u017cnorodno\u015bci lokalnych tradycji kulinarnych. Wa\u017cnym aspektem jest tak\u017ce promowanie i wspieranie K\u00f3\u0142 Gospody\u0144 Wiejskich, w szczeg\u00f3lno\u015bci w zakresie aktywizacji wsp\u00f3lnot i spo\u0142eczno\u015bci lokalnych na obszarach wiejskich.<\/p>\n<p>W tegorocznym regulaminie \u201eBitwy Region\u00f3w\u201d zosta\u0142a wprowadzona istotna zmiana. W\u00a0tym roku po raz pierwszy znalaz\u0142 si\u0119 wym\u00f3g, aby przy przygotowaniu potrawy konkursowej wykorzysta\u0107 przynajmniej jeden produkt regionalny, tradycyjny. Wszystko po to, by pokazywa\u0107 atuty kulinarne region\u00f3w. Przewidziano r\u00f3wnie\u017c zwrot \u015brodk\u00f3w za zakup produkt\u00f3w spo\u017cywczych przeznaczonych na przygotowanie potrawy konkursowej.\u00a0 Zg\u0142oszenia KGW s\u0105 przyjmowane do 31 marca br.<\/p>\n<p>Konkurs b\u0119dzie przebiega\u0107 w trzech etapach:<\/p>\n<p>Etap I \u2013 wszystkie KGW, kt\u00f3re prawid\u0142owo prze\u015bl\u0105 zg\u0142oszenie online, wezm\u0105 udzia\u0142<br \/>\nw eliminacjach powiatowych podczas piknik\u00f3w z PRODUKTEM POLSKIM. Etapy powiatowe b\u0119d\u0105 si\u0119 odbywa\u0107 od maja do lipca;<\/p>\n<p>Etap II \u2013 KGW, kt\u00f3re zajm\u0105 1. miejsce w powiecie, zostan\u0105 zaproszone do udzia\u0142u w\u00a0p\u00f3\u0142fina\u0142ach wojew\u00f3dzkich, kt\u00f3re odb\u0119d\u0105 si\u0119 w sierpniu i\u00a0wrze\u015bniu;<\/p>\n<p>Etap III \u2013 16 KGW, po 1 z ka\u017cdego wojew\u00f3dztwa, kt\u00f3re zdob\u0119d\u0105 1. miejsce w II etapie konkursu, zakwalifikuj\u0105 si\u0119 do fina\u0142u og\u00f3lnopolskiego. Fina\u0142 zaplanowany jest<br \/>\nw pa\u017adzierniku.<\/p>\n<p>&nbsp;<\/p>\n<p>W VII edycji \u201eBitwy Region\u00f3w\u201d pad\u0142 rekord zg\u0142osze\u0144 \u2013 wp\u0142yn\u0119\u0142o ich a\u017c\u00a0 3196, a\u00a0 g\u0142\u00f3wn\u0105 nagrod\u0119 zdoby\u0142o Ko\u0142o Gospody\u0144 Wiejskich Zimna W\u00f3dka z wojew\u00f3dztwa opolskiego. Daniem fina\u0142owym, kt\u00f3re zachwyci\u0142o jury, by\u0142y policzki wieprzowe z ciapkapust\u0105. Na II miejscu uplasowa\u0142o si\u0119 Ko\u0142o Gospody\u0144 Wiejskich Wsi Zalipie z wojew\u00f3dztwa ma\u0142opolskiego za knedle ze \u015bliwkami. III miejsce zaj\u0119\u0142o Ko\u0142o Gospody\u0144 Wiejskich w\u00a0Krzekotowie z wojew\u00f3dztwa kujawsko-pomorskiego za szynk\u0119 parzon\u0105 z ko\u015bci\u0105 \u2013 wielkanocn\u0105.<\/p>\n<p>&nbsp;<\/p>\n<p>Zapisy do VIII ju\u017c edycji tego wydarzenia odbywaj\u0105 si\u0119 w dniach 1 do 31 marca i dokonuje si\u0119 ich poprzez wype\u0142nienie formularza na stronie konkursu: <a href=\"http:\/\/www.bitwaregionow.pl\">www.bitwaregionow.pl<\/a><\/p>\n<p>&nbsp;<\/p>\n<p>Nagrodami w Konkursie b\u0119d\u0105 nagrody pieni\u0119\u017cne oraz nagrody dodatkowe przyznawane na ka\u017cdym etapie Konkursu:<\/p>\n<p>Etap I \u2013 za zaj\u0119cie:<\/p>\n<p>I miejsca nagroda pieni\u0119\u017cna o warto\u015bci 2 000 z\u0142 brutto (s\u0142ownie: dwa tysi\u0105ce z\u0142otych),<\/p>\n<p>II miejsca nagroda pieni\u0119\u017cna o warto\u015bci 1500 z\u0142 brutto (s\u0142ownie: tysi\u0105c pi\u0119\u0107set z\u0142otych),<\/p>\n<p>III miejsca nagroda pieni\u0119\u017cna o warto\u015bci 1000 z\u0142 brutto (s\u0142ownie: tysi\u0105c z\u0142otych);<\/p>\n<p>Etap II \u2013 za zaj\u0119cie:<\/p>\n<p>I miejsca nagroda pieni\u0119\u017cna o warto\u015bci 5 000 z\u0142 brutto (s\u0142ownie: pi\u0119\u0107 tysi\u0119cy z\u0142otych),<\/p>\n<p>II miejsca nagroda pieni\u0119\u017cna o warto\u015bci 3 500 z\u0142 brutto (s\u0142ownie: trzy tysi\u0105ce pi\u0119\u0107set z\u0142otych),<\/p>\n<p>III miejsca nagroda pieni\u0119\u017cna o warto\u015bci 2 000 z\u0142 (s\u0142ownie: dwa tysi\u0105ce z\u0142otych);<\/p>\n<p>Etap III \u2013 za zaj\u0119cie:<\/p>\n<p>I miejsca nagroda pieni\u0119\u017cna o warto\u015bci 25 000 z\u0142 brutto (s\u0142ownie: dwadzie\u015bcia pi\u0119\u0107 tysi\u0119cy z\u0142otych) oraz nagroda dodatkowa w formie wyjazdu dla 5 cz\u0142onk\u00f3w KGW na zagraniczne targi rolno-spo\u017cywcze odbywaj\u0105ce si\u0119 na terenie Unii Europejskiej, na kt\u00f3rych swoje stoisko b\u0119dzie mia\u0142 Krajowy O\u015brodek Wsparcia Rolnictwa,<\/p>\n<p>II miejsca nagroda pieni\u0119\u017cna o warto\u015bci 15 000 z\u0142 brutto (s\u0142ownie: pi\u0119tna\u015bcie tysi\u0119cy z\u0142otych),<\/p>\n<p>III miejsca nagroda pieni\u0119\u017cna o warto\u015bci 10 000 z\u0142 brutto (s\u0142ownie: dziesi\u0119\u0107 tysi\u0119cy z\u0142otych).<\/p>\n<p>&nbsp;<\/p>\n<p><u>Harmonogram konkursu \u0142\u0105cznie ze wskazaniem lokalizacji poszczeg\u00f3lnych etap\u00f3w zostanie przygotowany i og\u0142oszony po zamkni\u0119ciu zapis\u00f3w.<\/u><\/p>\n<p>&nbsp;<\/p>\n<p>W przypadku jakichkolwiek pyta\u0144 dotycz\u0105cych spraw zwi\u0105zanych z konkursem poni\u017cej przekazuje dane kontaktowe do os\u00f3b odpowiedzialnych za koordynacje dzia\u0142a\u0144 w tym zakresie:<\/p>\n<p>&#8211; Pani Diana Choi\u0144ska 780\u00a0027\u00a0221<\/p>\n<p>&#8211; Pani Diana Krzymowska 797\u00a0604 679<\/p>\n<p>&nbsp;<\/p>\n<p><img decoding=\"async\" class=\"alignnone size-full wp-image-4111\" src=\"https:\/\/powiatlwowecki.pl\/wp-content\/uploads\/2023\/03\/Bitwa-Regionow_1080x1350-plakat-na-facebook.jpg\" alt=\"\" width=\"1080\" height=\"1350\" srcset=\"https:\/\/powiatlwowecki.pl\/wp-content\/uploads\/2023\/03\/Bitwa-Regionow_1080x1350-plakat-na-facebook-19x24.jpg 19w, https:\/\/powiatlwowecki.pl\/wp-content\/uploads\/2023\/03\/Bitwa-Regionow_1080x1350-plakat-na-facebook-29x36.jpg 29w, https:\/\/powiatlwowecki.pl\/wp-content\/uploads\/2023\/03\/Bitwa-Regionow_1080x1350-plakat-na-facebook-38x48.jpg 38w, https:\/\/powiatlwowecki.pl\/wp-content\/uploads\/2023\/03\/Bitwa-Regionow_1080x1350-plakat-na-facebook-200x250.jpg 200w, https:\/\/powiatlwowecki.pl\/wp-content\/uploads\/2023\/03\/Bitwa-Regionow_1080x1350-plakat-na-facebook-240x300.jpg 240w, https:\/\/powiatlwowecki.pl\/wp-content\/uploads\/2023\/03\/Bitwa-Regionow_1080x1350-plakat-na-facebook-400x500.jpg 400w, https:\/\/powiatlwowecki.pl\/wp-content\/uploads\/2023\/03\/Bitwa-Regionow_1080x1350-plakat-na-facebook-600x750.jpg 600w, https:\/\/powiatlwowecki.pl\/wp-content\/uploads\/2023\/03\/Bitwa-Regionow_1080x1350-plakat-na-facebook-768x960.jpg 768w, https:\/\/powiatlwowecki.pl\/wp-content\/uploads\/2023\/03\/Bitwa-Regionow_1080x1350-plakat-na-facebook-800x1000.jpg 800w, https:\/\/powiatlwowecki.pl\/wp-content\/uploads\/2023\/03\/Bitwa-Regionow_1080x1350-plakat-na-facebook-819x1024.jpg 819w, https:\/\/powiatlwowecki.pl\/wp-content\/uploads\/2023\/03\/Bitwa-Regionow_1080x1350-plakat-na-facebook.jpg 1080w\" sizes=\"(max-width: 1080px) 100vw, 1080px\" \/><\/p>\n","protected":false},"excerpt":{"rendered":"<p>Smaki region\u00f3w, dawne receptury i wyj\u0105tkowe potrawy przygotowywane z\u00a0pasj\u0105 i sercem. To wszystko podczas Og\u00f3lnopolskiego Konkursu Kulinarnego dla K\u00f3\u0142 Gospody\u0144 Wiejskich pn. \u201eBitwa Region\u00f3w\u201d. Trwa nab\u00f3r zg\u0142osze\u0144 do VIII edycji konkursu organizowanego przez Ministerstwo Rolnictwa  [&#8230;]<\/p>\n","protected":false},"author":8,"featured_media":4112,"comment_status":"closed","ping_status":"closed","sticky":false,"template":"","format":"standard","meta":{"_acf_changed":false,"footnotes":""},"categories":[5],"tags":[],"class_list":["post-4113","post","type-post","status-publish","format-standard","has-post-thumbnail","hentry","category-aktualnosci"],"acf":{"kal_data_wydarzenia":""},"_links":{"self":[{"href":"https:\/\/powiatlwowecki.pl\/plci_json_endpoint\/wp\/v2\/posts\/4113","targetHints":{"allow":["GET"]}}],"collection":[{"href":"https:\/\/powiatlwowecki.pl\/plci_json_endpoint\/wp\/v2\/posts"}],"about":[{"href":"https:\/\/powiatlwowecki.pl\/plci_json_endpoint\/wp\/v2\/types\/post"}],"author":[{"embeddable":true,"href":"https:\/\/powiatlwowecki.pl\/plci_json_endpoint\/wp\/v2\/users\/8"}],"replies":[{"embeddable":true,"href":"https:\/\/powiatlwowecki.pl\/plci_json_endpoint\/wp\/v2\/comments?post=4113"}],"version-history":[{"count":0,"href":"https:\/\/powiatlwowecki.pl\/plci_json_endpoint\/wp\/v2\/posts\/4113\/revisions"}],"wp:featuredmedia":[{"embeddable":true,"href":"https:\/\/powiatlwowecki.pl\/plci_json_endpoint\/wp\/v2\/media\/4112"}],"wp:attachment":[{"href":"https:\/\/powiatlwowecki.pl\/plci_json_endpoint\/wp\/v2\/media?parent=4113"}],"wp:term":[{"taxonomy":"category","embeddable":true,"href":"https:\/\/powiatlwowecki.pl\/plci_json_endpoint\/wp\/v2\/categories?post=4113"},{"taxonomy":"post_tag","embeddable":true,"href":"https:\/\/powiatlwowecki.pl\/plci_json_endpoint\/wp\/v2\/tags?post=4113"}],"curies":[{"name":"wp","href":"https:\/\/api.w.org\/{rel}","templated":true}]}}