{"id":4060,"date":"2023-03-03T10:43:27","date_gmt":"2023-03-03T09:43:27","guid":{"rendered":"https:\/\/powiatlwowecki.pl\/?p=4060"},"modified":"2023-03-03T10:43:27","modified_gmt":"2023-03-03T09:43:27","slug":"aktywny-samorzad-2","status":"publish","type":"post","link":"https:\/\/powiatlwowecki.pl\/aktywny-samorzad-2\/","title":{"rendered":"\u201eAKTYWNY SAMORZ\u0104D\u201d"},"content":{"rendered":"<p><div class=\"fusion-fullwidth fullwidth-box fusion-builder-row-1 fusion-flex-container has-pattern-background has-mask-background nonhundred-percent-fullwidth non-hundred-percent-height-scrolling\" style=\"--awb-border-radius-top-left:0px;--awb-border-radius-top-right:0px;--awb-border-radius-bottom-right:0px;--awb-border-radius-bottom-left:0px;--awb-flex-wrap:wrap;\" ><div class=\"fusion-builder-row fusion-row fusion-flex-align-items-flex-start fusion-flex-content-wrap\" style=\"max-width:1248px;margin-left: calc(-4% \/ 2 );margin-right: calc(-4% \/ 2 );\"><div class=\"fusion-layout-column fusion_builder_column fusion-builder-column-0 fusion_builder_column_1_1 1_1 fusion-flex-column\" style=\"--awb-bg-size:cover;--awb-width-large:100%;--awb-margin-top-large:0px;--awb-spacing-right-large:1.92%;--awb-margin-bottom-large:20px;--awb-spacing-left-large:1.92%;--awb-width-medium:100%;--awb-order-medium:0;--awb-spacing-right-medium:1.92%;--awb-spacing-left-medium:1.92%;--awb-width-small:100%;--awb-order-small:0;--awb-spacing-right-small:1.92%;--awb-spacing-left-small:1.92%;\"><div class=\"fusion-column-wrapper fusion-column-has-shadow fusion-flex-justify-content-flex-start fusion-content-layout-column\"><div class=\"fusion-text fusion-text-1\"><p><strong>PILOTA\u017bOWY PROGRAM<\/strong><strong><u> \u201eAKTYWNY SAMORZ\u0104D\u201d<\/u><\/strong><\/p>\n<p><strong>finansowany ze \u015brodk\u00f3w<\/strong><\/p>\n<p><strong>Pa\u0144stwowego Funduszu Rehabilitacji Os\u00f3b Niepe\u0142nosprawnych.<\/strong><\/p>\n<p><strong>Zapraszamy do sk\u0142adania wniosk\u00f3w w terminach:<\/strong><\/p>\n<p><strong>\u00a0<\/strong><\/p>\n<p><strong>Modu\u0142 I \u2013 <\/strong>od 1 marca 2023 r. do 31 sierpnia 2023 r.<\/p>\n<p><strong>Modu\u0142 II \u2013 <\/strong><strong>od 1 marca 2023 r. <\/strong>Termin zako\u0144czenia przyjmowania wniosk\u00f3w wypada:<\/p>\n<ul>\n<li>dnia 31 marca 2023 r. (dla wniosk\u00f3w dotycz\u0105cych roku akademickiego 2022\/2023),<\/li>\n<li>dnia 10 pa\u017adziernika 2023 r. (dla wniosk\u00f3w dotycz\u0105cych roku akademickiego 2023\/2024).<strong>\u00a0\u00a0\u00a0\u00a0\u00a0\u00a0\u00a0\u00a0\u00a0\u00a0\u00a0\u00a0\u00a0\u00a0 <\/strong><\/li>\n<\/ul>\n<p><strong><em><u>PROGRAM OBEJMUJE W 2023 ROKU NAST\u0118PUJ\u0104CE OBSZARY WSPARCIA:<\/u><\/em><\/strong><\/p>\n<p><strong>Modu\u0142 I<\/strong> \u2013 likwidacja barier utrudniaj\u0105cych aktywizacj\u0119 spo\u0142eczn\u0105 i zawodow\u0105<\/p>\n<ol>\n<li><strong>obszar A<\/strong> \u2013 likwidacja bariery transportowej<\/li>\n<\/ol>\n<p>zadanie 1 i 4 \u2013 pomoc w zakupie i monta\u017cu oprzyrz\u0105dowania do posiadanego samochodu<\/p>\n<p>zadanie 2 i 3 \u2013 pomoc w uzyskaniu prawa jazdy<\/p>\n<ol start=\"2\">\n<li><strong>obszar B<\/strong> \u2013 likwidacja barier w dost\u0119pie do uczestnictwa w spo\u0142ecze\u0144stwie informacyjnym<\/li>\n<\/ol>\n<p>zadanie 1, 3 i 4 \u2013 pomoc w zakupie sprz\u0119tu elektronicznego lub jego element\u00f3w oraz oprogramowania<\/p>\n<p>zadanie 2 \u2013 dofinansowanie szkole\u0144 w zakresie obs\u0142ugi nabytego w ramach programu sprz\u0119tu elektronicznego i oprogramowania<\/p>\n<p>zadanie 5 \u2013 pomoc w utrzymaniu sprawno\u015bci technicznej posiadanego sprz\u0119tu elektronicznego<\/p>\n<ol start=\"3\">\n<li><strong>obszar C<\/strong> \u2013 likwidacja barier w poruszaniu si\u0119<\/li>\n<\/ol>\n<p>zadanie 1 \u2013 pomoc w zakupie w\u00f3zka inwalidzkiego o nap\u0119dzie elektrycznym<\/p>\n<p>zadanie 2 \u2013 pomoc w utrzymaniu sprawno\u015bci technicznej posiadanego skutera lub w\u00f3zka inwalidzkiego<br \/>\no nap\u0119dzie elektrycznym<\/p>\n<p>zadanie 3 \u2013 pomoc w zakupie protezy ko\u0144czyny, w kt\u00f3rej zastosowano nowoczesne rozwi\u0105zania techniczne, tj. protezy co najmniej na III poziomie jako\u015bci<\/p>\n<p>zadanie 4 \u2013 pomoc w utrzymaniu sprawno\u015bci technicznej posiadanej protezy ko\u0144czyny, w kt\u00f3rej zastosowano nowoczesne rozwi\u0105zania techniczne (co najmniej na III poziomie jako\u015bci)<\/p>\n<p>zadanie 5 \u2013 pomoc w zakupie skutera inwalidzkiego o nap\u0119dzie elektrycznym lub oprzyrz\u0105dowania elektrycznego do w\u00f3zka r\u0119cznego<\/p>\n<ol start=\"4\">\n<li><strong>obszar D<\/strong> \u2013 pomoc w utrzymaniu aktywno\u015bci zawodowej poprzez zapewnienie opieki dla osoby zale\u017cnej, tj. dziecka b\u0119d\u0105cego pod opiek\u0105 wnioskodawcy, przebywaj\u0105cego w \u017c\u0142obku lub przedszkolu lub pod inna tego typu opiek\u0105<\/li>\n<\/ol>\n<p><strong>Modu\u0142 II<\/strong> &#8211;\u00a0 pomoc w uzyskaniu wykszta\u0142cenia na poziomie wy\u017cszym adresowana do os\u00f3b ze znacznym lub umiarkowanym stopniem niepe\u0142nosprawno\u015bci, pobieraj\u0105cych nauk\u0119 w szkole wy\u017cszej, policealnej lub kolegium, a tak\u017ce do os\u00f3b maj\u0105cych przew\u00f3d doktorski otwarty poza studiami doktoranckimi.<\/p>\n<p>Druki wniosk\u00f3w mo\u017cna pobra\u0107 ze strony internetowej Powiatowego Centrum Pomocy Rodzinie<br \/>\nw Lw\u00f3wku \u015al\u0105skim <a href=\"http:\/\/www.pcpr.powiatlwowecki.pl\/\">www.pcpr.powiatlwowecki.pl<\/a>, jak r\u00f3wnie\u017c w siedzibie Centrum przy<br \/>\nul. Szpitalnej 4 w Lw\u00f3wku \u015al\u0105skim od poniedzia\u0142ku do pi\u0105tku w godz. 7<sup>30<\/sup>\u201315<sup>30<\/sup>, tel. (75) 782-56-41. Szczeg\u00f3\u0142owe informacje dotycz\u0105ce zasad udzielania pomocy w ramach pilota\u017cowego programu \u201eAktywny samorz\u0105d\u201d dost\u0119pne s\u0105 pod adresem: <a href=\"http:\/\/www.pfron.org.pl\/\">www.pfron.org.pl<\/a>, a tak\u017ce pod adresem: <a href=\"http:\/\/www.pcpr.powiatlwowecki.pl\/\">www.pcpr.powiatlwowecki.pl<\/a>.<\/p>\n<p>Ponadto informujemy, PFRON umo\u017cliwi\u0142 wszystkim Wnioskodawcom sk\u0142adanie wniosk\u00f3w<br \/>\no dofinansowanie za po\u015brednictwem internetowego Systemu Obs\u0142ugi Wsparcia. Wnioski on-line nale\u017cy sk\u0142ada\u0107 za po\u015brednictwem darmowego systemu SOW, kt\u00f3ry znajduje si\u0119 pod adresem: <a href=\"https:\/\/sow.pfron.org.pl\/\">sow.pfron.org.pl. <\/a><\/p>\n<\/div><\/div><\/div><\/div><\/div><div class=\"fusion-fullwidth fullwidth-box fusion-builder-row-2 fusion-flex-container has-pattern-background has-mask-background nonhundred-percent-fullwidth non-hundred-percent-height-scrolling\" style=\"--awb-border-radius-top-left:0px;--awb-border-radius-top-right:0px;--awb-border-radius-bottom-right:0px;--awb-border-radius-bottom-left:0px;--awb-flex-wrap:wrap;\" ><div class=\"fusion-builder-row fusion-row fusion-flex-align-items-flex-start fusion-flex-content-wrap\" style=\"max-width:1248px;margin-left: calc(-4% \/ 2 );margin-right: calc(-4% \/ 2 );\"><div class=\"fusion-layout-column fusion_builder_column fusion-builder-column-1 fusion_builder_column_1_4 1_4 fusion-flex-column\" style=\"--awb-bg-size:cover;--awb-width-large:25%;--awb-margin-top-large:0px;--awb-spacing-right-large:7.68%;--awb-margin-bottom-large:20px;--awb-spacing-left-large:7.68%;--awb-width-medium:100%;--awb-order-medium:0;--awb-spacing-right-medium:1.92%;--awb-spacing-left-medium:1.92%;--awb-width-small:100%;--awb-order-small:0;--awb-spacing-right-small:1.92%;--awb-spacing-left-small:1.92%;\"><div class=\"fusion-column-wrapper fusion-column-has-shadow fusion-flex-justify-content-flex-start fusion-content-layout-column\"><div class=\"fusion-image-element \" style=\"--awb-caption-title-font-family:var(--h2_typography-font-family);--awb-caption-title-font-weight:var(--h2_typography-font-weight);--awb-caption-title-font-style:var(--h2_typography-font-style);--awb-caption-title-size:var(--h2_typography-font-size);--awb-caption-title-transform:var(--h2_typography-text-transform);--awb-caption-title-line-height:var(--h2_typography-line-height);--awb-caption-title-letter-spacing:var(--h2_typography-letter-spacing);\"><span class=\" fusion-imageframe imageframe-none imageframe-1 hover-type-none\"><img decoding=\"async\" width=\"2480\" height=\"1311\" alt=\"LOgo PFRON\" title=\"PFRON logotyp\" src=\"https:\/\/powiatlwowecki.pl\/wp-content\/uploads\/2020\/12\/PFRON_wersja_podstawowa_RGB-01.jpg\" class=\"img-responsive wp-image-1973\" srcset=\"https:\/\/powiatlwowecki.pl\/wp-content\/uploads\/2020\/12\/PFRON_wersja_podstawowa_RGB-01-200x106.jpg 200w, https:\/\/powiatlwowecki.pl\/wp-content\/uploads\/2020\/12\/PFRON_wersja_podstawowa_RGB-01-400x211.jpg 400w, https:\/\/powiatlwowecki.pl\/wp-content\/uploads\/2020\/12\/PFRON_wersja_podstawowa_RGB-01-600x317.jpg 600w, https:\/\/powiatlwowecki.pl\/wp-content\/uploads\/2020\/12\/PFRON_wersja_podstawowa_RGB-01-800x423.jpg 800w, https:\/\/powiatlwowecki.pl\/wp-content\/uploads\/2020\/12\/PFRON_wersja_podstawowa_RGB-01-1200x634.jpg 1200w, https:\/\/powiatlwowecki.pl\/wp-content\/uploads\/2020\/12\/PFRON_wersja_podstawowa_RGB-01.jpg 2480w\" sizes=\"(max-width: 1024px) 100vw, (max-width: 640px) 100vw, 400px\" \/><\/span><\/div><\/div><\/div><div class=\"fusion-layout-column fusion_builder_column fusion-builder-column-2 fusion_builder_column_1_4 1_4 fusion-flex-column\" style=\"--awb-bg-size:cover;--awb-width-large:25%;--awb-margin-top-large:0px;--awb-spacing-right-large:7.68%;--awb-margin-bottom-large:20px;--awb-spacing-left-large:7.68%;--awb-width-medium:100%;--awb-order-medium:0;--awb-spacing-right-medium:1.92%;--awb-spacing-left-medium:1.92%;--awb-width-small:100%;--awb-order-small:0;--awb-spacing-right-small:1.92%;--awb-spacing-left-small:1.92%;\"><div class=\"fusion-column-wrapper fusion-column-has-shadow fusion-flex-justify-content-flex-start fusion-content-layout-column\"><div class=\"fusion-image-element \" style=\"--awb-caption-title-font-family:var(--h2_typography-font-family);--awb-caption-title-font-weight:var(--h2_typography-font-weight);--awb-caption-title-font-style:var(--h2_typography-font-style);--awb-caption-title-size:var(--h2_typography-font-size);--awb-caption-title-transform:var(--h2_typography-text-transform);--awb-caption-title-line-height:var(--h2_typography-line-height);--awb-caption-title-letter-spacing:var(--h2_typography-letter-spacing);\"><span class=\" fusion-imageframe imageframe-none imageframe-2 hover-type-none\"><img decoding=\"async\" width=\"250\" height=\"287\" title=\"herb Powiat Lw\u00f3wecki nowy z ramk\u0105\" src=\"https:\/\/powiatlwowecki.pl\/wp-content\/uploads\/2022\/08\/herb-Powiat-Lwowecki-nowy-z-ramka-e1666889931610.png\" alt class=\"img-responsive wp-image-3430\" srcset=\"https:\/\/powiatlwowecki.pl\/wp-content\/uploads\/2022\/08\/herb-Powiat-Lwowecki-nowy-z-ramka-e1666889931610-200x230.png 200w, https:\/\/powiatlwowecki.pl\/wp-content\/uploads\/2022\/08\/herb-Powiat-Lwowecki-nowy-z-ramka-e1666889931610.png 250w\" sizes=\"(max-width: 1024px) 100vw, (max-width: 640px) 100vw, 400px\" \/><\/span><\/div><\/div><\/div><div class=\"fusion-layout-column fusion_builder_column fusion-builder-column-3 fusion_builder_column_1_4 1_4 fusion-flex-column\" style=\"--awb-bg-size:cover;--awb-width-large:25%;--awb-margin-top-large:0px;--awb-spacing-right-large:7.68%;--awb-margin-bottom-large:20px;--awb-spacing-left-large:7.68%;--awb-width-medium:100%;--awb-order-medium:0;--awb-spacing-right-medium:1.92%;--awb-spacing-left-medium:1.92%;--awb-width-small:100%;--awb-order-small:0;--awb-spacing-right-small:1.92%;--awb-spacing-left-small:1.92%;\"><div class=\"fusion-column-wrapper fusion-column-has-shadow fusion-flex-justify-content-flex-start fusion-content-layout-column\"><div class=\"fusion-image-element \" style=\"--awb-caption-title-font-family:var(--h2_typography-font-family);--awb-caption-title-font-weight:var(--h2_typography-font-weight);--awb-caption-title-font-style:var(--h2_typography-font-style);--awb-caption-title-size:var(--h2_typography-font-size);--awb-caption-title-transform:var(--h2_typography-text-transform);--awb-caption-title-line-height:var(--h2_typography-line-height);--awb-caption-title-letter-spacing:var(--h2_typography-letter-spacing);\"><span class=\" fusion-imageframe imageframe-none imageframe-3 hover-type-none\"><img decoding=\"async\" width=\"216\" height=\"157\" alt=\"logo PCPR\" title=\"pcpr\" src=\"https:\/\/powiatlwowecki.pl\/wp-content\/uploads\/2022\/03\/pcpr.gif\" class=\"img-responsive wp-image-3128\"\/><\/span><\/div><\/div><\/div><div class=\"fusion-layout-column fusion_builder_column fusion-builder-column-4 fusion_builder_column_1_4 1_4 fusion-flex-column\" style=\"--awb-bg-size:cover;--awb-width-large:25%;--awb-margin-top-large:0px;--awb-spacing-right-large:7.68%;--awb-margin-bottom-large:20px;--awb-spacing-left-large:7.68%;--awb-width-medium:100%;--awb-order-medium:0;--awb-spacing-right-medium:1.92%;--awb-spacing-left-medium:1.92%;--awb-width-small:100%;--awb-order-small:0;--awb-spacing-right-small:1.92%;--awb-spacing-left-small:1.92%;\"><div class=\"fusion-column-wrapper fusion-column-has-shadow fusion-flex-justify-content-flex-start fusion-content-layout-column\"><div class=\"fusion-image-element \" style=\"--awb-caption-title-font-family:var(--h2_typography-font-family);--awb-caption-title-font-weight:var(--h2_typography-font-weight);--awb-caption-title-font-style:var(--h2_typography-font-style);--awb-caption-title-size:var(--h2_typography-font-size);--awb-caption-title-transform:var(--h2_typography-text-transform);--awb-caption-title-line-height:var(--h2_typography-line-height);--awb-caption-title-letter-spacing:var(--h2_typography-letter-spacing);\"><span class=\" fusion-imageframe imageframe-none imageframe-4 hover-type-none\"><img decoding=\"async\" width=\"1500\" height=\"1500\" alt=\"z\u0142\u00f3\u017c wniosek online - system obs\u0142ugi wsparcia sow.pfron.org.pl\" title=\"z\u0142\u00f3\u017c wniosek online\" src=\"https:\/\/powiatlwowecki.pl\/wp-content\/uploads\/2022\/03\/zloz-wniosek-online.png\" class=\"img-responsive wp-image-3129\" srcset=\"https:\/\/powiatlwowecki.pl\/wp-content\/uploads\/2022\/03\/zloz-wniosek-online-200x200.png 200w, https:\/\/powiatlwowecki.pl\/wp-content\/uploads\/2022\/03\/zloz-wniosek-online-400x400.png 400w, https:\/\/powiatlwowecki.pl\/wp-content\/uploads\/2022\/03\/zloz-wniosek-online-600x600.png 600w, https:\/\/powiatlwowecki.pl\/wp-content\/uploads\/2022\/03\/zloz-wniosek-online-800x800.png 800w, https:\/\/powiatlwowecki.pl\/wp-content\/uploads\/2022\/03\/zloz-wniosek-online-1200x1200.png 1200w, https:\/\/powiatlwowecki.pl\/wp-content\/uploads\/2022\/03\/zloz-wniosek-online.png 1500w\" sizes=\"(max-width: 1024px) 100vw, (max-width: 640px) 100vw, 400px\" \/><\/span><\/div><\/div><\/div><\/div><\/div><\/p>\n","protected":false},"excerpt":{"rendered":"","protected":false},"author":8,"featured_media":3130,"comment_status":"closed","ping_status":"closed","sticky":false,"template":"","format":"standard","meta":{"_acf_changed":false,"footnotes":""},"categories":[5],"tags":[],"class_list":["post-4060","post","type-post","status-publish","format-standard","has-post-thumbnail","hentry","category-aktualnosci"],"acf":{"kal_data_wydarzenia":""},"_links":{"self":[{"href":"https:\/\/powiatlwowecki.pl\/plci_json_endpoint\/wp\/v2\/posts\/4060","targetHints":{"allow":["GET"]}}],"collection":[{"href":"https:\/\/powiatlwowecki.pl\/plci_json_endpoint\/wp\/v2\/posts"}],"about":[{"href":"https:\/\/powiatlwowecki.pl\/plci_json_endpoint\/wp\/v2\/types\/post"}],"author":[{"embeddable":true,"href":"https:\/\/powiatlwowecki.pl\/plci_json_endpoint\/wp\/v2\/users\/8"}],"replies":[{"embeddable":true,"href":"https:\/\/powiatlwowecki.pl\/plci_json_endpoint\/wp\/v2\/comments?post=4060"}],"version-history":[{"count":0,"href":"https:\/\/powiatlwowecki.pl\/plci_json_endpoint\/wp\/v2\/posts\/4060\/revisions"}],"wp:featuredmedia":[{"embeddable":true,"href":"https:\/\/powiatlwowecki.pl\/plci_json_endpoint\/wp\/v2\/media\/3130"}],"wp:attachment":[{"href":"https:\/\/powiatlwowecki.pl\/plci_json_endpoint\/wp\/v2\/media?parent=4060"}],"wp:term":[{"taxonomy":"category","embeddable":true,"href":"https:\/\/powiatlwowecki.pl\/plci_json_endpoint\/wp\/v2\/categories?post=4060"},{"taxonomy":"post_tag","embeddable":true,"href":"https:\/\/powiatlwowecki.pl\/plci_json_endpoint\/wp\/v2\/tags?post=4060"}],"curies":[{"name":"wp","href":"https:\/\/api.w.org\/{rel}","templated":true}]}}