{"id":4025,"date":"2023-02-21T15:05:30","date_gmt":"2023-02-21T14:05:30","guid":{"rendered":"https:\/\/powiatlwowecki.pl\/?p=4025"},"modified":"2023-02-21T15:07:32","modified_gmt":"2023-02-21T14:07:32","slug":"4025-2","status":"publish","type":"post","link":"https:\/\/powiatlwowecki.pl\/4025-2\/","title":{"rendered":"PIENI\u0104DZE NA START"},"content":{"rendered":"<div class=\"fusion-fullwidth fullwidth-box fusion-builder-row-1 fusion-flex-container nonhundred-percent-fullwidth non-hundred-percent-height-scrolling\" style=\"--awb-border-radius-top-left:0px;--awb-border-radius-top-right:0px;--awb-border-radius-bottom-right:0px;--awb-border-radius-bottom-left:0px;--awb-flex-wrap:wrap;\" ><div class=\"fusion-builder-row fusion-row fusion-flex-align-items-flex-start fusion-flex-content-wrap\" style=\"max-width:1248px;margin-left: calc(-4% \/ 2 );margin-right: calc(-4% \/ 2 );\"><div class=\"fusion-layout-column fusion_builder_column fusion-builder-column-0 fusion_builder_column_1_1 1_1 fusion-flex-column\" style=\"--awb-bg-size:cover;--awb-width-large:100%;--awb-margin-top-large:0px;--awb-spacing-right-large:1.92%;--awb-margin-bottom-large:0px;--awb-spacing-left-large:1.92%;--awb-width-medium:100%;--awb-spacing-right-medium:1.92%;--awb-spacing-left-medium:1.92%;--awb-width-small:100%;--awb-spacing-right-small:1.92%;--awb-spacing-left-small:1.92%;\"><div class=\"fusion-column-wrapper fusion-flex-justify-content-flex-start fusion-content-layout-column\"><div class=\"fusion-text fusion-text-1\"><p><img decoding=\"async\" class=\"alignnone size-full wp-image-2135\" src=\"https:\/\/powiatlwowecki.pl\/wp-content\/uploads\/2021\/02\/FE_PR-DS-UE_EFFR-poziom-PL-kolor-scaled.jpg\" alt=\"Logotypy UE, Dolnego \u015al\u0105ska, RP oraz Europejskiego Funduszu Rozwoju Regionalnego\" width=\"2560\" height=\"364\" srcset=\"https:\/\/powiatlwowecki.pl\/wp-content\/uploads\/2021\/02\/FE_PR-DS-UE_EFFR-poziom-PL-kolor-24x3.jpg 24w, https:\/\/powiatlwowecki.pl\/wp-content\/uploads\/2021\/02\/FE_PR-DS-UE_EFFR-poziom-PL-kolor-36x5.jpg 36w, https:\/\/powiatlwowecki.pl\/wp-content\/uploads\/2021\/02\/FE_PR-DS-UE_EFFR-poziom-PL-kolor-48x7.jpg 48w, https:\/\/powiatlwowecki.pl\/wp-content\/uploads\/2021\/02\/FE_PR-DS-UE_EFFR-poziom-PL-kolor-200x28.jpg 200w, https:\/\/powiatlwowecki.pl\/wp-content\/uploads\/2021\/02\/FE_PR-DS-UE_EFFR-poziom-PL-kolor-300x43.jpg 300w, https:\/\/powiatlwowecki.pl\/wp-content\/uploads\/2021\/02\/FE_PR-DS-UE_EFFR-poziom-PL-kolor-400x57.jpg 400w, https:\/\/powiatlwowecki.pl\/wp-content\/uploads\/2021\/02\/FE_PR-DS-UE_EFFR-poziom-PL-kolor-600x85.jpg 600w, https:\/\/powiatlwowecki.pl\/wp-content\/uploads\/2021\/02\/FE_PR-DS-UE_EFFR-poziom-PL-kolor-768x109.jpg 768w, https:\/\/powiatlwowecki.pl\/wp-content\/uploads\/2021\/02\/FE_PR-DS-UE_EFFR-poziom-PL-kolor-800x114.jpg 800w, https:\/\/powiatlwowecki.pl\/wp-content\/uploads\/2021\/02\/FE_PR-DS-UE_EFFR-poziom-PL-kolor-1024x146.jpg 1024w, https:\/\/powiatlwowecki.pl\/wp-content\/uploads\/2021\/02\/FE_PR-DS-UE_EFFR-poziom-PL-kolor-1200x171.jpg 1200w, https:\/\/powiatlwowecki.pl\/wp-content\/uploads\/2021\/02\/FE_PR-DS-UE_EFFR-poziom-PL-kolor-1536x219.jpg 1536w, https:\/\/powiatlwowecki.pl\/wp-content\/uploads\/2021\/02\/FE_PR-DS-UE_EFFR-poziom-PL-kolor-scaled.jpg 2560w\" sizes=\"(max-width: 2560px) 100vw, 2560px\" \/><\/p>\n<p>Punkt Informacyjny Funduszy Europejskich w Jeleniej G\u00f3rze zaprasza\u00a0 na webinarium pt<strong>. \u201e<\/strong><strong>PIENI\u0104DZE NA START <\/strong><strong>&#8221; <\/strong><strong>\u2013 02.03.2023 r. \u00a0Jelenia G\u00f3ra\/online<\/strong><\/p>\n<p>W trakcie <strong>spotkania informacyjnego on-line <\/strong>zostan\u0105 przedstawione mo\u017cliwo\u015bci otrzymania wsparcia finansowego na uruchomienie w\u0142asnej dzia\u0142alno\u015bci gospodarczej. <strong>\u00a0<\/strong><\/p>\n<p>Spotkanie, w formie webinarium, odb\u0119dzie si\u0119 na platformie internetowej ZOOM. Dla sprawnej organizacji prosimy o <strong>zg\u0142aszanie si\u0119 na spotkanie za po\u015brednictwem poczty<\/strong> <strong>elektronicznej<\/strong> na\u00a0 adres:\u00a0<a href=\"mailto:pife.jeleniagora@dolnyslask.pl\">pife.jeleniagora@dolnyslask.pl<\/a> \u00a0<strong>do dnia 1.03.2022 r.<\/strong> do godz.15.00. Po rejestracji otrzymacie Pa\u0144stwo na sw\u00f3j adres e-mailowy indywidualny link do spotkania. W przypadku os\u00f3b z niepe\u0142nosprawno\u015bciami prosimy o poinformowanie organizatora o swoich potrzebach. Umo\u017cliwi to przygotowanie odpowiedniej pomocy oraz zapewni sprawn\u0105 obs\u0142ug\u0119 spotkania.<\/p>\n<p>W razie problem\u00f3w technicznych, prosimy o kontakt telefoniczny z organizatorem. Udzia\u0142 w webinarium jest<strong> bezp\u0142atny<\/strong>. O uczestnictwie decyduje kolejno\u015b\u0107 zg\u0142osze\u0144. Zastrzega si\u0119 mo\u017cliwo\u015b\u0107 wcze\u015bniejszego zako\u0144czenia rekrutacji.<\/p>\n<p><strong>Do udzia\u0142u zapraszamy: <\/strong>osoby \u00a0bez pracy, zamieszka\u0142e lub ucz\u0105ce si\u0119, z obszaru wojew\u00f3dztwa dolno\u015bl\u0105skiego.<\/p>\n<p><strong>\u00a0<\/strong><\/p>\n<p><strong>Webinarium <\/strong><strong>odb\u0119dzie si\u0119:<\/strong><\/p>\n<p><strong>2 marca 2023 r. (czwartek), w godz. <\/strong><strong>12.00-13.15<\/strong><\/p>\n<p><strong>Program webinarium:<\/strong><\/p>\n<ul>\n<li>Przywitanie uczestnik\u00f3w, \u017ar\u00f3d\u0142a informacji o Funduszach Europejskich oraz oferta Sieci Punkt\u00f3w Informacyjnych Funduszy Europejskich, wsparcie ze \u015brodk\u00f3w UE na za\u0142o\u017cenie dzia\u0142alno\u015bci gospodarczej w perspektywie finansowania 2021-2027;<\/li>\n<li><strong>\u201eRz\u0105dowy Program Pierwszy Biznes \u2013 Wsparcie w Starcie\u201d;<\/strong><\/li>\n<li><strong>\u201eMikropo\u017cyczka na rozpocz\u0119cie dzia\u0142alno\u015bci gospodarczej\u201d.<\/strong><\/li>\n<\/ul>\n<p><strong>\u00a0<\/strong><\/p>\n<p><strong>\u00a0<\/strong><\/p>\n<p><strong>\u00a0<\/strong><\/p>\n<p><strong>\u00a0<\/strong><\/p>\n<p><strong>\u00a0<\/strong><\/p>\n<p><strong>\u00a0<\/strong><\/p>\n<p><strong>\u00a0<\/strong><\/p>\n<p><strong>Organizator spotkania :<\/strong><\/p>\n<p>Punkt Informacyjny Funduszy Europejskich w Jeleniej G\u00f3rze<\/p>\n<p>Urz\u0105d Marsza\u0142kowski Wojew\u00f3dztwa Dolno\u015bl\u0105skiego<\/p>\n<p>Ul. Bankowa 27; 58-500 Jelenia G\u00f3ra<\/p>\n<p>tel. 75\u00a0619 97 44, 75\u00a0619 97 45; e-mail: <a href=\"mailto:pife.jeleniagora@dolnyslask.pl\">pife.jeleniagora@dolnyslask.pl<\/a><\/p>\n<\/div><div class=\"fusion-image-element \" style=\"--awb-caption-title-font-family:var(--h2_typography-font-family);--awb-caption-title-font-weight:var(--h2_typography-font-weight);--awb-caption-title-font-style:var(--h2_typography-font-style);--awb-caption-title-size:var(--h2_typography-font-size);--awb-caption-title-transform:var(--h2_typography-text-transform);--awb-caption-title-line-height:var(--h2_typography-line-height);--awb-caption-title-letter-spacing:var(--h2_typography-letter-spacing);\"><span class=\" fusion-imageframe imageframe-none imageframe-1 hover-type-none\"><img decoding=\"async\" width=\"1240\" height=\"1754\" title=\"2023.03.02_PLAKAT\" src=\"https:\/\/powiatlwowecki.pl\/wp-content\/uploads\/2023\/02\/2023.03.02_PLAKAT-1.jpg\" alt class=\"img-responsive wp-image-4027\" srcset=\"https:\/\/powiatlwowecki.pl\/wp-content\/uploads\/2023\/02\/2023.03.02_PLAKAT-1-200x283.jpg 200w, https:\/\/powiatlwowecki.pl\/wp-content\/uploads\/2023\/02\/2023.03.02_PLAKAT-1-400x566.jpg 400w, https:\/\/powiatlwowecki.pl\/wp-content\/uploads\/2023\/02\/2023.03.02_PLAKAT-1-600x849.jpg 600w, https:\/\/powiatlwowecki.pl\/wp-content\/uploads\/2023\/02\/2023.03.02_PLAKAT-1-800x1132.jpg 800w, https:\/\/powiatlwowecki.pl\/wp-content\/uploads\/2023\/02\/2023.03.02_PLAKAT-1-1200x1697.jpg 1200w, https:\/\/powiatlwowecki.pl\/wp-content\/uploads\/2023\/02\/2023.03.02_PLAKAT-1.jpg 1240w\" sizes=\"(max-width: 1024px) 100vw, (max-width: 640px) 100vw, 1200px\" \/><\/span><\/div><\/div><\/div><\/div><\/div>\n","protected":false},"excerpt":{"rendered":"","protected":false},"author":8,"featured_media":4027,"comment_status":"closed","ping_status":"closed","sticky":false,"template":"","format":"standard","meta":{"_acf_changed":false,"footnotes":""},"categories":[5],"tags":[],"class_list":["post-4025","post","type-post","status-publish","format-standard","has-post-thumbnail","hentry","category-aktualnosci"],"acf":{"kal_data_wydarzenia":""},"_links":{"self":[{"href":"https:\/\/powiatlwowecki.pl\/plci_json_endpoint\/wp\/v2\/posts\/4025","targetHints":{"allow":["GET"]}}],"collection":[{"href":"https:\/\/powiatlwowecki.pl\/plci_json_endpoint\/wp\/v2\/posts"}],"about":[{"href":"https:\/\/powiatlwowecki.pl\/plci_json_endpoint\/wp\/v2\/types\/post"}],"author":[{"embeddable":true,"href":"https:\/\/powiatlwowecki.pl\/plci_json_endpoint\/wp\/v2\/users\/8"}],"replies":[{"embeddable":true,"href":"https:\/\/powiatlwowecki.pl\/plci_json_endpoint\/wp\/v2\/comments?post=4025"}],"version-history":[{"count":0,"href":"https:\/\/powiatlwowecki.pl\/plci_json_endpoint\/wp\/v2\/posts\/4025\/revisions"}],"wp:featuredmedia":[{"embeddable":true,"href":"https:\/\/powiatlwowecki.pl\/plci_json_endpoint\/wp\/v2\/media\/4027"}],"wp:attachment":[{"href":"https:\/\/powiatlwowecki.pl\/plci_json_endpoint\/wp\/v2\/media?parent=4025"}],"wp:term":[{"taxonomy":"category","embeddable":true,"href":"https:\/\/powiatlwowecki.pl\/plci_json_endpoint\/wp\/v2\/categories?post=4025"},{"taxonomy":"post_tag","embeddable":true,"href":"https:\/\/powiatlwowecki.pl\/plci_json_endpoint\/wp\/v2\/tags?post=4025"}],"curies":[{"name":"wp","href":"https:\/\/api.w.org\/{rel}","templated":true}]}}