{"id":3977,"date":"2023-02-17T12:28:37","date_gmt":"2023-02-17T11:28:37","guid":{"rendered":"https:\/\/powiatlwowecki.pl\/?p=3977"},"modified":"2023-02-17T15:16:28","modified_gmt":"2023-02-17T14:16:28","slug":"ogloszenie-przewodniczacej-rady-powiatu-36","status":"publish","type":"post","link":"https:\/\/powiatlwowecki.pl\/ogloszenie-przewodniczacej-rady-powiatu-36\/","title":{"rendered":"Og\u0142oszenie Przewodnicz\u0105cej Rady Powiatu"},"content":{"rendered":"<p><strong><em>Zawiadamia si\u0119 o zwo\u0142aniu LXVI <u>zdalnej<\/u> SESJI RADY POWIATU LW\u00d3WECKIEGO<\/em><\/strong><strong><em>, \u00a0\u00a0 \u00a0 \u00a0 \u00a0 \u00a0 \u00a0 \u00a0 \u00a0 \u00a0 \u00a0 \u00a0 <\/em><\/strong><\/p>\n<p><strong><em>\u00a0 \u00a0 \u00a0 \u00a0 \u00a0 \u00a0 \u00a0 \u00a0 \u00a0 \u00a0 \u00a0 \u00a0 \u00a0 \u00a0 \u00a0 \u00a0 \u00a0 \u00a0 \u00a0 \u00a0 \u00a0 \u00a0 \u00a0 \u00a0 \u00a0 \u00a0 \u00a0 \u00a0 \u00a0 \u00a0 \u00a0 \u00a0 \u00a0 \u00a0 \u00a0 \u00a0 \u00a0 \u00a0 \u00a0 \u00a0 \u00a0 \u00a0 \u00a0 \u00a0 \u00a0 \u00a0 \u00a0 \u00a0 \u00a0 \u00a0 \u00a0 \u00a0 \u00a0 \u00a0 \u00a0 \u00a0 \u00a0 \u00a0 \u00a0 \u00a0 \u00a0 \u00a0 \u00a0 \u00a0 \u00a0 \u00a0 \u00a0 \u00a0 \u00a0 \u00a0 \u00a0 \u00a0 \u00a0 \u00a0 \u00a0 \u00a0 \u00a0 \u00a0 \u00a0 \u00a0 \u00a0 \u00a0 \u00a0 \u00a0 \u00a0 \u00a0 \u00a0 \u00a0 \u00a0 \u00a0 \u00a0 \u00a0 \u00a0 \u00a0 \u00a0 \u00a0 \u00a0 \u00a0 \u00a0 \u00a0 \u00a0 \u00a0 \u00a0 \u00a0 \u00a0 \u00a0 \u00a0 \u00a0 \u00a0 \u00a0 \u00a0 \u00a0 \u00a0 \u00a0 \u00a0 \u00a0<\/em><\/strong><\/p>\n<p><strong><em>kt\u00f3ra odb\u0119dzie si\u0119 w dniu 24 lutego 2023 roku.<\/em><\/strong><\/p>\n<p><strong><em>Pocz\u0105tek sesji godz. 9<sup>30<\/sup>.<\/em><\/strong><\/p>\n<p><strong><em>\u00a0 \u00a0 \u00a0 \u00a0 \u00a0 \u00a0 \u00a0 <img decoding=\"async\" class=\"alignnone wp-image-3430\" src=\"https:\/\/powiatlwowecki.pl\/wp-content\/uploads\/2022\/08\/herb-Powiat-Lwowecki-nowy-z-ramka-e1666889931610.png\" alt=\"\" width=\"125\" height=\"144\" srcset=\"https:\/\/powiatlwowecki.pl\/wp-content\/uploads\/2022\/08\/herb-Powiat-Lwowecki-nowy-z-ramka-e1666889931610-21x24.png 21w, https:\/\/powiatlwowecki.pl\/wp-content\/uploads\/2022\/08\/herb-Powiat-Lwowecki-nowy-z-ramka-e1666889931610-31x36.png 31w, https:\/\/powiatlwowecki.pl\/wp-content\/uploads\/2022\/08\/herb-Powiat-Lwowecki-nowy-z-ramka-e1666889931610-42x48.png 42w, https:\/\/powiatlwowecki.pl\/wp-content\/uploads\/2022\/08\/herb-Powiat-Lwowecki-nowy-z-ramka-e1666889931610-200x230.png 200w, https:\/\/powiatlwowecki.pl\/wp-content\/uploads\/2022\/08\/herb-Powiat-Lwowecki-nowy-z-ramka-e1666889931610.png 250w\" sizes=\"(max-width: 125px) 100vw, 125px\" \/> \u00a0\u00a0\u00a0\u00a0\u00a0\u00a0\u00a0\u00a0\u00a0\u00a0 <\/em><\/strong><strong><em>\u00a0<\/em><\/strong><\/p>\n<p>&nbsp;<\/p>\n<hr \/>\n<p><span style=\"font-family: Tahoma, Arial, Helvetica, sans-serif;\"><strong>Proponowany porz\u0105dek obrad:<\/strong><\/span><\/p>\n<p><strong><u>Proponowany porz\u0105dek obrad:<\/u><\/strong><\/p>\n<p><strong><u>\u00a0<\/u><\/strong><\/p>\n<p><strong><em>1. Powitanie radnych i zaproszonych go\u015bci.<\/em><\/strong><\/p>\n<p><strong><em>2. Przyj\u0119cie porz\u0105dku obrad.<\/em><\/strong><\/p>\n<p><strong><em>3. Przyj\u0119cie protoko\u0142u z LXV sesji RPL.<\/em><\/strong><\/p>\n<p><strong><em>4. Dzia\u0142alno\u015b\u0107 bie\u017c\u0105ca i remonty w DPS Nielestno i Mirsk:<\/em><\/strong><\/p>\n<p><strong><em>\u00a0\u00a0\u00a0 4.1.Prezentacja materia\u0142\u00f3w.<\/em><\/strong><\/p>\n<p><strong><em>\u00a0\u00a0\u00a0 4.2.Dyskusja.<\/em><\/strong><\/p>\n<p><strong><em>5. Przerwa w obradach.<\/em><\/strong><\/p>\n<p><strong><em>6. Podj\u0119cie uchwa\u0142 lub zaj\u0119cie stanowiska.<\/em><\/strong><\/p>\n<p><strong><em>\u00a0\u00a0\u00a0 6.1. G\u0142osowanie uchwa\u0142y <\/em><\/strong><strong><em>o zmianie uchwa\u0142y nr XIII\/71\/15 Rady Powiatu Lw\u00f3weckiego z dnia 27 listopada 2015 r. w sprawie podwy\u017cszenia wysoko\u015bci\u00a0 \u015bwiadcze\u0144\u00a0 pieni\u0119\u017cnych dla rodzin zast\u0119pczych i\u00a0rodzinnych dom\u00f3w dziecka. <\/em><\/strong><\/p>\n<p><strong><em>\u00a0\u00a0\u00a0 6.2. G\u0142osowanie uchwa\u0142y w sprawie przyj\u0119cia zmian do Powiatowego Programu Dzia\u0142a\u0144 na Rzecz Os\u00f3b Niepe\u0142nosprawnych\u00a0 na lata 2016 \u2013 2025.<\/em><\/strong><\/p>\n<p><strong><em>\u00a0\u00a0\u00a0 6.3. G\u0142osowanie nad uchwa\u0142y w sprawie zmiany bud\u017cetu oraz szczeg\u00f3\u0142owego planu wykonywana bud\u017cetu powiatu na rok 2023.<\/em><\/strong><\/p>\n<p><strong><em>\u00a0\u00a0\u00a0 6.4. G\u0142osowanie uchwa\u0142y o zmianie uchwa\u0142y nr LXIV\/76\/22 w sprawie wieloletnie prognozy finansowej Powiatu Lw\u00f3weckiego.<\/em><\/strong><\/p>\n<p><strong><em>7. Informacje o dzia\u0142alno\u015bci Zarz\u0105du Powiatu Lw\u00f3weckiego pomi\u0119dzy sesjami RPL.<\/em><\/strong><\/p>\n<p><strong><em>8. Interpelacje, zapytania i postulaty radnych.<\/em><\/strong><\/p>\n<p><strong><em>9. Sprawy r\u00f3\u017cne i organizacyjne.<\/em><\/strong><\/p>\n<p><strong><em>\u00a0<\/em><\/strong><\/p>\n<p><strong><em>\u00a0<\/em><\/strong><\/p>\n<p><strong><em>\u00a0<\/em><\/strong><\/p>\n<p><strong>\u00a0\u00a0\u00a0 \u00a0<\/strong><\/p>\n<p><strong>\u00a0<\/strong><\/p>\n<p><strong>\u00a0\u00a0\u00a0 <\/strong><strong>Przewodnicz\u0105ca Rady Powiatu<\/strong><\/p>\n<p><strong>\u00a0<\/strong><\/p>\n<p><strong>\u00a0\u00a0\u00a0 \/-\/<\/strong><strong>Ma\u0142gorzata Szczepa\u0144ska<\/strong><\/p>\n<p>&nbsp;<\/p>\n","protected":false},"excerpt":{"rendered":"<p>Zawiadamia si\u0119 o zwo\u0142aniu LXVI zdalnej SESJI RADY POWIATU LW\u00d3WECKIEGO, \u00a0\u00a0 \u00a0 \u00a0 \u00a0 \u00a0 \u00a0 \u00a0 \u00a0 \u00a0 \u00a0 \u00a0 \u00a0 \u00a0 \u00a0 \u00a0 \u00a0 \u00a0 \u00a0 \u00a0 \u00a0 \u00a0 \u00a0 \u00a0 \u00a0 \u00a0  [&#8230;]<\/p>\n","protected":false},"author":8,"featured_media":3981,"comment_status":"closed","ping_status":"closed","sticky":false,"template":"","format":"standard","meta":{"_acf_changed":false,"footnotes":""},"categories":[5,76],"tags":[],"class_list":["post-3977","post","type-post","status-publish","format-standard","has-post-thumbnail","hentry","category-aktualnosci","category-kalendarium-sidebar"],"acf":{"kal_data_wydarzenia":"20230224"},"_links":{"self":[{"href":"https:\/\/powiatlwowecki.pl\/plci_json_endpoint\/wp\/v2\/posts\/3977","targetHints":{"allow":["GET"]}}],"collection":[{"href":"https:\/\/powiatlwowecki.pl\/plci_json_endpoint\/wp\/v2\/posts"}],"about":[{"href":"https:\/\/powiatlwowecki.pl\/plci_json_endpoint\/wp\/v2\/types\/post"}],"author":[{"embeddable":true,"href":"https:\/\/powiatlwowecki.pl\/plci_json_endpoint\/wp\/v2\/users\/8"}],"replies":[{"embeddable":true,"href":"https:\/\/powiatlwowecki.pl\/plci_json_endpoint\/wp\/v2\/comments?post=3977"}],"version-history":[{"count":0,"href":"https:\/\/powiatlwowecki.pl\/plci_json_endpoint\/wp\/v2\/posts\/3977\/revisions"}],"wp:featuredmedia":[{"embeddable":true,"href":"https:\/\/powiatlwowecki.pl\/plci_json_endpoint\/wp\/v2\/media\/3981"}],"wp:attachment":[{"href":"https:\/\/powiatlwowecki.pl\/plci_json_endpoint\/wp\/v2\/media?parent=3977"}],"wp:term":[{"taxonomy":"category","embeddable":true,"href":"https:\/\/powiatlwowecki.pl\/plci_json_endpoint\/wp\/v2\/categories?post=3977"},{"taxonomy":"post_tag","embeddable":true,"href":"https:\/\/powiatlwowecki.pl\/plci_json_endpoint\/wp\/v2\/tags?post=3977"}],"curies":[{"name":"wp","href":"https:\/\/api.w.org\/{rel}","templated":true}]}}