{"id":3950,"date":"2023-02-08T11:17:54","date_gmt":"2023-02-08T10:17:54","guid":{"rendered":"https:\/\/powiatlwowecki.pl\/?p=3950"},"modified":"2023-02-08T11:17:54","modified_gmt":"2023-02-08T10:17:54","slug":"odbior-prac-budowlanych-w-zespole-placowek-edukacyjno-wychowawczych-w-lwowku-slaskim","status":"publish","type":"post","link":"https:\/\/powiatlwowecki.pl\/odbior-prac-budowlanych-w-zespole-placowek-edukacyjno-wychowawczych-w-lwowku-slaskim\/","title":{"rendered":"Odbi\u00f3r Prac Budowlanych w Zespole Plac\u00f3wek Edukacyjno-Wychowawczych w Lw\u00f3wku \u015al\u0105skim"},"content":{"rendered":"<div class=\"fusion-fullwidth fullwidth-box fusion-builder-row-1 fusion-flex-container has-pattern-background has-mask-background nonhundred-percent-fullwidth non-hundred-percent-height-scrolling\" style=\"--awb-border-radius-top-left:0px;--awb-border-radius-top-right:0px;--awb-border-radius-bottom-right:0px;--awb-border-radius-bottom-left:0px;--awb-flex-wrap:wrap;\" ><div class=\"fusion-builder-row fusion-row fusion-flex-align-items-flex-start fusion-flex-content-wrap\" style=\"max-width:1248px;margin-left: calc(-4% \/ 2 );margin-right: calc(-4% \/ 2 );\"><div class=\"fusion-layout-column fusion_builder_column fusion-builder-column-0 fusion_builder_column_1_2 1_2 fusion-flex-column\" style=\"--awb-bg-size:cover;--awb-width-large:50%;--awb-margin-top-large:0px;--awb-spacing-right-large:3.84%;--awb-margin-bottom-large:20px;--awb-spacing-left-large:3.84%;--awb-width-medium:100%;--awb-order-medium:0;--awb-spacing-right-medium:1.92%;--awb-spacing-left-medium:1.92%;--awb-width-small:100%;--awb-order-small:0;--awb-spacing-right-small:1.92%;--awb-spacing-left-small:1.92%;\"><div class=\"fusion-column-wrapper fusion-column-has-shadow fusion-flex-justify-content-flex-start fusion-content-layout-column\"><div class=\"fusion-text fusion-text-1\"><p>W ramach projektu \u201eDalszy rozw\u00f3j szkolnictwa zawodowego w powiecie lw\u00f3weckim\u201d zako\u0144czy\u0142 si\u0119 etap dotycz\u0105cy remont\u00f3w obiekt\u00f3w szkolnych. W dniu 6 lutego 2023 roku zosta\u0142y odebrane prac\u0119 remontowe w Zespole Plac\u00f3wek Edukacyjno-Wychowawczych w Lw\u00f3wku \u015al\u0105skim w budynku Pa\u0142acowa 8 oraz Parkowa 17.<\/p>\n<p>Odbi\u00f3r rob\u00f3t dokonano w obecno\u015bci Wicestarosty Zbigniewa Grze\u015bk\u00f3w, Dyrektora Zespo\u0142u Plac\u00f3wek Edukacyjno-Wychowawczych Marka Soko\u0142owskiego oraz wykonawcy zadania Tomasza Gluzy.<\/p>\n<p>Zakres prac w budynku przy ul. Pa\u0142acowej obejmowa\u0142:<\/p>\n<p>Remont 3 klas lekcyjnych:<\/p>\n<p>-Pracownia gastronomiczna<\/p>\n<p>-Sala egzaminacyjna przedmiot\u00f3w zawodowych<\/p>\n<p>-Pracownia Matematyczno-przyrodnicza<\/p>\n<p>Warto\u015b\u0107 rob\u00f3t: 183\u00a0360,00 z\u0142<\/p>\n<p>Zakres prac budowlanych przy ul. Parkowej obejmowa\u0142:<\/p>\n<p>Remont 6 pomieszcze\u0144 i \u0142azienki:<\/p>\n<p>-Pracownia biologiczno-chemiczna<\/p>\n<p>-Pracownia geograficzna<\/p>\n<p>-Sala dydaktyczna klasa 111<\/p>\n<p>-Sala dydaktyczna klasa 110<\/p>\n<p>-Gabinet psychologiczny klasa 109<\/p>\n<p>-\u015bwietlica klasa 105<\/p>\n<p>-\u0141azienka oraz wymiana WLZ<\/p>\n<p>Warto\u015b\u0107 rob\u00f3t: 751 764,00 z\u0142<\/p>\n<p>Ponadto do ZSET w Lw\u00f3wku \u015al\u0105skim zosta\u0142y dostarczone meble szkolne o warto\u015bci 49\u00a0635 z\u0142. Dalszy etap doposa\u017cenia, w tym zakup pomocy naukowych oraz komputer\u00f3w zaplanowano na pierwsz\u0105 po\u0142ow\u0119 2023 roku. Szacuj\u0119 si\u0119, \u017ce na ten cel zostanie przeznaczone 86\u00a0000 z\u0142.<\/p>\n<p>Warto przypomnie\u0107 i\u017c warto\u015b\u0107 ca\u0142ego projektu pn.: \u201eDalszy rozw\u00f3j szkolnictwa zawodowego w powiecie lw\u00f3weckim \u2013 modernizacja pracowni szkolnych i sal dydaktycznych w: Zespole Szk\u00f3\u0142 Ekonomiczno \u2013 Technicznych w Rakowicach Wielkich nr 48, Zespole Szk\u00f3\u0142 Og\u00f3lnokszta\u0142c\u0105cych i Zawodowych ul. H. Brodatego 1 w Lw\u00f3wku \u015al\u0105skim, Zespole Plac\u00f3wek Edukacyjno-Wychowawczych w Lw\u00f3wku \u015al\u0105skim ul. Parkowa 9 to 7 463 288,08 z\u0142 w tym dofinansowanie 4 964 754,60 z\u0142<\/p>\n<p>Projekt jest finansowany z Regionalnego Programu Operacyjnego Wojew\u00f3dztwa Dolno\u015bl\u0105skiego 2014-2020 wsp\u00f3\u0142finansowanego ze \u015brodk\u00f3w Unii Europejskiej, Europejskiego Funduszu Rozwoju Regionalnego oraz z tzw.\u00a0 15% wk\u0142adu w\u0142asnego \u015brodk\u00f3w Powiatu Lw\u00f3weckiego<\/p>\n<p><img decoding=\"async\" class=\"alignnone size-full wp-image-3914\" src=\"https:\/\/powiatlwowecki.pl\/wp-content\/uploads\/2023\/01\/FE_PR-DS-UE_EFFR-poziom-PL-kolor-scaled.jpg\" alt=\"\" width=\"2560\" height=\"364\" srcset=\"https:\/\/powiatlwowecki.pl\/wp-content\/uploads\/2023\/01\/FE_PR-DS-UE_EFFR-poziom-PL-kolor-24x3.jpg 24w, https:\/\/powiatlwowecki.pl\/wp-content\/uploads\/2023\/01\/FE_PR-DS-UE_EFFR-poziom-PL-kolor-36x5.jpg 36w, https:\/\/powiatlwowecki.pl\/wp-content\/uploads\/2023\/01\/FE_PR-DS-UE_EFFR-poziom-PL-kolor-48x7.jpg 48w, https:\/\/powiatlwowecki.pl\/wp-content\/uploads\/2023\/01\/FE_PR-DS-UE_EFFR-poziom-PL-kolor-200x28.jpg 200w, https:\/\/powiatlwowecki.pl\/wp-content\/uploads\/2023\/01\/FE_PR-DS-UE_EFFR-poziom-PL-kolor-300x43.jpg 300w, https:\/\/powiatlwowecki.pl\/wp-content\/uploads\/2023\/01\/FE_PR-DS-UE_EFFR-poziom-PL-kolor-400x57.jpg 400w, https:\/\/powiatlwowecki.pl\/wp-content\/uploads\/2023\/01\/FE_PR-DS-UE_EFFR-poziom-PL-kolor-600x85.jpg 600w, https:\/\/powiatlwowecki.pl\/wp-content\/uploads\/2023\/01\/FE_PR-DS-UE_EFFR-poziom-PL-kolor-768x109.jpg 768w, https:\/\/powiatlwowecki.pl\/wp-content\/uploads\/2023\/01\/FE_PR-DS-UE_EFFR-poziom-PL-kolor-800x114.jpg 800w, https:\/\/powiatlwowecki.pl\/wp-content\/uploads\/2023\/01\/FE_PR-DS-UE_EFFR-poziom-PL-kolor-1024x146.jpg 1024w, https:\/\/powiatlwowecki.pl\/wp-content\/uploads\/2023\/01\/FE_PR-DS-UE_EFFR-poziom-PL-kolor-1200x171.jpg 1200w, https:\/\/powiatlwowecki.pl\/wp-content\/uploads\/2023\/01\/FE_PR-DS-UE_EFFR-poziom-PL-kolor-1536x219.jpg 1536w, https:\/\/powiatlwowecki.pl\/wp-content\/uploads\/2023\/01\/FE_PR-DS-UE_EFFR-poziom-PL-kolor-scaled.jpg 2560w\" sizes=\"(max-width: 2560px) 100vw, 2560px\" \/><\/p>\n<\/div><\/div><\/div><div class=\"fusion-layout-column fusion_builder_column fusion-builder-column-1 fusion_builder_column_1_2 1_2 fusion-flex-column\" style=\"--awb-bg-size:cover;--awb-width-large:50%;--awb-margin-top-large:0px;--awb-spacing-right-large:3.84%;--awb-margin-bottom-large:20px;--awb-spacing-left-large:3.84%;--awb-width-medium:100%;--awb-order-medium:0;--awb-spacing-right-medium:1.92%;--awb-spacing-left-medium:1.92%;--awb-width-small:100%;--awb-order-small:0;--awb-spacing-right-small:1.92%;--awb-spacing-left-small:1.92%;\"><div class=\"fusion-column-wrapper fusion-column-has-shadow fusion-flex-justify-content-flex-start fusion-content-layout-column\"><div class=\"awb-gallery-wrapper awb-gallery-wrapper-1 button-span-no\" style=\"--more-btn-alignment:center;\"><div style=\"margin:-5px;--awb-bordersize:0px;\" class=\"fusion-gallery fusion-gallery-container fusion-grid-3 fusion-columns-total-13 fusion-gallery-layout-grid fusion-gallery-1\"><div style=\"padding:5px;\" class=\"fusion-grid-column fusion-gallery-column fusion-gallery-column-3 hover-type-none\"><div class=\"fusion-gallery-image\"><a href=\"https:\/\/powiatlwowecki.pl\/wp-content\/uploads\/2023\/02\/DSC4539-scaled.jpg\" rel=\"noreferrer\" data-rel=\"iLightbox[gallery_image_1]\" class=\"fusion-lightbox\" target=\"_self\"><img decoding=\"async\" src=\"https:\/\/powiatlwowecki.pl\/wp-content\/uploads\/2023\/02\/DSC4539-scaled.jpg\" width=\"2560\" height=\"1438\" alt=\"\" title=\"_DSC4539\" aria-label=\"_DSC4539\" class=\"img-responsive wp-image-3936\" srcset=\"https:\/\/powiatlwowecki.pl\/wp-content\/uploads\/2023\/02\/DSC4539-200x112.jpg 200w, https:\/\/powiatlwowecki.pl\/wp-content\/uploads\/2023\/02\/DSC4539-400x225.jpg 400w, https:\/\/powiatlwowecki.pl\/wp-content\/uploads\/2023\/02\/DSC4539-600x337.jpg 600w, https:\/\/powiatlwowecki.pl\/wp-content\/uploads\/2023\/02\/DSC4539-800x450.jpg 800w, https:\/\/powiatlwowecki.pl\/wp-content\/uploads\/2023\/02\/DSC4539-1200x674.jpg 1200w, https:\/\/powiatlwowecki.pl\/wp-content\/uploads\/2023\/02\/DSC4539-scaled.jpg 2560w\" sizes=\"(min-width: 2200px) 100vw, (min-width: 784px) 397px, (min-width: 712px) 595px, (min-width: 640px) 712px, \" \/><\/a><\/div><\/div><div style=\"padding:5px;\" class=\"fusion-grid-column fusion-gallery-column fusion-gallery-column-3 hover-type-none\"><div class=\"fusion-gallery-image\"><a href=\"https:\/\/powiatlwowecki.pl\/wp-content\/uploads\/2023\/02\/DSC4561-scaled.jpg\" rel=\"noreferrer\" data-rel=\"iLightbox[gallery_image_1]\" class=\"fusion-lightbox\" target=\"_self\"><img decoding=\"async\" src=\"https:\/\/powiatlwowecki.pl\/wp-content\/uploads\/2023\/02\/DSC4561-scaled.jpg\" width=\"2560\" height=\"1438\" alt=\"\" title=\"_DSC4561\" aria-label=\"_DSC4561\" class=\"img-responsive wp-image-3937\" srcset=\"https:\/\/powiatlwowecki.pl\/wp-content\/uploads\/2023\/02\/DSC4561-200x112.jpg 200w, https:\/\/powiatlwowecki.pl\/wp-content\/uploads\/2023\/02\/DSC4561-400x225.jpg 400w, https:\/\/powiatlwowecki.pl\/wp-content\/uploads\/2023\/02\/DSC4561-600x337.jpg 600w, https:\/\/powiatlwowecki.pl\/wp-content\/uploads\/2023\/02\/DSC4561-800x450.jpg 800w, https:\/\/powiatlwowecki.pl\/wp-content\/uploads\/2023\/02\/DSC4561-1200x674.jpg 1200w, https:\/\/powiatlwowecki.pl\/wp-content\/uploads\/2023\/02\/DSC4561-scaled.jpg 2560w\" sizes=\"(min-width: 2200px) 100vw, (min-width: 784px) 397px, (min-width: 712px) 595px, (min-width: 640px) 712px, \" \/><\/a><\/div><\/div><div style=\"padding:5px;\" class=\"fusion-grid-column fusion-gallery-column fusion-gallery-column-3 hover-type-none\"><div class=\"fusion-gallery-image\"><a href=\"https:\/\/powiatlwowecki.pl\/wp-content\/uploads\/2023\/02\/DSC4552-scaled.jpg\" rel=\"noreferrer\" data-rel=\"iLightbox[gallery_image_1]\" class=\"fusion-lightbox\" target=\"_self\"><img decoding=\"async\" src=\"https:\/\/powiatlwowecki.pl\/wp-content\/uploads\/2023\/02\/DSC4552-scaled.jpg\" width=\"2560\" height=\"1438\" alt=\"\" title=\"_DSC4552\" aria-label=\"_DSC4552\" class=\"img-responsive wp-image-3938\" srcset=\"https:\/\/powiatlwowecki.pl\/wp-content\/uploads\/2023\/02\/DSC4552-200x112.jpg 200w, https:\/\/powiatlwowecki.pl\/wp-content\/uploads\/2023\/02\/DSC4552-400x225.jpg 400w, https:\/\/powiatlwowecki.pl\/wp-content\/uploads\/2023\/02\/DSC4552-600x337.jpg 600w, https:\/\/powiatlwowecki.pl\/wp-content\/uploads\/2023\/02\/DSC4552-800x450.jpg 800w, https:\/\/powiatlwowecki.pl\/wp-content\/uploads\/2023\/02\/DSC4552-1200x674.jpg 1200w, https:\/\/powiatlwowecki.pl\/wp-content\/uploads\/2023\/02\/DSC4552-scaled.jpg 2560w\" sizes=\"(min-width: 2200px) 100vw, (min-width: 784px) 397px, (min-width: 712px) 595px, (min-width: 640px) 712px, \" \/><\/a><\/div><\/div><div class=\"clearfix\"><\/div><div style=\"padding:5px;\" class=\"fusion-grid-column fusion-gallery-column fusion-gallery-column-3 hover-type-none\"><div class=\"fusion-gallery-image\"><a href=\"https:\/\/powiatlwowecki.pl\/wp-content\/uploads\/2023\/02\/DSC4554-scaled.jpg\" rel=\"noreferrer\" data-rel=\"iLightbox[gallery_image_1]\" class=\"fusion-lightbox\" target=\"_self\"><img decoding=\"async\" src=\"https:\/\/powiatlwowecki.pl\/wp-content\/uploads\/2023\/02\/DSC4554-scaled.jpg\" width=\"2560\" height=\"1438\" alt=\"\" title=\"_DSC4554\" aria-label=\"_DSC4554\" class=\"img-responsive wp-image-3939\" srcset=\"https:\/\/powiatlwowecki.pl\/wp-content\/uploads\/2023\/02\/DSC4554-200x112.jpg 200w, https:\/\/powiatlwowecki.pl\/wp-content\/uploads\/2023\/02\/DSC4554-400x225.jpg 400w, https:\/\/powiatlwowecki.pl\/wp-content\/uploads\/2023\/02\/DSC4554-600x337.jpg 600w, https:\/\/powiatlwowecki.pl\/wp-content\/uploads\/2023\/02\/DSC4554-800x450.jpg 800w, https:\/\/powiatlwowecki.pl\/wp-content\/uploads\/2023\/02\/DSC4554-1200x674.jpg 1200w, https:\/\/powiatlwowecki.pl\/wp-content\/uploads\/2023\/02\/DSC4554-scaled.jpg 2560w\" sizes=\"(min-width: 2200px) 100vw, (min-width: 784px) 397px, (min-width: 712px) 595px, (min-width: 640px) 712px, \" \/><\/a><\/div><\/div><div style=\"padding:5px;\" class=\"fusion-grid-column fusion-gallery-column fusion-gallery-column-3 hover-type-none\"><div class=\"fusion-gallery-image\"><a href=\"https:\/\/powiatlwowecki.pl\/wp-content\/uploads\/2023\/02\/DSC4558-scaled.jpg\" rel=\"noreferrer\" data-rel=\"iLightbox[gallery_image_1]\" class=\"fusion-lightbox\" target=\"_self\"><img decoding=\"async\" src=\"https:\/\/powiatlwowecki.pl\/wp-content\/uploads\/2023\/02\/DSC4558-scaled.jpg\" width=\"1438\" height=\"2560\" alt=\"\" title=\"_DSC4558\" aria-label=\"_DSC4558\" class=\"img-responsive wp-image-3941\" srcset=\"https:\/\/powiatlwowecki.pl\/wp-content\/uploads\/2023\/02\/DSC4558-200x356.jpg 200w, https:\/\/powiatlwowecki.pl\/wp-content\/uploads\/2023\/02\/DSC4558-400x712.jpg 400w, https:\/\/powiatlwowecki.pl\/wp-content\/uploads\/2023\/02\/DSC4558-600x1068.jpg 600w, https:\/\/powiatlwowecki.pl\/wp-content\/uploads\/2023\/02\/DSC4558-800x1424.jpg 800w, https:\/\/powiatlwowecki.pl\/wp-content\/uploads\/2023\/02\/DSC4558-1200x2136.jpg 1200w, https:\/\/powiatlwowecki.pl\/wp-content\/uploads\/2023\/02\/DSC4558-scaled.jpg 1438w\" sizes=\"(min-width: 2200px) 100vw, (min-width: 784px) 397px, (min-width: 712px) 595px, (min-width: 640px) 712px, \" \/><\/a><\/div><\/div><div style=\"padding:5px;\" class=\"fusion-grid-column fusion-gallery-column fusion-gallery-column-3 hover-type-none\"><div class=\"fusion-gallery-image\"><a href=\"https:\/\/powiatlwowecki.pl\/wp-content\/uploads\/2023\/02\/DSC4560-scaled.jpg\" rel=\"noreferrer\" data-rel=\"iLightbox[gallery_image_1]\" class=\"fusion-lightbox\" target=\"_self\"><img decoding=\"async\" src=\"https:\/\/powiatlwowecki.pl\/wp-content\/uploads\/2023\/02\/DSC4560-scaled.jpg\" width=\"1438\" height=\"2560\" alt=\"\" title=\"_DSC4560\" aria-label=\"_DSC4560\" class=\"img-responsive wp-image-3944\" srcset=\"https:\/\/powiatlwowecki.pl\/wp-content\/uploads\/2023\/02\/DSC4560-200x356.jpg 200w, https:\/\/powiatlwowecki.pl\/wp-content\/uploads\/2023\/02\/DSC4560-400x712.jpg 400w, https:\/\/powiatlwowecki.pl\/wp-content\/uploads\/2023\/02\/DSC4560-600x1068.jpg 600w, https:\/\/powiatlwowecki.pl\/wp-content\/uploads\/2023\/02\/DSC4560-800x1424.jpg 800w, https:\/\/powiatlwowecki.pl\/wp-content\/uploads\/2023\/02\/DSC4560-1200x2136.jpg 1200w, https:\/\/powiatlwowecki.pl\/wp-content\/uploads\/2023\/02\/DSC4560-scaled.jpg 1438w\" sizes=\"(min-width: 2200px) 100vw, (min-width: 784px) 397px, (min-width: 712px) 595px, (min-width: 640px) 712px, \" \/><\/a><\/div><\/div><div class=\"clearfix\"><\/div><div style=\"padding:5px;\" class=\"fusion-grid-column fusion-gallery-column fusion-gallery-column-3 hover-type-none\"><div class=\"fusion-gallery-image\"><a href=\"https:\/\/powiatlwowecki.pl\/wp-content\/uploads\/2023\/02\/DSC4536-scaled.jpg\" rel=\"noreferrer\" data-rel=\"iLightbox[gallery_image_1]\" class=\"fusion-lightbox\" target=\"_self\"><img decoding=\"async\" src=\"https:\/\/powiatlwowecki.pl\/wp-content\/uploads\/2023\/02\/DSC4536-scaled.jpg\" width=\"1438\" height=\"2560\" alt=\"\" title=\"_DSC4536\" aria-label=\"_DSC4536\" class=\"img-responsive wp-image-3951\" srcset=\"https:\/\/powiatlwowecki.pl\/wp-content\/uploads\/2023\/02\/DSC4536-200x356.jpg 200w, https:\/\/powiatlwowecki.pl\/wp-content\/uploads\/2023\/02\/DSC4536-400x712.jpg 400w, https:\/\/powiatlwowecki.pl\/wp-content\/uploads\/2023\/02\/DSC4536-600x1068.jpg 600w, https:\/\/powiatlwowecki.pl\/wp-content\/uploads\/2023\/02\/DSC4536-800x1424.jpg 800w, https:\/\/powiatlwowecki.pl\/wp-content\/uploads\/2023\/02\/DSC4536-1200x2136.jpg 1200w, https:\/\/powiatlwowecki.pl\/wp-content\/uploads\/2023\/02\/DSC4536-scaled.jpg 1438w\" sizes=\"(min-width: 2200px) 100vw, (min-width: 784px) 397px, (min-width: 712px) 595px, (min-width: 640px) 712px, \" \/><\/a><\/div><\/div><div style=\"padding:5px;\" class=\"fusion-grid-column fusion-gallery-column fusion-gallery-column-3 hover-type-none\"><div class=\"fusion-gallery-image\"><a href=\"https:\/\/powiatlwowecki.pl\/wp-content\/uploads\/2023\/02\/DSC4567-scaled.jpg\" rel=\"noreferrer\" data-rel=\"iLightbox[gallery_image_1]\" class=\"fusion-lightbox\" target=\"_self\"><img decoding=\"async\" src=\"https:\/\/powiatlwowecki.pl\/wp-content\/uploads\/2023\/02\/DSC4567-scaled.jpg\" width=\"2560\" height=\"1438\" alt=\"\" title=\"_DSC4567\" aria-label=\"_DSC4567\" class=\"img-responsive wp-image-3942\" srcset=\"https:\/\/powiatlwowecki.pl\/wp-content\/uploads\/2023\/02\/DSC4567-200x112.jpg 200w, https:\/\/powiatlwowecki.pl\/wp-content\/uploads\/2023\/02\/DSC4567-400x225.jpg 400w, https:\/\/powiatlwowecki.pl\/wp-content\/uploads\/2023\/02\/DSC4567-600x337.jpg 600w, https:\/\/powiatlwowecki.pl\/wp-content\/uploads\/2023\/02\/DSC4567-800x450.jpg 800w, https:\/\/powiatlwowecki.pl\/wp-content\/uploads\/2023\/02\/DSC4567-1200x674.jpg 1200w, https:\/\/powiatlwowecki.pl\/wp-content\/uploads\/2023\/02\/DSC4567-scaled.jpg 2560w\" sizes=\"(min-width: 2200px) 100vw, (min-width: 784px) 397px, (min-width: 712px) 595px, (min-width: 640px) 712px, \" \/><\/a><\/div><\/div><div style=\"padding:5px;\" class=\"fusion-grid-column fusion-gallery-column fusion-gallery-column-3 hover-type-none\"><div class=\"fusion-gallery-image\"><a href=\"https:\/\/powiatlwowecki.pl\/wp-content\/uploads\/2023\/02\/DSC4570.jpg\" rel=\"noreferrer\" data-rel=\"iLightbox[gallery_image_1]\" class=\"fusion-lightbox\" target=\"_self\"><img decoding=\"async\" src=\"https:\/\/powiatlwowecki.pl\/wp-content\/uploads\/2023\/02\/DSC4570.jpg\" width=\"\" height=\"\" alt=\"\" title=\"_DSC4570\" aria-label=\"_DSC4570\" class=\"img-responsive wp-image-3943\"  \/><\/a><\/div><\/div><div class=\"clearfix\"><\/div><div style=\"padding:5px;\" class=\"fusion-grid-column fusion-gallery-column fusion-gallery-column-3 hover-type-none\"><div class=\"fusion-gallery-image\"><a href=\"https:\/\/powiatlwowecki.pl\/wp-content\/uploads\/2023\/02\/DSC4581-scaled.jpg\" rel=\"noreferrer\" data-rel=\"iLightbox[gallery_image_1]\" class=\"fusion-lightbox\" target=\"_self\"><img decoding=\"async\" src=\"https:\/\/powiatlwowecki.pl\/wp-content\/uploads\/2023\/02\/DSC4581-scaled.jpg\" width=\"2560\" height=\"1438\" alt=\"\" title=\"_DSC4581\" aria-label=\"_DSC4581\" class=\"img-responsive wp-image-3945\" srcset=\"https:\/\/powiatlwowecki.pl\/wp-content\/uploads\/2023\/02\/DSC4581-200x112.jpg 200w, https:\/\/powiatlwowecki.pl\/wp-content\/uploads\/2023\/02\/DSC4581-400x225.jpg 400w, https:\/\/powiatlwowecki.pl\/wp-content\/uploads\/2023\/02\/DSC4581-600x337.jpg 600w, https:\/\/powiatlwowecki.pl\/wp-content\/uploads\/2023\/02\/DSC4581-800x450.jpg 800w, https:\/\/powiatlwowecki.pl\/wp-content\/uploads\/2023\/02\/DSC4581-1200x674.jpg 1200w, https:\/\/powiatlwowecki.pl\/wp-content\/uploads\/2023\/02\/DSC4581-scaled.jpg 2560w\" sizes=\"(min-width: 2200px) 100vw, (min-width: 784px) 397px, (min-width: 712px) 595px, (min-width: 640px) 712px, \" \/><\/a><\/div><\/div><div style=\"padding:5px;\" class=\"fusion-grid-column fusion-gallery-column fusion-gallery-column-3 hover-type-none\"><div class=\"fusion-gallery-image\"><a href=\"https:\/\/powiatlwowecki.pl\/wp-content\/uploads\/2023\/02\/DSC4582-scaled.jpg\" rel=\"noreferrer\" data-rel=\"iLightbox[gallery_image_1]\" class=\"fusion-lightbox\" target=\"_self\"><img decoding=\"async\" src=\"https:\/\/powiatlwowecki.pl\/wp-content\/uploads\/2023\/02\/DSC4582-scaled.jpg\" width=\"2560\" height=\"1438\" alt=\"\" title=\"_DSC4582\" aria-label=\"_DSC4582\" class=\"img-responsive wp-image-3946\" srcset=\"https:\/\/powiatlwowecki.pl\/wp-content\/uploads\/2023\/02\/DSC4582-200x112.jpg 200w, https:\/\/powiatlwowecki.pl\/wp-content\/uploads\/2023\/02\/DSC4582-400x225.jpg 400w, https:\/\/powiatlwowecki.pl\/wp-content\/uploads\/2023\/02\/DSC4582-600x337.jpg 600w, https:\/\/powiatlwowecki.pl\/wp-content\/uploads\/2023\/02\/DSC4582-800x450.jpg 800w, https:\/\/powiatlwowecki.pl\/wp-content\/uploads\/2023\/02\/DSC4582-1200x674.jpg 1200w, https:\/\/powiatlwowecki.pl\/wp-content\/uploads\/2023\/02\/DSC4582-scaled.jpg 2560w\" sizes=\"(min-width: 2200px) 100vw, (min-width: 784px) 397px, (min-width: 712px) 595px, (min-width: 640px) 712px, \" \/><\/a><\/div><\/div><div style=\"padding:5px;\" class=\"fusion-grid-column fusion-gallery-column fusion-gallery-column-3 hover-type-none\"><div class=\"fusion-gallery-image\"><a href=\"https:\/\/powiatlwowecki.pl\/wp-content\/uploads\/2023\/02\/DSC4586-scaled.jpg\" rel=\"noreferrer\" data-rel=\"iLightbox[gallery_image_1]\" class=\"fusion-lightbox\" target=\"_self\"><img decoding=\"async\" src=\"https:\/\/powiatlwowecki.pl\/wp-content\/uploads\/2023\/02\/DSC4586-scaled.jpg\" width=\"2560\" height=\"1438\" alt=\"\" title=\"_DSC4586\" aria-label=\"_DSC4586\" class=\"img-responsive wp-image-3947\" srcset=\"https:\/\/powiatlwowecki.pl\/wp-content\/uploads\/2023\/02\/DSC4586-200x112.jpg 200w, https:\/\/powiatlwowecki.pl\/wp-content\/uploads\/2023\/02\/DSC4586-400x225.jpg 400w, https:\/\/powiatlwowecki.pl\/wp-content\/uploads\/2023\/02\/DSC4586-600x337.jpg 600w, https:\/\/powiatlwowecki.pl\/wp-content\/uploads\/2023\/02\/DSC4586-800x450.jpg 800w, https:\/\/powiatlwowecki.pl\/wp-content\/uploads\/2023\/02\/DSC4586-1200x674.jpg 1200w, https:\/\/powiatlwowecki.pl\/wp-content\/uploads\/2023\/02\/DSC4586-scaled.jpg 2560w\" sizes=\"(min-width: 2200px) 100vw, (min-width: 784px) 397px, (min-width: 712px) 595px, (min-width: 640px) 712px, \" \/><\/a><\/div><\/div><div class=\"clearfix\"><\/div><div style=\"padding:5px;\" class=\"fusion-grid-column fusion-gallery-column fusion-gallery-column-3 hover-type-none\"><div class=\"fusion-gallery-image\"><a href=\"https:\/\/powiatlwowecki.pl\/wp-content\/uploads\/2023\/02\/DSC4584-scaled.jpg\" rel=\"noreferrer\" data-rel=\"iLightbox[gallery_image_1]\" class=\"fusion-lightbox\" target=\"_self\"><img decoding=\"async\" src=\"https:\/\/powiatlwowecki.pl\/wp-content\/uploads\/2023\/02\/DSC4584-scaled.jpg\" width=\"2560\" height=\"1438\" alt=\"\" title=\"_DSC4584\" aria-label=\"_DSC4584\" class=\"img-responsive wp-image-3948\" srcset=\"https:\/\/powiatlwowecki.pl\/wp-content\/uploads\/2023\/02\/DSC4584-200x112.jpg 200w, https:\/\/powiatlwowecki.pl\/wp-content\/uploads\/2023\/02\/DSC4584-400x225.jpg 400w, https:\/\/powiatlwowecki.pl\/wp-content\/uploads\/2023\/02\/DSC4584-600x337.jpg 600w, https:\/\/powiatlwowecki.pl\/wp-content\/uploads\/2023\/02\/DSC4584-800x450.jpg 800w, https:\/\/powiatlwowecki.pl\/wp-content\/uploads\/2023\/02\/DSC4584-1200x674.jpg 1200w, https:\/\/powiatlwowecki.pl\/wp-content\/uploads\/2023\/02\/DSC4584-scaled.jpg 2560w\" sizes=\"(min-width: 2200px) 100vw, (min-width: 784px) 397px, (min-width: 712px) 595px, (min-width: 640px) 712px, \" \/><\/a><\/div><\/div><\/div><\/div><\/div><\/div><\/div><\/div>\n","protected":false},"excerpt":{"rendered":"","protected":false},"author":8,"featured_media":3947,"comment_status":"closed","ping_status":"closed","sticky":false,"template":"","format":"standard","meta":{"_acf_changed":false,"footnotes":""},"categories":[5],"tags":[],"class_list":["post-3950","post","type-post","status-publish","format-standard","has-post-thumbnail","hentry","category-aktualnosci"],"acf":{"kal_data_wydarzenia":""},"_links":{"self":[{"href":"https:\/\/powiatlwowecki.pl\/plci_json_endpoint\/wp\/v2\/posts\/3950","targetHints":{"allow":["GET"]}}],"collection":[{"href":"https:\/\/powiatlwowecki.pl\/plci_json_endpoint\/wp\/v2\/posts"}],"about":[{"href":"https:\/\/powiatlwowecki.pl\/plci_json_endpoint\/wp\/v2\/types\/post"}],"author":[{"embeddable":true,"href":"https:\/\/powiatlwowecki.pl\/plci_json_endpoint\/wp\/v2\/users\/8"}],"replies":[{"embeddable":true,"href":"https:\/\/powiatlwowecki.pl\/plci_json_endpoint\/wp\/v2\/comments?post=3950"}],"version-history":[{"count":0,"href":"https:\/\/powiatlwowecki.pl\/plci_json_endpoint\/wp\/v2\/posts\/3950\/revisions"}],"wp:featuredmedia":[{"embeddable":true,"href":"https:\/\/powiatlwowecki.pl\/plci_json_endpoint\/wp\/v2\/media\/3947"}],"wp:attachment":[{"href":"https:\/\/powiatlwowecki.pl\/plci_json_endpoint\/wp\/v2\/media?parent=3950"}],"wp:term":[{"taxonomy":"category","embeddable":true,"href":"https:\/\/powiatlwowecki.pl\/plci_json_endpoint\/wp\/v2\/categories?post=3950"},{"taxonomy":"post_tag","embeddable":true,"href":"https:\/\/powiatlwowecki.pl\/plci_json_endpoint\/wp\/v2\/tags?post=3950"}],"curies":[{"name":"wp","href":"https:\/\/api.w.org\/{rel}","templated":true}]}}