{"id":3760,"date":"2022-12-23T07:55:46","date_gmt":"2022-12-23T06:55:46","guid":{"rendered":"https:\/\/powiatlwowecki.pl\/?p=3760"},"modified":"2022-12-23T08:01:33","modified_gmt":"2022-12-23T07:01:33","slug":"wesolych-swiat","status":"publish","type":"post","link":"https:\/\/powiatlwowecki.pl\/wesolych-swiat\/","title":{"rendered":"Weso\u0142ych \u015awi\u0105t !"},"content":{"rendered":"<p><img decoding=\"async\" class=\"alignnone size-full wp-image-3757\" src=\"https:\/\/powiatlwowecki.pl\/wp-content\/uploads\/2022\/12\/2.jpg\" alt=\"\" width=\"1800\" height=\"1200\" srcset=\"https:\/\/powiatlwowecki.pl\/wp-content\/uploads\/2022\/12\/2-24x16.jpg 24w, https:\/\/powiatlwowecki.pl\/wp-content\/uploads\/2022\/12\/2-36x24.jpg 36w, https:\/\/powiatlwowecki.pl\/wp-content\/uploads\/2022\/12\/2-48x32.jpg 48w, https:\/\/powiatlwowecki.pl\/wp-content\/uploads\/2022\/12\/2-200x133.jpg 200w, https:\/\/powiatlwowecki.pl\/wp-content\/uploads\/2022\/12\/2-300x200.jpg 300w, https:\/\/powiatlwowecki.pl\/wp-content\/uploads\/2022\/12\/2-400x267.jpg 400w, https:\/\/powiatlwowecki.pl\/wp-content\/uploads\/2022\/12\/2-600x400.jpg 600w, https:\/\/powiatlwowecki.pl\/wp-content\/uploads\/2022\/12\/2-768x512.jpg 768w, https:\/\/powiatlwowecki.pl\/wp-content\/uploads\/2022\/12\/2-800x533.jpg 800w, https:\/\/powiatlwowecki.pl\/wp-content\/uploads\/2022\/12\/2-1024x683.jpg 1024w, https:\/\/powiatlwowecki.pl\/wp-content\/uploads\/2022\/12\/2-1200x800.jpg 1200w, https:\/\/powiatlwowecki.pl\/wp-content\/uploads\/2022\/12\/2-1536x1024.jpg 1536w, https:\/\/powiatlwowecki.pl\/wp-content\/uploads\/2022\/12\/2.jpg 1800w\" sizes=\"(max-width: 1800px) 100vw, 1800px\" \/><\/p>\n","protected":false},"excerpt":{"rendered":"","protected":false},"author":8,"featured_media":3761,"comment_status":"closed","ping_status":"closed","sticky":false,"template":"","format":"standard","meta":{"_acf_changed":false,"footnotes":""},"categories":[5],"tags":[],"class_list":["post-3760","post","type-post","status-publish","format-standard","has-post-thumbnail","hentry","category-aktualnosci"],"acf":{"kal_data_wydarzenia":""},"_links":{"self":[{"href":"https:\/\/powiatlwowecki.pl\/plci_json_endpoint\/wp\/v2\/posts\/3760","targetHints":{"allow":["GET"]}}],"collection":[{"href":"https:\/\/powiatlwowecki.pl\/plci_json_endpoint\/wp\/v2\/posts"}],"about":[{"href":"https:\/\/powiatlwowecki.pl\/plci_json_endpoint\/wp\/v2\/types\/post"}],"author":[{"embeddable":true,"href":"https:\/\/powiatlwowecki.pl\/plci_json_endpoint\/wp\/v2\/users\/8"}],"replies":[{"embeddable":true,"href":"https:\/\/powiatlwowecki.pl\/plci_json_endpoint\/wp\/v2\/comments?post=3760"}],"version-history":[{"count":0,"href":"https:\/\/powiatlwowecki.pl\/plci_json_endpoint\/wp\/v2\/posts\/3760\/revisions"}],"wp:featuredmedia":[{"embeddable":true,"href":"https:\/\/powiatlwowecki.pl\/plci_json_endpoint\/wp\/v2\/media\/3761"}],"wp:attachment":[{"href":"https:\/\/powiatlwowecki.pl\/plci_json_endpoint\/wp\/v2\/media?parent=3760"}],"wp:term":[{"taxonomy":"category","embeddable":true,"href":"https:\/\/powiatlwowecki.pl\/plci_json_endpoint\/wp\/v2\/categories?post=3760"},{"taxonomy":"post_tag","embeddable":true,"href":"https:\/\/powiatlwowecki.pl\/plci_json_endpoint\/wp\/v2\/tags?post=3760"}],"curies":[{"name":"wp","href":"https:\/\/api.w.org\/{rel}","templated":true}]}}