{"id":3493,"date":"2022-10-18T12:37:48","date_gmt":"2022-10-18T10:37:48","guid":{"rendered":"https:\/\/powiatlwowecki.pl\/?p=3493"},"modified":"2022-10-18T12:43:58","modified_gmt":"2022-10-18T10:43:58","slug":"aktywnie-na-pograniczu","status":"publish","type":"post","link":"https:\/\/powiatlwowecki.pl\/aktywnie-na-pograniczu\/","title":{"rendered":"Aktywnie na pograniczu"},"content":{"rendered":"<p><div class=\"fusion-fullwidth fullwidth-box fusion-builder-row-1 nonhundred-percent-fullwidth non-hundred-percent-height-scrolling\" style=\"--awb-border-radius-top-left:0px;--awb-border-radius-top-right:0px;--awb-border-radius-bottom-right:0px;--awb-border-radius-bottom-left:0px;--awb-flex-wrap:wrap;\" ><div class=\"fusion-builder-row fusion-row\"><div class=\"fusion-layout-column fusion_builder_column fusion-builder-column-0 fusion_builder_column_1_2 1_2 fusion-one-half fusion-column-first\" style=\"--awb-bg-size:cover;width:50%;width:calc(50% - ( ( 4% ) * 0.5 ) );margin-right: 4%;\"><div class=\"fusion-column-wrapper fusion-column-has-shadow fusion-flex-column-wrapper-legacy\"><div class=\"fusion-text fusion-text-1\"><p style=\"text-align: left;\"><span style=\"font-size: 18pt;\"><strong>\u201eAktywnie na pograniczu\u201d<\/strong><\/span><\/p>\n<p style=\"text-align: left;\">Termin realizacji projektu: <strong>02.05.2022-31.10.2022<\/strong><\/p>\n<p style=\"text-align: left;\">Projekt polega na organizacji imprez sportowych, kt\u00f3re odb\u0119d\u0105 si\u0119 na terenie ziemi \u017caclerzskiej i powiatu lw\u00f3weckiego w 2022. Celem projektu jest popularyzacja kultury i zdrowego stylu \u017cycia podczas wsp\u00f3lnych spotka\u0144 polskich i czeskich pasjonat\u00f3w i amator\u00f3w aktywnego wypoczynku i sportu. Elementem dzia\u0142a\u0144 projektu jest tak\u017ce promocja wszystkich zaplanowanych wydarze\u0144.<\/p>\n<p style=\"text-align: left;\">Projekt jest realizowany wsp\u00f3lnie z czeskim partnerem &#8211; Miastem \u017dacl\u00e9\u0159.<\/p>\n<p style=\"text-align: left;\">Obaj partnerzy wsp\u00f3\u0142pracuj\u0105 od dziewi\u0119ciu lat, realizuj\u0105c w partnerstwie kilkana\u015bcie projekt\u00f3w, w tym dwa wsp\u00f3lne projekty: &#8222;\u0141\u0105czy nas B\u00f3br&#8221; &#8211; 15.051,12 EUR oraz &#8222;Rowerowe pogranicze&#8221; 19 04,36 EUR. Projekty obejmowa\u0142y udzia\u0142 we wsp\u00f3lnych dzia\u0142aniach integracyjnych, rajdach rowerowych w Polsce,Czechach i z Czech do Polski, sp\u0142ywach wsp\u00f3ln\u0105 B\u00f3br, wsp\u00f3lnych plenerach artystycznych dla artyst\u00f3w PL i CZ, wydawnictwach dwuj\u0119zycznych, wzajemnej promocji, wsp\u00f3lnie opracowanych filmach promocyjnych. Poza projektami utrzymywana jest sta\u0142a wsp\u00f3\u0142praca i wzajemne uczestnictwo w wydarzeniach i uroczysto\u015bciach realizowanych przez Powiat Lw\u00f3wecki i miasto \u017baclerz. \u0141\u0105czna warto\u015b\u0107 dotychczas zrealizowanych projekt\u00f3w przekroczy\u0142a 300 tysi\u0119cy EUR.<\/p>\n<p style=\"text-align: left;\"><span style=\"font-size: 14pt;\"><strong><span style=\"text-decoration: underline;\">Dzia\u0142ania zaplanowane w ramach projektu:<\/span><\/strong><\/span><\/p>\n<p style=\"text-align: left;\">1. Cyklov\u00fdlet &#8222;\u00dadol\u00edm Bobru ER \u2013 6\u201d\/ Rajd rowerowy &#8222;Dolin\u0105 Bobru ER-6\u201d<\/p>\n<p style=\"text-align: left;\">2. Pozn\u00e1v\u00e1me \u010desko-polsk\u00e9 pohrani\u010d\u00ed v Orlick\u00fdch Hor\u00e1ch\/Poznajemy czesko-polskie pogranicze G\u00f3r Orlickich<\/p>\n<p style=\"text-align: left;\">3. Sj\u00ed\u017ed\u011bn\u00ed \u0159eky Bobr na kajac\u00edch a raftech\/Sp\u0142yw kajakowo-pontonowy rzek\u0105 B\u00f3br<\/p>\n<p style=\"text-align: left;\">4. Ukon\u010den\u00ed cyklistick\u00e9 sez\u00f3ny 2022 s Lvoveck\u00fdm okresem\/Zako\u0144czenie sezonu rowerowego 2022 z Powiatem Lw\u00f3weckim<\/p>\n<p style=\"text-align: left;\">5. Ukon\u010den\u00ed cyklistick\u00e9 sez\u00f3ny na \u017dacl\u00e9\u0159sku\/Zako\u0144czenie sezonu rowerowego w \u017baclerzu<\/p>\n<\/div><div class=\"fusion-clearfix\"><\/div><\/div><\/div><div class=\"fusion-layout-column fusion_builder_column fusion-builder-column-1 fusion_builder_column_1_2 1_2 fusion-one-half fusion-column-last\" style=\"--awb-bg-size:cover;width:50%;width:calc(50% - ( ( 4% ) * 0.5 ) );\"><div class=\"fusion-column-wrapper fusion-column-has-shadow fusion-flex-column-wrapper-legacy\"><div class=\"fusion-blog-shortcode fusion-blog-shortcode-1 fusion-blog-archive fusion-blog-layout-timeline-wrapper fusion-blog-infinite\"><div class=\"fusion-posts-container fusion-posts-container-infinite fusion-posts-container-load-more\" data-pages=\"3\"><div class=\"fusion-timeline-icon\"><i class=\"awb-icon-bubbles\" style=\"color:#f2f3f5;\" aria-hidden=\"true\"><\/i><\/div><div class=\"fusion-blog-layout-timeline fusion-clearfix\"><div class=\"fusion-timeline-line\" style=\"border-left:1px solid #f2f3f5;border-right:1px solid #f2f3f5;\"><\/div><h3 class=\"fusion-timeline-date\" style=\"background-color:#f2f3f5;\">pa\u017adziernik 2022<\/h3><div class=\"fusion-collapse-month\"><article id=\"blog-1-post-3486\" style=\"border-color:#f2f3f5;\" class=\"fusion-post-timeline fusion-clearfix fusion-left-column post-3486 post type-post status-publish format-standard has-post-thumbnail hentry category-aktualnosci category-fundusze-unijne category-turystyka-w-powiecie tag-aktywnie-na-pograniczu\">\n<div class=\"fusion-post-wrapper\" style=\"background-color:rgba(255,255,255,0);\">\n\n\t\t\t<div class=\"fusion-flexslider flexslider fusion-flexslider-loading fusion-post-slideshow\" style=\"border-color:#f2f3f5;\">\n\t\t<ul class=\"slides\">\n\t\t\t\n\t\t\t\t\t\t\t\t\t\t\t\t\t\t<li><div  class=\"fusion-image-wrapper\" aria-haspopup=\"true\">\n\t\t\t\t\t\t\t<a href=\"https:\/\/powiatlwowecki.pl\/przewodnik-dzwiekowy-po-trasie-rowerowej-er-6\/\" aria-label=\"Przewodnik d\u017awi\u0119kowy po trasie rowerowej ER-6\">\n\t\t\t\t\t\t\t<img decoding=\"async\" width=\"820\" height=\"400\" src=\"https:\/\/powiatlwowecki.pl\/wp-content\/uploads\/2022\/10\/przewodnik-dzwiekowy.png\" class=\"attachment-full size-full wp-post-image\" alt=\"\" srcset=\"https:\/\/powiatlwowecki.pl\/wp-content\/uploads\/2022\/10\/przewodnik-dzwiekowy-200x98.png 200w, https:\/\/powiatlwowecki.pl\/wp-content\/uploads\/2022\/10\/przewodnik-dzwiekowy-400x195.png 400w, https:\/\/powiatlwowecki.pl\/wp-content\/uploads\/2022\/10\/przewodnik-dzwiekowy-600x293.png 600w, https:\/\/powiatlwowecki.pl\/wp-content\/uploads\/2022\/10\/przewodnik-dzwiekowy-800x390.png 800w, https:\/\/powiatlwowecki.pl\/wp-content\/uploads\/2022\/10\/przewodnik-dzwiekowy.png 820w\" sizes=\"(max-width: 800px) 100vw, 40vw\" \/>\t\t\t<\/a>\n\t\t\t\t\t\t\t<\/div>\n<\/li>\n\t\t\t\n\t\t\t\n\t\t\t\t\t\t\t\t\t\t\t\t\t\t\t\t\t\t\t\t\t\t\t\t\t\t\t\t\t\t\t\t\t\t\t\t\t\t\t\t\t\t\t\t\t\t\t\t\t\t\t\t\t\t\t\t\t\t\t\t\t\t\t\t\t\t\t\t<\/ul>\n\t<\/div>\n\t<div class=\"fusion-post-content-wrapper\" style=\"padding:30px 25px 25px 25px;\"><div class=\"fusion-post-content post-content\"><div class=\"fusion-timeline-circle\" style=\"background-color:#f2f3f5;\"><\/div><div class=\"fusion-timeline-arrow\" style=\"color:#f2f3f5;\"><\/div><h2 class=\"blog-shortcode-post-title entry-title\"><a href=\"https:\/\/powiatlwowecki.pl\/przewodnik-dzwiekowy-po-trasie-rowerowej-er-6\/\">Przewodnik d\u017awi\u0119kowy po trasie rowerowej ER-6<\/a><\/h2><p class=\"fusion-single-line-meta\">Przez <span class=\"vcard\"><span class=\"fn\"><a href=\"https:\/\/powiatlwowecki.pl\/author\/agnieszka_wolska\/\" title=\"Wpisy od Agnieszka Wolska\" rel=\"author\">Agnieszka Wolska<\/a><\/span><\/span><span class=\"fusion-inline-sep\">|<\/span><span class=\"updated\" style=\"display:none;\">2022-10-18T12:55:47+02:00<\/span><span>6 pa\u017adziernika, 2022<\/span><span class=\"fusion-inline-sep\">|<\/span><a href=\"https:\/\/powiatlwowecki.pl\/category\/aktualnosci\/\" rel=\"category tag\">Aktualno\u015bci<\/a>, <a href=\"https:\/\/powiatlwowecki.pl\/category\/fundusze-unijne\/\" rel=\"category tag\">Fundusze unijne<\/a>, <a href=\"https:\/\/powiatlwowecki.pl\/category\/turystyka-w-powiecie\/\" rel=\"category tag\">Turystyka w powiecie<\/a><span class=\"fusion-inline-sep\">|<\/span><span class=\"meta-tags\">Tags: <a href=\"https:\/\/powiatlwowecki.pl\/tag\/aktywnie-na-pograniczu\/\" rel=\"tag\">Aktywnie na pograniczu<\/a><\/span><span class=\"fusion-inline-sep\">|<\/span><\/p><div class=\"fusion-content-sep sep-none\"><\/div><div class=\"fusion-post-content-container\"><p>     Rowerowy szlak euroregionalny ER-6 \u201eDolina [...]<\/p><\/div><\/div><div class=\"fusion-meta-info\"><div class=\"fusion-alignleft\"><a class=\"fusion-read-more\" href=\"https:\/\/powiatlwowecki.pl\/przewodnik-dzwiekowy-po-trasie-rowerowej-er-6\/\" aria-label=\"More on Przewodnik d\u017awi\u0119kowy po trasie rowerowej ER-6\">Czytaj dalej<\/a><\/div><div class=\"fusion-alignright\"><span>Mo\u017cliwo\u015b\u0107 komentowania <span class=\"screen-reader-text\">Przewodnik d\u017awi\u0119kowy po trasie rowerowej ER-6<\/span> zosta\u0142a wy\u0142\u0105czona<\/span><\/div><\/div><\/div><div class=\"fusion-clearfix\"><\/div><\/div>\n<\/article>\n<\/div><h3 class=\"fusion-timeline-date\" style=\"background-color:#f2f3f5;\">wrzesie\u0144 2022<\/h3><div class=\"fusion-collapse-month\"><article id=\"blog-1-post-3468\" style=\"border-color:#f2f3f5;\" class=\"fusion-post-timeline fusion-clearfix fusion-right-column post-3468 post type-post status-publish format-standard has-post-thumbnail hentry category-aktualnosci category-fundusze-unijne category-turystyka-w-powiecie category-wydarzenia tag-aktywnie-na-pograniczu\">\n<div class=\"fusion-post-wrapper\" style=\"background-color:rgba(255,255,255,0);\">\n\n\t\t\t<div class=\"fusion-flexslider flexslider fusion-flexslider-loading fusion-post-slideshow\" style=\"border-color:#f2f3f5;\">\n\t\t<ul class=\"slides\">\n\t\t\t\n\t\t\t\t\t\t\t\t\t\t\t\t\t\t<li><div  class=\"fusion-image-wrapper\" aria-haspopup=\"true\">\n\t\t\t\t\t\t\t<a href=\"https:\/\/powiatlwowecki.pl\/zakonczenie-sezonu-rowerowego-w-zaclerzu-2\/\" aria-label=\"Zako\u0144czenie sezonu rowerowego w \u017baclerzu\">\n\t\t\t\t\t\t\t<img decoding=\"async\" width=\"940\" height=\"788\" src=\"https:\/\/powiatlwowecki.pl\/wp-content\/uploads\/2022\/09\/baner-na-strone.png\" class=\"attachment-full size-full wp-post-image\" alt=\"\" srcset=\"https:\/\/powiatlwowecki.pl\/wp-content\/uploads\/2022\/09\/baner-na-strone-200x168.png 200w, https:\/\/powiatlwowecki.pl\/wp-content\/uploads\/2022\/09\/baner-na-strone-400x335.png 400w, https:\/\/powiatlwowecki.pl\/wp-content\/uploads\/2022\/09\/baner-na-strone-600x503.png 600w, https:\/\/powiatlwowecki.pl\/wp-content\/uploads\/2022\/09\/baner-na-strone-800x671.png 800w, https:\/\/powiatlwowecki.pl\/wp-content\/uploads\/2022\/09\/baner-na-strone.png 940w\" sizes=\"(max-width: 800px) 100vw, 40vw\" \/>\t\t\t<\/a>\n\t\t\t\t\t\t\t<\/div>\n<\/li>\n\t\t\t\n\t\t\t\n\t\t\t\t\t\t\t\t\t\t\t\t\t\t\t\t\t\t\t\t\t\t\t\t\t\t\t\t\t\t\t\t\t\t\t\t\t\t\t\t\t\t\t\t\t\t\t\t\t\t\t\t\t\t\t\t\t\t\t\t\t\t\t\t\t\t\t\t<\/ul>\n\t<\/div>\n\t<div class=\"fusion-post-content-wrapper\" style=\"padding:30px 25px 25px 25px;\"><div class=\"fusion-post-content post-content\"><div class=\"fusion-timeline-circle\" style=\"background-color:#f2f3f5;\"><\/div><div class=\"fusion-timeline-arrow\" style=\"color:#f2f3f5;\"><\/div><h2 class=\"blog-shortcode-post-title entry-title\"><a href=\"https:\/\/powiatlwowecki.pl\/zakonczenie-sezonu-rowerowego-w-zaclerzu-2\/\">Zako\u0144czenie sezonu rowerowego w \u017baclerzu<\/a><\/h2><p class=\"fusion-single-line-meta\">Przez <span class=\"vcard\"><span class=\"fn\"><a href=\"https:\/\/powiatlwowecki.pl\/author\/agnieszka_wolska\/\" title=\"Wpisy od Agnieszka Wolska\" rel=\"author\">Agnieszka Wolska<\/a><\/span><\/span><span class=\"fusion-inline-sep\">|<\/span><span class=\"updated\" style=\"display:none;\">2022-10-18T12:28:06+02:00<\/span><span>27 wrze\u015bnia, 2022<\/span><span class=\"fusion-inline-sep\">|<\/span><a href=\"https:\/\/powiatlwowecki.pl\/category\/aktualnosci\/\" rel=\"category tag\">Aktualno\u015bci<\/a>, <a href=\"https:\/\/powiatlwowecki.pl\/category\/fundusze-unijne\/\" rel=\"category tag\">Fundusze unijne<\/a>, <a href=\"https:\/\/powiatlwowecki.pl\/category\/turystyka-w-powiecie\/\" rel=\"category tag\">Turystyka w powiecie<\/a>, <a href=\"https:\/\/powiatlwowecki.pl\/category\/aktualnosci\/wydarzenia\/\" rel=\"category tag\">Wydarzenia<\/a><span class=\"fusion-inline-sep\">|<\/span><span class=\"meta-tags\">Tags: <a href=\"https:\/\/powiatlwowecki.pl\/tag\/aktywnie-na-pograniczu\/\" rel=\"tag\">Aktywnie na pograniczu<\/a><\/span><span class=\"fusion-inline-sep\">|<\/span><\/p><div class=\"fusion-content-sep sep-none\"><\/div><div class=\"fusion-post-content-container\"><p>  Rajd rowerowy \u201eZako\u0144czenie sezonu rowerowego w \u017baclerzu\u201d Rajd [...]<\/p><\/div><\/div><div class=\"fusion-meta-info\"><div class=\"fusion-alignleft\"><a class=\"fusion-read-more\" href=\"https:\/\/powiatlwowecki.pl\/zakonczenie-sezonu-rowerowego-w-zaclerzu-2\/\" aria-label=\"More on Zako\u0144czenie sezonu rowerowego w \u017baclerzu\">Czytaj dalej<\/a><\/div><div class=\"fusion-alignright\"><span>Mo\u017cliwo\u015b\u0107 komentowania <span class=\"screen-reader-text\">Zako\u0144czenie sezonu rowerowego w \u017baclerzu<\/span> zosta\u0142a wy\u0142\u0105czona<\/span><\/div><\/div><\/div><div class=\"fusion-clearfix\"><\/div><\/div>\n<\/article>\n<\/div><\/div><\/div><div class=\"fusion-infinite-scroll-trigger\"><\/div><div class=\"pagination infinite-scroll clearfix\" style=\"display:none;\"><span class=\"current\">1<\/span><a href=\"https:\/\/powiatlwowecki.pl\/plci_json_endpoint\/wp\/v2\/posts\/3493\/page\/2\/\" class=\"inactive\">2<\/a><a href=\"https:\/\/powiatlwowecki.pl\/plci_json_endpoint\/wp\/v2\/posts\/3493\/page\/3\/\" class=\"inactive\">3<\/a><a class=\"pagination-next\" rel=\"next\" href=\"https:\/\/powiatlwowecki.pl\/plci_json_endpoint\/wp\/v2\/posts\/3493\/page\/2\/\"><span class=\"page-text\">Kolejny<\/span><span class=\"page-next\"><\/span><\/a><\/div><div class=\"fusion-clearfix\"><\/div><button class=\"fusion-load-more-button fusion-blog-button fusion-clearfix\">Poka\u017c wi\u0119cej artyku\u0142\u00f3w<\/button><\/div><div class=\"fusion-clearfix\"><\/div><\/div><\/div><\/div><\/div><div class=\"fusion-fullwidth fullwidth-box fusion-builder-row-2 nonhundred-percent-fullwidth non-hundred-percent-height-scrolling\" style=\"--awb-border-radius-top-left:0px;--awb-border-radius-top-right:0px;--awb-border-radius-bottom-right:0px;--awb-border-radius-bottom-left:0px;--awb-flex-wrap:wrap;\" ><div class=\"fusion-builder-row fusion-row\"><div class=\"fusion-layout-column fusion_builder_column fusion-builder-column-2 fusion_builder_column_1_1 1_1 fusion-one-full fusion-column-first fusion-column-last\" style=\"--awb-bg-size:cover;\"><div class=\"fusion-column-wrapper fusion-column-has-shadow fusion-flex-column-wrapper-legacy\"><div class=\"fusion-image-carousel fusion-image-carousel-fixed fusion-image-carousel-1 fusion-carousel-border\"><div class=\"awb-carousel awb-swiper awb-swiper-carousel awb-carousel--carousel awb-swiper-dots-position-bottom\" data-layout=\"carousel\" data-autoplay=\"yes\" data-autoplayspeed=\"2500\" data-autoplaypause=\"no\" data-columns=\"4\" data-columnsmedium=\"1\" data-columnssmall=\"1\" data-itemmargin=\"13\" data-itemwidth=\"180\" data-touchscroll=\"no\" data-freemode=\"no\" data-imagesize=\"fixed\" data-scrollitems=\"0\" data-centeredslides=\"no\" data-rotationangle=\"50\" data-depth=\"100\" data-speed=\"500\" data-shadow=\"no\" data-pagination=\"bullets\" style=\"--awb-columns:4;--awb-border-width:1px;--awb-border-color:#e9eaee;\"><div class=\"swiper-wrapper awb-image-carousel-wrapper fusion-flex-align-items-center\"><div class=\"swiper-slide\"><div class=\"fusion-carousel-item-wrapper\"><div class=\"fusion-image-wrapper hover-type-none\"><img decoding=\"async\" width=\"320\" height=\"202\" src=\"https:\/\/powiatlwowecki.pl\/wp-content\/uploads\/2022\/10\/20220827_113542-320x202.jpg\" class=\"attachment-blog-medium size-blog-medium\" alt=\"\" \/><\/div><\/div><\/div><div class=\"swiper-slide\"><div class=\"fusion-carousel-item-wrapper\"><div class=\"fusion-image-wrapper hover-type-none\"><img decoding=\"async\" width=\"320\" height=\"202\" src=\"https:\/\/powiatlwowecki.pl\/wp-content\/uploads\/2022\/10\/20220924_110929-320x202.jpg\" class=\"attachment-blog-medium size-blog-medium\" alt=\"\" \/><\/div><\/div><\/div><div class=\"swiper-slide\"><div class=\"fusion-carousel-item-wrapper\"><div class=\"fusion-image-wrapper hover-type-none\"><img decoding=\"async\" width=\"320\" height=\"202\" src=\"https:\/\/powiatlwowecki.pl\/wp-content\/uploads\/2022\/10\/310821854_1133208877601159_5761352967035026928_n-320x202.jpg\" class=\"attachment-blog-medium size-blog-medium\" alt=\"\" \/><\/div><\/div><\/div><div class=\"swiper-slide\"><div class=\"fusion-carousel-item-wrapper\"><div class=\"fusion-image-wrapper hover-type-none\"><img decoding=\"async\" width=\"320\" height=\"202\" src=\"https:\/\/powiatlwowecki.pl\/wp-content\/uploads\/2022\/10\/310864965_432858565642663_4160676576297606211_n-320x202.jpg\" class=\"attachment-blog-medium size-blog-medium\" alt=\"\" \/><\/div><\/div><\/div><div class=\"swiper-slide\"><div class=\"fusion-carousel-item-wrapper\"><div class=\"fusion-image-wrapper hover-type-none\"><img decoding=\"async\" width=\"320\" height=\"202\" src=\"https:\/\/powiatlwowecki.pl\/wp-content\/uploads\/2022\/10\/311208883_1778466759171947_6488620795602960194_n-320x202.jpg\" class=\"attachment-blog-medium size-blog-medium\" alt=\"\" \/><\/div><\/div><\/div><\/div><div class=\"awb-swiper-button awb-swiper-button-prev\"><i class=\"awb-icon-angle-left\" aria-hidden=\"true\"><\/i><\/div><div class=\"awb-swiper-button awb-swiper-button-next\"><i class=\"awb-icon-angle-right\" aria-hidden=\"true\"><\/i><\/div><\/div><\/div><div class=\"fusion-text fusion-text-2\"><p style=\"text-align: center;\">Ca\u0142kowita warto\u015b\u0107 projektu: 19 750,47 \u20ac, w tym:<br \/>\n&#8211; dofinansowanie z Europejskiego Funduszu Rozwoju Regionalnego: 16 787,89 \u20ac,<br \/>\n&#8211; dofinansowanie z krajowych \u015brodk\u00f3w publicznych: 2 962,58 \u20ac.<\/p>\n<\/div><div class=\"fusion-text fusion-text-3\"><p style=\"text-align: center;\">Mikroprojekt jest wsp\u00f3\u0142finansowany ze \u015brodk\u00f3w Europejskiego Funduszu Rozwoju Regionalnego<\/p>\n<p style=\"text-align: center;\">w ramach Programu INTERREG V-A Republika Czeska \u2013 Polska 2014-2020 oraz z bud\u017cetu pa\u0144stwa za po\u015brednictwem Euroregionu Nysa.<\/p>\n<p><img decoding=\"async\" class=\"size-full wp-image-2207 alignnone\" src=\"https:\/\/powiatlwowecki.pl\/wp-content\/uploads\/2021\/02\/wszsystkie-3.jpg\" alt=\"LOGOTYPY PROGRAMU POLSKO-CZESKIEGO I EUROREGIONU NYSA\" width=\"2538\" height=\"181\" srcset=\"https:\/\/powiatlwowecki.pl\/wp-content\/uploads\/2021\/02\/wszsystkie-3-24x2.jpg 24w, https:\/\/powiatlwowecki.pl\/wp-content\/uploads\/2021\/02\/wszsystkie-3-36x3.jpg 36w, https:\/\/powiatlwowecki.pl\/wp-content\/uploads\/2021\/02\/wszsystkie-3-48x3.jpg 48w, https:\/\/powiatlwowecki.pl\/wp-content\/uploads\/2021\/02\/wszsystkie-3-200x14.jpg 200w, https:\/\/powiatlwowecki.pl\/wp-content\/uploads\/2021\/02\/wszsystkie-3-300x21.jpg 300w, https:\/\/powiatlwowecki.pl\/wp-content\/uploads\/2021\/02\/wszsystkie-3-400x29.jpg 400w, https:\/\/powiatlwowecki.pl\/wp-content\/uploads\/2021\/02\/wszsystkie-3-600x43.jpg 600w, https:\/\/powiatlwowecki.pl\/wp-content\/uploads\/2021\/02\/wszsystkie-3-768x55.jpg 768w, https:\/\/powiatlwowecki.pl\/wp-content\/uploads\/2021\/02\/wszsystkie-3-800x57.jpg 800w, https:\/\/powiatlwowecki.pl\/wp-content\/uploads\/2021\/02\/wszsystkie-3-1024x73.jpg 1024w, https:\/\/powiatlwowecki.pl\/wp-content\/uploads\/2021\/02\/wszsystkie-3-1200x86.jpg 1200w, https:\/\/powiatlwowecki.pl\/wp-content\/uploads\/2021\/02\/wszsystkie-3-1536x110.jpg 1536w, https:\/\/powiatlwowecki.pl\/wp-content\/uploads\/2021\/02\/wszsystkie-3.jpg 2538w\" sizes=\"(max-width: 2538px) 100vw, 2538px\" \/><\/p>\n<\/div><div class=\"fusion-clearfix\"><\/div><\/div><\/div><\/div><\/div><\/p>\n","protected":false},"excerpt":{"rendered":"","protected":false},"author":5,"featured_media":0,"comment_status":"closed","ping_status":"closed","sticky":false,"template":"","format":"standard","meta":{"_acf_changed":false,"footnotes":""},"categories":[84],"tags":[],"class_list":["post-3493","post","type-post","status-publish","format-standard","hentry","category-fundusze-unijne"],"acf":{"kal_data_wydarzenia":""},"_links":{"self":[{"href":"https:\/\/powiatlwowecki.pl\/plci_json_endpoint\/wp\/v2\/posts\/3493","targetHints":{"allow":["GET"]}}],"collection":[{"href":"https:\/\/powiatlwowecki.pl\/plci_json_endpoint\/wp\/v2\/posts"}],"about":[{"href":"https:\/\/powiatlwowecki.pl\/plci_json_endpoint\/wp\/v2\/types\/post"}],"author":[{"embeddable":true,"href":"https:\/\/powiatlwowecki.pl\/plci_json_endpoint\/wp\/v2\/users\/5"}],"replies":[{"embeddable":true,"href":"https:\/\/powiatlwowecki.pl\/plci_json_endpoint\/wp\/v2\/comments?post=3493"}],"version-history":[{"count":0,"href":"https:\/\/powiatlwowecki.pl\/plci_json_endpoint\/wp\/v2\/posts\/3493\/revisions"}],"wp:attachment":[{"href":"https:\/\/powiatlwowecki.pl\/plci_json_endpoint\/wp\/v2\/media?parent=3493"}],"wp:term":[{"taxonomy":"category","embeddable":true,"href":"https:\/\/powiatlwowecki.pl\/plci_json_endpoint\/wp\/v2\/categories?post=3493"},{"taxonomy":"post_tag","embeddable":true,"href":"https:\/\/powiatlwowecki.pl\/plci_json_endpoint\/wp\/v2\/tags?post=3493"}],"curies":[{"name":"wp","href":"https:\/\/api.w.org\/{rel}","templated":true}]}}