{"id":3463,"date":"2022-09-22T09:37:07","date_gmt":"2022-09-22T07:37:07","guid":{"rendered":"https:\/\/powiatlwowecki.pl\/?p=3463"},"modified":"2022-09-22T09:37:07","modified_gmt":"2022-09-22T07:37:07","slug":"program-wypracowanie-i-pilotazowe-wdrozenie-modelu-kompleksowej-rehabilitacji-umozliwiajacej-podjecie-lub-powrot-do-pracy-skierowany-bezposrednio-do-osob-po-wypadkach","status":"publish","type":"post","link":"https:\/\/powiatlwowecki.pl\/program-wypracowanie-i-pilotazowe-wdrozenie-modelu-kompleksowej-rehabilitacji-umozliwiajacej-podjecie-lub-powrot-do-pracy-skierowany-bezposrednio-do-osob-po-wypadkach\/","title":{"rendered":"Program \u201eWypracowanie i pilota\u017cowe wdro\u017cenie modelu kompleksowej rehabilitacji umo\u017cliwiaj\u0105cej podj\u0119cie lub powr\u00f3t do pracy\u201d skierowany bezpo\u015brednio do os\u00f3b po WYPADKACH."},"content":{"rendered":"<p><img decoding=\"async\" class=\"alignnone size-full wp-image-3464\" src=\"https:\/\/powiatlwowecki.pl\/wp-content\/uploads\/2022\/09\/PO-WYPADKU-MATERIAL-PRASOWY-1.jpg\" alt=\"\" width=\"1654\" height=\"2339\" srcset=\"https:\/\/powiatlwowecki.pl\/wp-content\/uploads\/2022\/09\/PO-WYPADKU-MATERIAL-PRASOWY-1-17x24.jpg 17w, https:\/\/powiatlwowecki.pl\/wp-content\/uploads\/2022\/09\/PO-WYPADKU-MATERIAL-PRASOWY-1-25x36.jpg 25w, https:\/\/powiatlwowecki.pl\/wp-content\/uploads\/2022\/09\/PO-WYPADKU-MATERIAL-PRASOWY-1-34x48.jpg 34w, https:\/\/powiatlwowecki.pl\/wp-content\/uploads\/2022\/09\/PO-WYPADKU-MATERIAL-PRASOWY-1-200x283.jpg 200w, https:\/\/powiatlwowecki.pl\/wp-content\/uploads\/2022\/09\/PO-WYPADKU-MATERIAL-PRASOWY-1-212x300.jpg 212w, https:\/\/powiatlwowecki.pl\/wp-content\/uploads\/2022\/09\/PO-WYPADKU-MATERIAL-PRASOWY-1-400x566.jpg 400w, https:\/\/powiatlwowecki.pl\/wp-content\/uploads\/2022\/09\/PO-WYPADKU-MATERIAL-PRASOWY-1-600x848.jpg 600w, https:\/\/powiatlwowecki.pl\/wp-content\/uploads\/2022\/09\/PO-WYPADKU-MATERIAL-PRASOWY-1-724x1024.jpg 724w, https:\/\/powiatlwowecki.pl\/wp-content\/uploads\/2022\/09\/PO-WYPADKU-MATERIAL-PRASOWY-1-768x1086.jpg 768w, https:\/\/powiatlwowecki.pl\/wp-content\/uploads\/2022\/09\/PO-WYPADKU-MATERIAL-PRASOWY-1-800x1131.jpg 800w, https:\/\/powiatlwowecki.pl\/wp-content\/uploads\/2022\/09\/PO-WYPADKU-MATERIAL-PRASOWY-1-1086x1536.jpg 1086w, https:\/\/powiatlwowecki.pl\/wp-content\/uploads\/2022\/09\/PO-WYPADKU-MATERIAL-PRASOWY-1-1200x1697.jpg 1200w, https:\/\/powiatlwowecki.pl\/wp-content\/uploads\/2022\/09\/PO-WYPADKU-MATERIAL-PRASOWY-1-1448x2048.jpg 1448w, https:\/\/powiatlwowecki.pl\/wp-content\/uploads\/2022\/09\/PO-WYPADKU-MATERIAL-PRASOWY-1.jpg 1654w\" sizes=\"(max-width: 1654px) 100vw, 1654px\" \/><\/p>\n","protected":false},"excerpt":{"rendered":"","protected":false},"author":4,"featured_media":3465,"comment_status":"closed","ping_status":"closed","sticky":false,"template":"","format":"standard","meta":{"_acf_changed":false,"footnotes":""},"categories":[5],"tags":[],"class_list":["post-3463","post","type-post","status-publish","format-standard","has-post-thumbnail","hentry","category-aktualnosci"],"acf":{"kal_data_wydarzenia":""},"_links":{"self":[{"href":"https:\/\/powiatlwowecki.pl\/plci_json_endpoint\/wp\/v2\/posts\/3463","targetHints":{"allow":["GET"]}}],"collection":[{"href":"https:\/\/powiatlwowecki.pl\/plci_json_endpoint\/wp\/v2\/posts"}],"about":[{"href":"https:\/\/powiatlwowecki.pl\/plci_json_endpoint\/wp\/v2\/types\/post"}],"author":[{"embeddable":true,"href":"https:\/\/powiatlwowecki.pl\/plci_json_endpoint\/wp\/v2\/users\/4"}],"replies":[{"embeddable":true,"href":"https:\/\/powiatlwowecki.pl\/plci_json_endpoint\/wp\/v2\/comments?post=3463"}],"version-history":[{"count":0,"href":"https:\/\/powiatlwowecki.pl\/plci_json_endpoint\/wp\/v2\/posts\/3463\/revisions"}],"wp:featuredmedia":[{"embeddable":true,"href":"https:\/\/powiatlwowecki.pl\/plci_json_endpoint\/wp\/v2\/media\/3465"}],"wp:attachment":[{"href":"https:\/\/powiatlwowecki.pl\/plci_json_endpoint\/wp\/v2\/media?parent=3463"}],"wp:term":[{"taxonomy":"category","embeddable":true,"href":"https:\/\/powiatlwowecki.pl\/plci_json_endpoint\/wp\/v2\/categories?post=3463"},{"taxonomy":"post_tag","embeddable":true,"href":"https:\/\/powiatlwowecki.pl\/plci_json_endpoint\/wp\/v2\/tags?post=3463"}],"curies":[{"name":"wp","href":"https:\/\/api.w.org\/{rel}","templated":true}]}}