{"id":3413,"date":"2022-08-10T14:00:24","date_gmt":"2022-08-10T12:00:24","guid":{"rendered":"https:\/\/powiatlwowecki.pl\/?p=3413"},"modified":"2022-08-11T12:20:26","modified_gmt":"2022-08-11T10:20:26","slug":"podpisanie-umowy-na-termomodernizacje-warsztatow-szkolnych-w-rakowicach-wielkich","status":"publish","type":"post","link":"https:\/\/powiatlwowecki.pl\/podpisanie-umowy-na-termomodernizacje-warsztatow-szkolnych-w-rakowicach-wielkich\/","title":{"rendered":"Rusza kolejna du\u017ca inwestycja w Szkole w Rakowicach Wielkich!"},"content":{"rendered":"<p><div class=\"fusion-fullwidth fullwidth-box fusion-builder-row-1 nonhundred-percent-fullwidth non-hundred-percent-height-scrolling\" style=\"--awb-border-radius-top-left:0px;--awb-border-radius-top-right:0px;--awb-border-radius-bottom-right:0px;--awb-border-radius-bottom-left:0px;--awb-flex-wrap:wrap;\" ><div class=\"fusion-builder-row fusion-row\"><div class=\"fusion-layout-column fusion_builder_column fusion-builder-column-0 fusion_builder_column_1_2 1_2 fusion-one-half fusion-column-first\" style=\"--awb-bg-size:cover;width:50%;width:calc(50% - ( ( 4% ) * 0.5 ) );margin-right: 4%;\"><div class=\"fusion-column-wrapper fusion-column-has-shadow fusion-flex-column-wrapper-legacy\"><div class=\"fusion-text fusion-text-1\"><h1>Rakowicka szko\u0142a jeszcze nigdy nie cieszy\u0142a si\u0119 tak olbrzymim zainteresowaniem m\u0142odzie\u017cy, jak ma to miejsce teraz. To efekt inwestycji, kt\u00f3re zosta\u0142y tu poczynione.<\/h1>\n<p>Efekty poczynionych w ostatnich latach inwestycji w Zespole Szk\u00f3\u0142 Ekonomiczno- Technicznych w Rakowicach Wielkich dostrzegaj\u0105 rodzice i m\u0142odzie\u017c. Ta, co by nie m\u00f3wi\u0107 wiejska szko\u0142a cieszy si\u0119 najwi\u0119kszym w historii zainteresowaniem. W tym roku po raz pierwszy gro uczni\u00f3w nie dosta\u0142o si\u0119 do tej plac\u00f3wki z powodu braku miejsc.<\/p>\n<p><em>\u2013 Te inwestycje, kt\u00f3re zosta\u0142y poczynione w ostatnich latach spowodowa\u0142y to, \u017ce szko\u0142a sta\u0142a si\u0119 bardzo, bardzo atrakcyjna dla m\u0142odzie\u017cy. \u2013<\/em> przyznaje Pan <strong>Marek \u0141ukasik Dyrektor ZSET w Rakowicach Wielkich<\/strong>, kt\u00f3ry t\u0142umaczy, i\u017c g\u0142\u00f3wnym kierunkiem tych dzia\u0142a\u0144 by\u0142a odbudowa szkolnictwa zawodowego, kt\u00f3re jest dzi\u015b tak istotne.<\/p>\n<p>Dyrektor \u0141ukasik wspomina szereg wa\u017cnych dla rozwoju szko\u0142y i kszta\u0142cenia m\u0142odzie\u017cy inwestycji, jak przebudowa trzeciego bloku internatu, czy wyj\u0105tkowych w skali kraju pracowni \u2013 komputerowej, gastronomicznej, czy hotelarskiej, ale tak\u017ce znakomitej bazy sportowo- rekreacyjnej.<\/p>\n<p>Takim elementem, kt\u00f3ry przez lata by\u0142 w cieniu to warsztaty, gdzie uczniowie z technikum samochodowego, czy technikum mechanizacji rolnictwa i agrotroniki odbywaj\u0105 zaj\u0119cia praktyczne.<\/p>\n<p><em>\u2013 Dwa lata temu mia\u0142em okazj\u0119 z Panem Dyrektorem chodzi\u0107 po tym dachu warsztat\u00f3w szkolnych i widzieli\u015bmy, jak pilna potrzeba jest remontu tego dachu. W\u00f3wczas mieli\u015bmy ju\u017c w planach, \u017ce z\u0142o\u017cymy wniosek do dofinansowania na t\u0119 termomodernizacj\u0119. Nie wiedzieli\u015bmy tylko, jaki b\u0119dzie efekt ko\u0144cowy, dlatego postanowili\u015bmy, \u017ce zabezpieczymy dora\u017anie ten dach. Tak te\u017c si\u0119 sta\u0142o. Za niewielk\u0105 kwot\u0119 zabezpieczyli\u015bmy i cierpliwie czekali\u015bmy na rozstrzygni\u0119cie tego konkursu. Nasze starania przynios\u0142y efekt w postaci tego, \u017ce dzi\u015b mo\u017cemy realizowa\u0107 t\u0119 inwestycj\u0119.<\/em> \u2013 wspomina Pan <strong>Daniel Koko Starosta Lw\u00f3wecki.<\/strong><\/p>\n<p>W \u015brod\u0119 10 sierpnia w Zespole Szk\u00f3\u0142 Ekonomiczno- Technicznych w Rakowicach Wielkich mia\u0142o miejsce podpisanie umowy na wykonanie termomodernizacji warsztat\u00f3w. To kolejna du\u017ca inwestycja Powiatu Lw\u00f3weckiego w o\u015bwiat\u0119.<\/p>\n<p><em>\u2013 Kompleksowa termomodernizacja energetyczna budynk\u00f3w u\u017cyteczno\u015bci publicznej to wsp\u00f3lny projekt Powiatu Lw\u00f3weckiego z trzema gminami: Gmin\u0105 Miejsk\u0105 Luba\u0144, Gmin\u0105 Gromadka i Gmin\u0105 Lw\u00f3wek \u015al\u0105ski.<\/em> \u2013 wyja\u015bnia Pan Starosta, kt\u00f3ry zaznacza, i\u017c realizacja tego projektu jest mo\u017cliwa dzi\u0119ki pozyskaniu \u015brodk\u00f3w unijnych.<\/p>\n<p><em>\u2013 Czerpiemy z unii w dalszym ci\u0105gu, korzystamy z tych \u015brodk\u00f3w i tutaj dzi\u0119ki tym \u015brodkom mo\u017cemy zrealizowa\u0107 kolejn\u0105 inwestycj\u0119 w nasze budynki o\u015bwiatowe. Ca\u0142e zadanie b\u0119dzie opiewa\u0142o na ok. <strong>4,9 miliona z\u0142otych<\/strong>, z czego za po\u015brednictwem Urz\u0119du Marsza\u0142kowskiego Wojew\u00f3dztwa Dolno\u015bl\u0105skiego otrzymujemy 3,1 miliona z\u0142otych. I to jest najwi\u0119ksza pula z tej naszej wsp\u00f3\u0142pracy tych trzech Gmin i Powiatu. Doda\u0107 tak\u017ce nale\u017cy, i\u017c udzia\u0142 w\u0142asny w tym projekcie jest na poziomie blisko 1,8 mln z\u0142, co jak na Powiat Lw\u00f3wecki te\u017c nie jest ma\u0142o, ale przy tak du\u017cym wsparciu \u015brodkami unijnymi jak najbardziej zasadne jest zaanga\u017cowanie tych \u015brodk\u00f3w.<\/em> \u2013 zauwa\u017ca Pan Daniel Koko, kt\u00f3ry dostrzega tu tak\u017ce wysi\u0142ek w\u0142o\u017cony w realizacj\u0119 tego projektu przez pracownik\u00f3w Starostwa wydzia\u0142u inwestycji i zam\u00f3wie\u0144 publicznych pod kierunkiem Naczelnika Pana Dawida Kope\u0107.<\/p>\n<p>Jak wspomina Wicestarosta Lw\u00f3wecki w ramach inwestycji przeprowadzona zostanie kompleksowa termomodernizacja budynku.<\/p>\n<p><em>\u2013 Wykonane zostanie ocieplenie stropodachu. Na dachu posadowione zostan\u0105 elementy fotowoltaiki, co zagwarantuje du\u017ce zasilanie do wykorzystania przez szko\u0142\u0119. Wykonana zostanie termomodernizacja \u015bcian, wymienione zostan\u0105 okna, wymiana \u0142azienka, centralne ogrzewanie, czy dokonana zostanie cz\u0119\u015bciowa wymiana sieci elektrycznej.<\/em> \u2013 wyja\u015bnia <strong>Wicestarosta Zbigniew Grze\u015bk\u00f3w<\/strong> i dodaje:<\/p>\n<p><em>\u2013 My\u015bl\u0119, \u017ce zakres prac, blisko 5 milion\u00f3w z\u0142otych, to jest kolejny pot\u0119\u017cny zastrzyk, je\u017celi chodzi o dofinansowanie tych obiekt\u00f3w. To zas\u0142uga \u015brodk\u00f3w unijnych, to jest w\u0142a\u015bnie ta pomoc unii europejskiej.<\/em><\/p>\n<p>Wykonawc\u0105 rob\u00f3t jest wy\u0142oniona w przetargu firma, kt\u00f3ra zaproponowa\u0142a najkorzystniejsz\u0105 ofert\u0119. Grupa MTG Tomasz Gluza ju\u017c niejednokrotnie realizowa\u0142a zadania w rakowickiej szkole i efekty ich pracy oceniane by\u0142y bardzo dobrze. W\u0142a\u015bciciel firmy przyznaje, \u017ce przy tym zadaniu nie przewiduje \u017cadnych trudno\u015bci, aczkolwiek termin realizacji jest do\u015b\u0107 odleg\u0142y \u2013 do ko\u0144ca maja przysz\u0142ego roku \u2013 a to z uwagi na problemy na rynku budowlanym z niekt\u00f3rymi materia\u0142ami.<\/p>\n<p><em>\u2013 D\u0142ugo, ze wzgl\u0119du na problemy z dost\u0119pno\u015bci\u0105 materia\u0142\u00f3w, np. pompy ciep\u0142a dostaniemy dopiero w maju.<\/em> \u2013 wyja\u015bnia <strong>Pan Tomasz Gluza.<\/strong><\/p>\n<p><em>\u2013 Ciesz\u0119 si\u0119, \u017ce jest pe\u0142ne zrozumienie Starostwa, Pana Starosty, Zarz\u0105du i Rady Powiatu, \u017ce propozycje nasze, kt\u00f3re s\u0105 sk\u0142adane uzyskuj\u0105 pe\u0142n\u0105 akceptacj\u0119 i s\u0105 realizowane.<\/em> \u2013 m\u00f3wi Pan Marek \u0141ukasik Dyrektor ZSET w Rakowicach Wielkich.<\/p>\n<p>Termomodernizacja warsztat\u00f3w rozpocznie si\u0119 lada dzie\u0144, ale w rakowickiej szkole praca wre. Trwa modernizacja sal lekcyjnych.<\/p>\n<p><em>\u2013 To inwestycja realizowana przy udziale Regionalnego Programu Operacyjnego Wojew\u00f3dztwa Dolno\u015bl\u0105skiego. S\u0105 to \u015brodki pochodz\u0105ce z unii europejskiej. Tu te\u017c si\u0119 wpisali\u015bmy w dobrze skonstruowany wniosek i wida\u0107, \u017ce Zarz\u0105d Wojew\u00f3dztwa Dolno\u015bl\u0105skiego na czele z Panem Marsza\u0142kiem Cezarym Przybylskim widzi t\u0105 nasz\u0105 determinacj\u0119 i starania o pozyskiwanie tych \u015brodk\u00f3w.<\/em> \u2013 dodaje Starosta Lw\u00f3wecki.<\/p>\n<p>Natomiast Pan Dyrektor szko\u0142y w Rakowicach Wielkich przyznaje, i\u017c efektem tych wszystkich stara\u0144 w\u0142adz Powiatu i dyrekcji szko\u0142y jest tegoroczny nab\u00f3r, kt\u00f3ry przeszed\u0142 naj\u015bmielsze oczekiwania i po raz pierwszy w historii nie wszyscy ch\u0119tni mogli zosta\u0107 przyj\u0119ci.<\/p>\n<p><em>\u2013 Ja sobie nie przypominam w mojej historii pracy w szkole a opracuj\u0119 35 rok \u017ceby ponad 700 uczni\u00f3w by\u0142o w szkole. Trzeba si\u0119 cieszy\u0107 z jednej strony a z drugiej s\u0105 to nast\u0119pne wyzwania, przed kt\u00f3rymi stoimy<\/em> \u2013 wspomina Dyrektor \u0141ukasik, kt\u00f3ry nie kryje, \u017ce my\u015bli ju\u017c o kolejnych perspektywicznych inwestycjach, jak na przyk\u0142ad nowa sala gimnastyczna, czy stadion lekkoatletyczny.<\/p>\n<p><span style=\"font-size: 8pt;\">\u017ar\u00f3d\u0142o: lwowecki.info<\/span><\/p>\n<\/div><div class=\"fusion-clearfix\"><\/div><\/div><\/div><div class=\"fusion-layout-column fusion_builder_column fusion-builder-column-1 fusion_builder_column_1_2 1_2 fusion-one-half fusion-column-last\" style=\"--awb-bg-size:cover;width:50%;width:calc(50% - ( ( 4% ) * 0.5 ) );\"><div class=\"fusion-column-wrapper fusion-column-has-shadow fusion-flex-column-wrapper-legacy\"><div class=\"awb-gallery-wrapper awb-gallery-wrapper-1 button-span-no\"><div style=\"margin:-5px;--awb-bordersize:0px;\" class=\"fusion-gallery fusion-gallery-container fusion-grid-1 fusion-columns-total-3 fusion-gallery-layout-grid fusion-gallery-1\"><div style=\"padding:5px;\" class=\"fusion-grid-column fusion-gallery-column fusion-gallery-column-1 hover-type-none\"><div class=\"fusion-gallery-image\"><a href=\"https:\/\/powiatlwowecki.pl\/wp-content\/uploads\/2022\/08\/IMG_20220810_104841-scaled.jpg\" rel=\"noreferrer\" data-rel=\"iLightbox[gallery_image_1]\" class=\"fusion-lightbox\" target=\"_self\"><img decoding=\"async\" src=\"https:\/\/powiatlwowecki.pl\/wp-content\/uploads\/2022\/08\/IMG_20220810_104841-scaled.jpg\" width=\"2560\" height=\"1443\" alt=\"\" title=\"IMG_20220810_104841\" aria-label=\"IMG_20220810_104841\" class=\"img-responsive wp-image-3414\" srcset=\"https:\/\/powiatlwowecki.pl\/wp-content\/uploads\/2022\/08\/IMG_20220810_104841-200x113.jpg 200w, https:\/\/powiatlwowecki.pl\/wp-content\/uploads\/2022\/08\/IMG_20220810_104841-400x225.jpg 400w, https:\/\/powiatlwowecki.pl\/wp-content\/uploads\/2022\/08\/IMG_20220810_104841-600x338.jpg 600w, https:\/\/powiatlwowecki.pl\/wp-content\/uploads\/2022\/08\/IMG_20220810_104841-800x451.jpg 800w, https:\/\/powiatlwowecki.pl\/wp-content\/uploads\/2022\/08\/IMG_20220810_104841-1200x676.jpg 1200w, https:\/\/powiatlwowecki.pl\/wp-content\/uploads\/2022\/08\/IMG_20220810_104841-scaled.jpg 2560w\" sizes=\"(min-width: 2200px) 100vw, (min-width: 640px) 1200px, \" \/><\/a><\/div><\/div><div class=\"clearfix\"><\/div><div style=\"padding:5px;\" class=\"fusion-grid-column fusion-gallery-column fusion-gallery-column-1 hover-type-none\"><div class=\"fusion-gallery-image\"><a href=\"https:\/\/powiatlwowecki.pl\/wp-content\/uploads\/2022\/08\/IMG_20220810_104918-scaled.jpg\" rel=\"noreferrer\" data-rel=\"iLightbox[gallery_image_1]\" class=\"fusion-lightbox\" target=\"_self\"><img decoding=\"async\" src=\"https:\/\/powiatlwowecki.pl\/wp-content\/uploads\/2022\/08\/IMG_20220810_104918-scaled.jpg\" width=\"2560\" height=\"1443\" alt=\"\" title=\"IMG_20220810_104918\" aria-label=\"IMG_20220810_104918\" class=\"img-responsive wp-image-3415\" srcset=\"https:\/\/powiatlwowecki.pl\/wp-content\/uploads\/2022\/08\/IMG_20220810_104918-200x113.jpg 200w, https:\/\/powiatlwowecki.pl\/wp-content\/uploads\/2022\/08\/IMG_20220810_104918-400x225.jpg 400w, https:\/\/powiatlwowecki.pl\/wp-content\/uploads\/2022\/08\/IMG_20220810_104918-600x338.jpg 600w, https:\/\/powiatlwowecki.pl\/wp-content\/uploads\/2022\/08\/IMG_20220810_104918-800x451.jpg 800w, https:\/\/powiatlwowecki.pl\/wp-content\/uploads\/2022\/08\/IMG_20220810_104918-1200x676.jpg 1200w, https:\/\/powiatlwowecki.pl\/wp-content\/uploads\/2022\/08\/IMG_20220810_104918-scaled.jpg 2560w\" sizes=\"(min-width: 2200px) 100vw, (min-width: 640px) 1200px, \" \/><\/a><\/div><\/div><div class=\"clearfix\"><\/div><div style=\"padding:5px;\" class=\"fusion-grid-column fusion-gallery-column fusion-gallery-column-1 hover-type-none\"><div class=\"fusion-gallery-image\"><a href=\"https:\/\/powiatlwowecki.pl\/wp-content\/uploads\/2022\/08\/IMG_20220810_105649-scaled.jpg\" rel=\"noreferrer\" data-rel=\"iLightbox[gallery_image_1]\" class=\"fusion-lightbox\" target=\"_self\"><img decoding=\"async\" src=\"https:\/\/powiatlwowecki.pl\/wp-content\/uploads\/2022\/08\/IMG_20220810_105649-scaled.jpg\" width=\"2560\" height=\"1443\" alt=\"\" title=\"IMG_20220810_105649\" aria-label=\"IMG_20220810_105649\" class=\"img-responsive wp-image-3416\" srcset=\"https:\/\/powiatlwowecki.pl\/wp-content\/uploads\/2022\/08\/IMG_20220810_105649-200x113.jpg 200w, https:\/\/powiatlwowecki.pl\/wp-content\/uploads\/2022\/08\/IMG_20220810_105649-400x225.jpg 400w, https:\/\/powiatlwowecki.pl\/wp-content\/uploads\/2022\/08\/IMG_20220810_105649-600x338.jpg 600w, https:\/\/powiatlwowecki.pl\/wp-content\/uploads\/2022\/08\/IMG_20220810_105649-800x451.jpg 800w, https:\/\/powiatlwowecki.pl\/wp-content\/uploads\/2022\/08\/IMG_20220810_105649-1200x676.jpg 1200w, https:\/\/powiatlwowecki.pl\/wp-content\/uploads\/2022\/08\/IMG_20220810_105649-scaled.jpg 2560w\" sizes=\"(min-width: 2200px) 100vw, (min-width: 640px) 1200px, \" \/><\/a><\/div><\/div><div class=\"clearfix\"><\/div><\/div><\/div><div class=\"fusion-clearfix\"><\/div><\/div><\/div><\/div><\/div><div class=\"fusion-fullwidth fullwidth-box fusion-builder-row-2 nonhundred-percent-fullwidth non-hundred-percent-height-scrolling\" style=\"--awb-border-radius-top-left:0px;--awb-border-radius-top-right:0px;--awb-border-radius-bottom-right:0px;--awb-border-radius-bottom-left:0px;--awb-flex-wrap:wrap;\" ><div class=\"fusion-builder-row fusion-row\"><div class=\"fusion-layout-column fusion_builder_column fusion-builder-column-2 fusion_builder_column_1_1 1_1 fusion-one-full fusion-column-first fusion-column-last\" style=\"--awb-bg-size:cover;\"><div class=\"fusion-column-wrapper fusion-column-has-shadow fusion-flex-column-wrapper-legacy\"><div class=\"fusion-text fusion-text-2\"><p><img decoding=\"async\" class=\"alignnone size-full wp-image-3417\" src=\"https:\/\/powiatlwowecki.pl\/wp-content\/uploads\/2022\/08\/FE_PR-DS-UE_EFFR-poziom-PL-kolor-scaled.jpg\" alt=\"\" width=\"2560\" height=\"364\" srcset=\"https:\/\/powiatlwowecki.pl\/wp-content\/uploads\/2022\/08\/FE_PR-DS-UE_EFFR-poziom-PL-kolor-24x3.jpg 24w, https:\/\/powiatlwowecki.pl\/wp-content\/uploads\/2022\/08\/FE_PR-DS-UE_EFFR-poziom-PL-kolor-36x5.jpg 36w, https:\/\/powiatlwowecki.pl\/wp-content\/uploads\/2022\/08\/FE_PR-DS-UE_EFFR-poziom-PL-kolor-48x7.jpg 48w, https:\/\/powiatlwowecki.pl\/wp-content\/uploads\/2022\/08\/FE_PR-DS-UE_EFFR-poziom-PL-kolor-200x28.jpg 200w, https:\/\/powiatlwowecki.pl\/wp-content\/uploads\/2022\/08\/FE_PR-DS-UE_EFFR-poziom-PL-kolor-300x43.jpg 300w, https:\/\/powiatlwowecki.pl\/wp-content\/uploads\/2022\/08\/FE_PR-DS-UE_EFFR-poziom-PL-kolor-400x57.jpg 400w, https:\/\/powiatlwowecki.pl\/wp-content\/uploads\/2022\/08\/FE_PR-DS-UE_EFFR-poziom-PL-kolor-600x85.jpg 600w, https:\/\/powiatlwowecki.pl\/wp-content\/uploads\/2022\/08\/FE_PR-DS-UE_EFFR-poziom-PL-kolor-768x109.jpg 768w, https:\/\/powiatlwowecki.pl\/wp-content\/uploads\/2022\/08\/FE_PR-DS-UE_EFFR-poziom-PL-kolor-800x114.jpg 800w, https:\/\/powiatlwowecki.pl\/wp-content\/uploads\/2022\/08\/FE_PR-DS-UE_EFFR-poziom-PL-kolor-1024x146.jpg 1024w, https:\/\/powiatlwowecki.pl\/wp-content\/uploads\/2022\/08\/FE_PR-DS-UE_EFFR-poziom-PL-kolor-1200x171.jpg 1200w, https:\/\/powiatlwowecki.pl\/wp-content\/uploads\/2022\/08\/FE_PR-DS-UE_EFFR-poziom-PL-kolor-1536x219.jpg 1536w, https:\/\/powiatlwowecki.pl\/wp-content\/uploads\/2022\/08\/FE_PR-DS-UE_EFFR-poziom-PL-kolor-scaled.jpg 2560w\" sizes=\"(max-width: 2560px) 100vw, 2560px\" \/><\/p>\n<\/div><div class=\"fusion-clearfix\"><\/div><\/div><\/div><\/div><\/div><\/p>\n","protected":false},"excerpt":{"rendered":"","protected":false},"author":4,"featured_media":3414,"comment_status":"closed","ping_status":"closed","sticky":false,"template":"","format":"standard","meta":{"_acf_changed":false,"footnotes":""},"categories":[5],"tags":[],"class_list":["post-3413","post","type-post","status-publish","format-standard","has-post-thumbnail","hentry","category-aktualnosci"],"acf":{"kal_data_wydarzenia":""},"_links":{"self":[{"href":"https:\/\/powiatlwowecki.pl\/plci_json_endpoint\/wp\/v2\/posts\/3413","targetHints":{"allow":["GET"]}}],"collection":[{"href":"https:\/\/powiatlwowecki.pl\/plci_json_endpoint\/wp\/v2\/posts"}],"about":[{"href":"https:\/\/powiatlwowecki.pl\/plci_json_endpoint\/wp\/v2\/types\/post"}],"author":[{"embeddable":true,"href":"https:\/\/powiatlwowecki.pl\/plci_json_endpoint\/wp\/v2\/users\/4"}],"replies":[{"embeddable":true,"href":"https:\/\/powiatlwowecki.pl\/plci_json_endpoint\/wp\/v2\/comments?post=3413"}],"version-history":[{"count":0,"href":"https:\/\/powiatlwowecki.pl\/plci_json_endpoint\/wp\/v2\/posts\/3413\/revisions"}],"wp:featuredmedia":[{"embeddable":true,"href":"https:\/\/powiatlwowecki.pl\/plci_json_endpoint\/wp\/v2\/media\/3414"}],"wp:attachment":[{"href":"https:\/\/powiatlwowecki.pl\/plci_json_endpoint\/wp\/v2\/media?parent=3413"}],"wp:term":[{"taxonomy":"category","embeddable":true,"href":"https:\/\/powiatlwowecki.pl\/plci_json_endpoint\/wp\/v2\/categories?post=3413"},{"taxonomy":"post_tag","embeddable":true,"href":"https:\/\/powiatlwowecki.pl\/plci_json_endpoint\/wp\/v2\/tags?post=3413"}],"curies":[{"name":"wp","href":"https:\/\/api.w.org\/{rel}","templated":true}]}}