{"id":3399,"date":"2022-07-26T07:25:36","date_gmt":"2022-07-26T05:25:36","guid":{"rendered":"https:\/\/powiatlwowecki.pl\/?p=3399"},"modified":"2022-07-26T07:25:36","modified_gmt":"2022-07-26T05:25:36","slug":"wyczerpanie-cieplne-udar-cieplny-udar-sloneczny-jakie-sa-objawy-jak-nalezy-reagowac","status":"publish","type":"post","link":"https:\/\/powiatlwowecki.pl\/wyczerpanie-cieplne-udar-cieplny-udar-sloneczny-jakie-sa-objawy-jak-nalezy-reagowac\/","title":{"rendered":"Wyczerpanie cieplne, udar cieplny, udar s\u0142oneczny.  Jakie s\u0105 objawy, jak nale\u017cy reagowa\u0107."},"content":{"rendered":"<div class=\"fusion-fullwidth fullwidth-box fusion-builder-row-1 nonhundred-percent-fullwidth non-hundred-percent-height-scrolling\" style=\"--awb-border-radius-top-left:0px;--awb-border-radius-top-right:0px;--awb-border-radius-bottom-right:0px;--awb-border-radius-bottom-left:0px;--awb-flex-wrap:wrap;\" ><div class=\"fusion-builder-row fusion-row\"><div class=\"fusion-layout-column fusion_builder_column fusion-builder-column-0 fusion_builder_column_3_5 3_5 fusion-three-fifth fusion-column-first\" style=\"--awb-bg-size:cover;width:60%;width:calc(60% - ( ( 4% ) * 0.6 ) );margin-right: 4%;\"><div class=\"fusion-column-wrapper fusion-column-has-shadow fusion-flex-column-wrapper-legacy\"><div class=\"fusion-text fusion-text-1\"><p><span style=\"font-family: Helvetica; font-size: 12pt;\"><strong><span style=\"color: black;\">Wysokie temperatury mog\u0105 stanowi\u0107 istotne zagro\u017cenie dla zdrowia, a nawet \u017cycia.<\/span><\/strong><\/span><\/p>\n<p><span style=\"font-family: Helvetica; font-size: 12pt;\"><strong><span style=\"color: black;\">Pa\u0144stwowy Powiatowy Inspektor w Lw\u00f3wku \u015al\u0105skim podpowiada czym r\u00f3\u017cni si\u0119 wyczerpanie cieplne od udaru s\u0142onecznego i udaru cieplnego oraz jak udzieli\u0107 pierwszej pomocy osobom maj\u0105cym objawy chorobowe wywo\u0142ane upa\u0142ami.<\/span><\/strong><\/span><\/p>\n<p class=\"xmsonormal\" style=\"margin-bottom: 8.0pt;\"><span style=\"font-family: Helvetica; font-size: 12pt;\"><strong><span style=\"color: black;\">UDAR S\u0141ONECZNY<\/span><\/strong><span style=\"color: black;\"><br \/>\nUdar s\u0142oneczny (pora\u017cenie s\u0142oneczne) powstaje przy du\u017cym, bezpo\u015brednim nas\u0142onecznieniu \u2013 przede wszystkim g\u0142owy oraz karku. Miejscowe dzia\u0142anie promieni s\u0142onecznych na sk\u00f3r\u0119 g\u0142owy prowadzi do przekrwienia opon m\u00f3zgowych i m\u00f3zgu.\u00a0<\/span><\/span><\/p>\n<p class=\"xmsonormal\" style=\"margin-bottom: 8.0pt;\"><span style=\"font-family: Helvetica; font-size: 12pt;\"><strong><span style=\"color: black;\">Objawy:<\/span><\/strong><span style=\"color: black;\"><br \/>\n\u2022 b\u00f3le i zawroty g\u0142owy;<br \/>\n\u2022 zaczerwienienie i poparzenia sk\u00f3ry;<br \/>\n\u2022 og\u00f3lny niepok\u00f3j.\u00a0<\/span><\/span><\/p>\n<p class=\"xatomsgallerydescriptiondescription\"><span style=\"font-family: Helvetica; font-size: 12pt;\"><strong><span style=\"color: black;\">Co robi\u0107, je\u015bli wyst\u0105pi\u0105 objawy:<\/span><\/strong><span style=\"color: black;\"><br \/>\n\u2022 przenie\u015b si\u0119 do ch\u0142odnego miejsca;<br \/>\n\u2022 r\u00f3b zimne lub wilgotne ok\u0142ady na g\u0142ow\u0119;<br \/>\n\u2022 pij wod\u0119;<br \/>\n\u2022 we\u017a ch\u0142odn\u0105 k\u0105piel.<br \/>\n<strong>Je\u015bli wyst\u0105pi\u0105 wymienione objawy, nale\u017cy bezzw\u0142ocznie wezwa\u0107 pomoc!<\/strong>\u00a0<\/span><\/span><\/p>\n<p class=\"xmsonormal\" style=\"margin-bottom: 8.0pt;\"><span style=\"font-family: Helvetica; font-size: 12pt;\"><strong><span style=\"color: black;\">UDAR CIEPLNY<\/span><\/strong><span style=\"color: black;\"><br \/>\nUdar cieplny (pora\u017cenie cieplne) to reakcja organizmu, kt\u00f3ra wyst\u0119puje po d\u0142u\u017cszym dzia\u0142aniu wysokiej temperatury na nasze cia\u0142o \u2013 cz\u0119sto po\u0142\u0105czonej z wysok\u0105 wilgotno\u015bci\u0105 i brakiem lub bardzo ma\u0142ym ruchem powietrza. Temperatura cia\u0142a staje si\u0119 tak wysoka, \u017ce organizm nie jest w stanie samodzielnie jej obni\u017cy\u0107.\u00a0<\/span><\/span><\/p>\n<p class=\"xmsonormal\" style=\"margin-bottom: 8.0pt;\"><span style=\"font-family: Helvetica; font-size: 12pt;\"><strong><span style=\"color: black;\">Objawy:<\/span><\/strong><span style=\"color: black;\"><br \/>\n\u2022 wysoka temperatura cia\u0142a (powy\u017cej 39\u00b0C);<br \/>\n\u2022 gor\u0105ca, czerwona, sucha lub wilgotna sk\u00f3ra;<br \/>\n\u2022 szybkie, dobrze wyczuwalne t\u0119tno;<br \/>\n\u2022 mo\u017cliwa utrata przytomno\u015bci.\u00a0<\/span><\/span><\/p>\n<p class=\"xatomsgallerydescriptiondescription\"><span style=\"font-family: Helvetica; font-size: 12pt;\"><strong><span style=\"color: black;\">Co robi\u0107, je\u015bli wyst\u0105pi\u0105 objawy:<\/span><\/strong><span style=\"color: black;\"><br \/>\n\u2022 zadzwo\u0144 pod numer 112 lub 999 i natychmiast wezwij pomoc;<br \/>\n\u2022 przenie\u015b si\u0119 w ch\u0142odniejsze miejsce;<br \/>\n\u2022 obni\u017c temperatur\u0119 cia\u0142a zimnymi ok\u0142adami lub nawet zimn\u0105 k\u0105piel\u0105 \/ zimnym prysznicem;<br \/>\n<strong>\u2022 NIE podawaj p\u0142yn\u00f3w!<\/strong><br \/>\n<strong>Je\u015bli wyst\u0105pi\u0105 wymienione objawy, nale\u017cy bezzw\u0142ocznie wezwa\u0107 pomoc! Je\u015bli pomoc nie zostanie wezwana w odpowiednim czasie, mo\u017ce doj\u015b\u0107 do \u015bpi\u0105czki, a nawet \u015bmierci.\u00a0<\/strong>\u00a0<\/span><\/span><\/p>\n<p class=\"xmsonormal\" style=\"margin-bottom: 8.0pt;\"><span style=\"font-family: Helvetica; font-size: 12pt;\"><strong><span style=\"color: black;\">WYCZERPANIE (przegrzanie) CIEPLNE<\/span><\/strong><span style=\"color: black;\"><br \/>\nZ wyczerpaniem cieplnym mamy do czynienia, gdy \u2013 z powodu d\u0142ugiego przebywania na s\u0142o\u0144cu \u2013 w organizmie nast\u0119puje nadmierna utrata p\u0142yn\u00f3w i soli. Spada w\u00f3wczas ci\u015bnienie t\u0119tnicze krwi, co powoduje uczucie silnego zm\u0119czenia.\u00a0<\/span><\/span><\/p>\n<p class=\"xmsonormal\" style=\"margin-bottom: 8.0pt;\"><span style=\"font-family: Helvetica; font-size: 12pt;\"><strong><span style=\"color: black;\">Objawy:<\/span><\/strong><span style=\"color: black;\"><br \/>\n\u2022 zwi\u0119kszone pocenie si\u0119;<br \/>\n\u2022 brak si\u0142;<br \/>\n\u2022 zimna, blada i wilgotna sk\u00f3ra;<br \/>\n\u2022 szybkie ale s\u0142abo wyczuwalne t\u0119tno;<br \/>\n\u2022 nudno\u015bci lub wymioty;<br \/>\n\u2022 zas\u0142abni\u0119cia.\u00a0<\/span><\/span><\/p>\n<p class=\"xmsonormal\" style=\"margin-bottom: 8.0pt;\"><span style=\"font-family: Helvetica; font-size: 12pt;\"><strong><span style=\"color: black;\">Co robi\u0107, je\u015bli wyst\u0105pi\u0105 objawy:<\/span><\/strong><span style=\"color: black;\"><br \/>\n\u2022 przenie\u015b si\u0119 do ch\u0142odniejszego miejsca;<br \/>\n\u2022 po\u0142\u00f3\u017c si\u0119 i rozlu\u017anij ubranie;<br \/>\n\u2022 r\u00f3b zimne ok\u0142ady na ca\u0142ym ciele;<br \/>\n\u2022 pij wod\u0119 ma\u0142ymi \u0142ykami;<br \/>\n\u2022 je\u015bli wymiotujesz, natychmiast udaj si\u0119 do lekarza.<br \/>\nJe\u015bli osoba z objawami wyczerpania cieplnego wystarczaj\u0105co szybko zostanie przeniesiona w ch\u0142odniejsze miejsce i napije si\u0119 wody, powinna poczu\u0107 si\u0119 lepiej. Je\u015bli jednak w ci\u0105gu p\u00f3\u0142 godziny z\u0142e samopoczucie nie minie, istnieje podejrzenie udaru cieplnego.<br \/>\n<strong>Je\u015bli z\u0142e samopoczucie nie minie, nale\u017cy bezzw\u0142ocznie wezwa\u0107 pomoc!<\/strong>\u00a0<\/span><\/span><\/p>\n<\/div><div class=\"fusion-clearfix\"><\/div><\/div><\/div><div class=\"fusion-layout-column fusion_builder_column fusion-builder-column-1 fusion_builder_column_2_5 2_5 fusion-two-fifth fusion-column-last\" style=\"--awb-bg-size:cover;width:40%;width:calc(40% - ( ( 4% ) * 0.4 ) );\"><div class=\"fusion-column-wrapper fusion-column-has-shadow fusion-flex-column-wrapper-legacy\"><div class=\"fusion-image-element in-legacy-container\" style=\"--awb-caption-title-font-family:var(--h2_typography-font-family);--awb-caption-title-font-weight:var(--h2_typography-font-weight);--awb-caption-title-font-style:var(--h2_typography-font-style);--awb-caption-title-size:var(--h2_typography-font-size);--awb-caption-title-transform:var(--h2_typography-text-transform);--awb-caption-title-line-height:var(--h2_typography-line-height);--awb-caption-title-letter-spacing:var(--h2_typography-letter-spacing);\"><span class=\" fusion-imageframe imageframe-none imageframe-1 hover-type-none\" style=\"border:17px solid rgba(226,226,226,0);\"><a class=\"fusion-no-lightbox\" href=\"https:\/\/powiatlwowecki.pl\/wp-content\/uploads\/2022\/07\/294993878_5532550823461590_8457969010424270391_n.jpg\" target=\"_self\" aria-label=\"294993878_5532550823461590_8457969010424270391_n\"><img decoding=\"async\" width=\"526\" height=\"526\" src=\"https:\/\/powiatlwowecki.pl\/wp-content\/uploads\/2022\/07\/294993878_5532550823461590_8457969010424270391_n.jpg\" alt class=\"img-responsive wp-image-3402\" srcset=\"https:\/\/powiatlwowecki.pl\/wp-content\/uploads\/2022\/07\/294993878_5532550823461590_8457969010424270391_n-200x200.jpg 200w, https:\/\/powiatlwowecki.pl\/wp-content\/uploads\/2022\/07\/294993878_5532550823461590_8457969010424270391_n-400x400.jpg 400w, https:\/\/powiatlwowecki.pl\/wp-content\/uploads\/2022\/07\/294993878_5532550823461590_8457969010424270391_n.jpg 526w\" sizes=\"(max-width: 800px) 100vw, 526px\" \/><\/a><\/span><\/div><div class=\"fusion-image-element in-legacy-container\" style=\"--awb-caption-title-font-family:var(--h2_typography-font-family);--awb-caption-title-font-weight:var(--h2_typography-font-weight);--awb-caption-title-font-style:var(--h2_typography-font-style);--awb-caption-title-size:var(--h2_typography-font-size);--awb-caption-title-transform:var(--h2_typography-text-transform);--awb-caption-title-line-height:var(--h2_typography-line-height);--awb-caption-title-letter-spacing:var(--h2_typography-letter-spacing);\"><span class=\" fusion-imageframe imageframe-none imageframe-2 hover-type-none\" style=\"border:17px solid rgba(226,226,226,0);\"><a class=\"fusion-no-lightbox\" href=\"https:\/\/powiatlwowecki.pl\/wp-content\/uploads\/2022\/07\/294945579_5532389600144379_1763123393913140623_n.jpg\" target=\"_self\" aria-label=\"294945579_5532389600144379_1763123393913140623_n\"><img decoding=\"async\" width=\"526\" height=\"526\" src=\"https:\/\/powiatlwowecki.pl\/wp-content\/uploads\/2022\/07\/294945579_5532389600144379_1763123393913140623_n.jpg\" alt class=\"img-responsive wp-image-3401\" srcset=\"https:\/\/powiatlwowecki.pl\/wp-content\/uploads\/2022\/07\/294945579_5532389600144379_1763123393913140623_n-200x200.jpg 200w, https:\/\/powiatlwowecki.pl\/wp-content\/uploads\/2022\/07\/294945579_5532389600144379_1763123393913140623_n-400x400.jpg 400w, https:\/\/powiatlwowecki.pl\/wp-content\/uploads\/2022\/07\/294945579_5532389600144379_1763123393913140623_n.jpg 526w\" sizes=\"(max-width: 800px) 100vw, 526px\" \/><\/a><\/span><\/div><div class=\"fusion-image-element in-legacy-container\" style=\"--awb-caption-title-font-family:var(--h2_typography-font-family);--awb-caption-title-font-weight:var(--h2_typography-font-weight);--awb-caption-title-font-style:var(--h2_typography-font-style);--awb-caption-title-size:var(--h2_typography-font-size);--awb-caption-title-transform:var(--h2_typography-text-transform);--awb-caption-title-line-height:var(--h2_typography-line-height);--awb-caption-title-letter-spacing:var(--h2_typography-letter-spacing);\"><span class=\" fusion-imageframe imageframe-none imageframe-3 hover-type-none\" style=\"border:17px solid rgba(226,226,226,0);\"><a class=\"fusion-no-lightbox\" href=\"https:\/\/powiatlwowecki.pl\/wp-content\/uploads\/2022\/07\/294711202_5532147776835228_5290012390878322152_n.jpg\" target=\"_self\" aria-label=\"294711202_5532147776835228_5290012390878322152_n\"><img decoding=\"async\" width=\"526\" height=\"526\" src=\"https:\/\/powiatlwowecki.pl\/wp-content\/uploads\/2022\/07\/294711202_5532147776835228_5290012390878322152_n.jpg\" alt class=\"img-responsive wp-image-3400\" srcset=\"https:\/\/powiatlwowecki.pl\/wp-content\/uploads\/2022\/07\/294711202_5532147776835228_5290012390878322152_n-200x200.jpg 200w, https:\/\/powiatlwowecki.pl\/wp-content\/uploads\/2022\/07\/294711202_5532147776835228_5290012390878322152_n-400x400.jpg 400w, https:\/\/powiatlwowecki.pl\/wp-content\/uploads\/2022\/07\/294711202_5532147776835228_5290012390878322152_n.jpg 526w\" sizes=\"(max-width: 800px) 100vw, 526px\" \/><\/a><\/span><\/div><div class=\"fusion-clearfix\"><\/div><\/div><\/div><\/div><\/div>\n","protected":false},"excerpt":{"rendered":"","protected":false},"author":5,"featured_media":3403,"comment_status":"closed","ping_status":"closed","sticky":false,"template":"","format":"standard","meta":{"_acf_changed":false,"footnotes":""},"categories":[5,12],"tags":[],"class_list":["post-3399","post","type-post","status-publish","format-standard","has-post-thumbnail","hentry","category-aktualnosci","category-komunikaty"],"acf":{"kal_data_wydarzenia":""},"_links":{"self":[{"href":"https:\/\/powiatlwowecki.pl\/plci_json_endpoint\/wp\/v2\/posts\/3399","targetHints":{"allow":["GET"]}}],"collection":[{"href":"https:\/\/powiatlwowecki.pl\/plci_json_endpoint\/wp\/v2\/posts"}],"about":[{"href":"https:\/\/powiatlwowecki.pl\/plci_json_endpoint\/wp\/v2\/types\/post"}],"author":[{"embeddable":true,"href":"https:\/\/powiatlwowecki.pl\/plci_json_endpoint\/wp\/v2\/users\/5"}],"replies":[{"embeddable":true,"href":"https:\/\/powiatlwowecki.pl\/plci_json_endpoint\/wp\/v2\/comments?post=3399"}],"version-history":[{"count":0,"href":"https:\/\/powiatlwowecki.pl\/plci_json_endpoint\/wp\/v2\/posts\/3399\/revisions"}],"wp:featuredmedia":[{"embeddable":true,"href":"https:\/\/powiatlwowecki.pl\/plci_json_endpoint\/wp\/v2\/media\/3403"}],"wp:attachment":[{"href":"https:\/\/powiatlwowecki.pl\/plci_json_endpoint\/wp\/v2\/media?parent=3399"}],"wp:term":[{"taxonomy":"category","embeddable":true,"href":"https:\/\/powiatlwowecki.pl\/plci_json_endpoint\/wp\/v2\/categories?post=3399"},{"taxonomy":"post_tag","embeddable":true,"href":"https:\/\/powiatlwowecki.pl\/plci_json_endpoint\/wp\/v2\/tags?post=3399"}],"curies":[{"name":"wp","href":"https:\/\/api.w.org\/{rel}","templated":true}]}}