{"id":3394,"date":"2022-07-25T11:15:05","date_gmt":"2022-07-25T09:15:05","guid":{"rendered":"https:\/\/powiatlwowecki.pl\/?p=3394"},"modified":"2022-07-26T12:49:26","modified_gmt":"2022-07-26T10:49:26","slug":"zmiana-godzin-pracy-starostwa-25-27-07-2022","status":"publish","type":"post","link":"https:\/\/powiatlwowecki.pl\/zmiana-godzin-pracy-starostwa-25-27-07-2022\/","title":{"rendered":"Zmiana godzin pracy Starostwa (25-26.07.2022)"},"content":{"rendered":"<p>W zwi\u0105zku z utrzymuj\u0105cymi si\u0119 upa\u0142ami, w dniu 25.07.2022 Starostwo Powiatowe w Lw\u00f3wku \u015al\u0105skim b\u0119dzie czynne w godzinach 8:00 do 15:00, a w dniu 26.07.2022 w godzinach 7:00-14:00<\/p>\n<p>&nbsp;<\/p>\n","protected":false},"excerpt":{"rendered":"<p>W zwi\u0105zku z utrzymuj\u0105cymi si\u0119 upa\u0142ami, w dniu 25.07.2022 Starostwo Powiatowe w Lw\u00f3wku \u015al\u0105skim b\u0119dzie czynne w godzinach 8:00 do 15:00, a w dniu 26.07.2022 w godzinach 7:00-14:00 &nbsp;<\/p>\n","protected":false},"author":5,"featured_media":3382,"comment_status":"closed","ping_status":"closed","sticky":false,"template":"","format":"standard","meta":{"_acf_changed":false,"footnotes":""},"categories":[5],"tags":[],"class_list":["post-3394","post","type-post","status-publish","format-standard","has-post-thumbnail","hentry","category-aktualnosci"],"acf":{"kal_data_wydarzenia":""},"_links":{"self":[{"href":"https:\/\/powiatlwowecki.pl\/plci_json_endpoint\/wp\/v2\/posts\/3394","targetHints":{"allow":["GET"]}}],"collection":[{"href":"https:\/\/powiatlwowecki.pl\/plci_json_endpoint\/wp\/v2\/posts"}],"about":[{"href":"https:\/\/powiatlwowecki.pl\/plci_json_endpoint\/wp\/v2\/types\/post"}],"author":[{"embeddable":true,"href":"https:\/\/powiatlwowecki.pl\/plci_json_endpoint\/wp\/v2\/users\/5"}],"replies":[{"embeddable":true,"href":"https:\/\/powiatlwowecki.pl\/plci_json_endpoint\/wp\/v2\/comments?post=3394"}],"version-history":[{"count":0,"href":"https:\/\/powiatlwowecki.pl\/plci_json_endpoint\/wp\/v2\/posts\/3394\/revisions"}],"wp:featuredmedia":[{"embeddable":true,"href":"https:\/\/powiatlwowecki.pl\/plci_json_endpoint\/wp\/v2\/media\/3382"}],"wp:attachment":[{"href":"https:\/\/powiatlwowecki.pl\/plci_json_endpoint\/wp\/v2\/media?parent=3394"}],"wp:term":[{"taxonomy":"category","embeddable":true,"href":"https:\/\/powiatlwowecki.pl\/plci_json_endpoint\/wp\/v2\/categories?post=3394"},{"taxonomy":"post_tag","embeddable":true,"href":"https:\/\/powiatlwowecki.pl\/plci_json_endpoint\/wp\/v2\/tags?post=3394"}],"curies":[{"name":"wp","href":"https:\/\/api.w.org\/{rel}","templated":true}]}}