{"id":3327,"date":"2022-06-03T12:39:12","date_gmt":"2022-06-03T10:39:12","guid":{"rendered":"https:\/\/powiatlwowecki.pl\/?p=3327"},"modified":"2022-06-03T12:39:12","modified_gmt":"2022-06-03T10:39:12","slug":"konsultacje-spoleczne-do-raportu","status":"publish","type":"post","link":"https:\/\/powiatlwowecki.pl\/konsultacje-spoleczne-do-raportu\/","title":{"rendered":"Konsultacje spo\u0142eczne do raportu"},"content":{"rendered":"<p>Wydzia\u0142 Zarz\u0105dzania Zintegrowanymi Inwestycjami Terytorialnymi Aglomeracji Jeleniog\u00f3rskiej przedstawia do konsultacji spo\u0142ecznych <strong>Raport diagnostyczny do Strategii Zintegrowanych Inwestycji Terytorialnych Aglomeracji Jeleniog\u00f3rskiej na lata 2021-2029.<\/strong><\/p>\n<ul>\n<li><a href=\"https:\/\/zitaj.jeleniagora.pl\/images\/Raport_diagnostyczny_ZIT_AJ_na_lata_2021-2029.docx\">Raport diagnostyczny do Strategii Zintegrowanych Inwestycji Terytorialnych Aglomeracji Jeleniog\u00f3rskiej na lata 2021-2029<\/a>.<\/li>\n<\/ul>\n<p>Raport b\u0119dzie podstaw\u0105 do przygotowania\u00a0 syntezy diagnozy obszaru realizacji ZIT AJ wraz z analiz\u0105 problem\u00f3w, potrzeb i potencja\u0142\u00f3w rozwojowych, w tym wzajemnych powi\u0105za\u0144 gospodarczych, spo\u0142ecznych i \u015brodowiskowych, kt\u00f3ra to\u00a0 synteza b\u0119dzie elementem Strategii Zintegrowanych Inwestycji Terytorialnych Aglomeracji Jeleniog\u00f3rskiej na lata 2021-2029. St\u0105d zale\u017cy nam na aktywnym udziale wszystkich interesariuszy z obszaru Aglomeracji Jeleniog\u00f3rskiej &#8211; samorz\u0105d\u00f3w terytorialnych, partner\u00f3w spo\u0142ecznych i gospodarczych, organizacji pozarz\u0105dowych, przedsi\u0119biorc\u00f3w, instytucji publicznych. Wszystkie Pa\u0144stwa uwagi b\u0119d\u0105 dla nas cennym g\u0142osem i pozwol\u0105 udoskonali\u0107 Raport.<br \/>\nProsimy o sporz\u0105dzenie uwag i opinii do Raportu\u00a0 w formie pisemnej i przes\u0142anie ich\u00a0 w terminie<strong> do dnia 12 czerwca 2022 r<\/strong>.:<\/p>\n<ul>\n<li>elektronicznie poprzez formularz w wersji word\/excel, na adres email: <span id=\"cloak14557e62d866a08bc43cc782ef1ab15f\"><\/span><a href=\"mailto:zitaj@jeleniagora.pl\">zitaj@jeleniagora.pl<\/a><\/li>\n<li>pisemnie poprzez formularz w wersji word\/excel, na adres:<br \/>\nUrz\u0105d Miasta Jelenia G\u00f3ra<br \/>\nWydzia\u0142 Zarz\u0105dzania Zintegrowanymi Inwestycjami Terytorialnymi Aglomeracji Jeleniog\u00f3rskiej<br \/>\nul. Okrzei 10, pok\u00f3j 107<br \/>\n58-500 Jelenia G\u00f3ra<\/li>\n<\/ul>\n<p>Formularze zg\u0142aszania uwag:<\/p>\n<ul>\n<li><a href=\"https:\/\/zitaj.jeleniagora.pl\/images\/Formularz_uwag_konsultacje_ZIT_AJ.docx\">formularz uwag wersja word,<\/a><\/li>\n<li><a href=\"https:\/\/zitaj.jeleniagora.pl\/images\/Formularz_uwag_konsultacje_ZIT_AJ.xlsx\">formularz uwag wersja excel.<\/a><\/li>\n<\/ul>\n<p>Pytania dotycz\u0105ce konsultacji prosimy kierowa\u0107 na adres <span id=\"cloakd90be7b97d6b97010156fd6e81ec24e2\"><a class=\"moz-txt-link-abbreviated\" href=\"mailto:zit@jeleniagora.pl\">zit@jeleniagora.pl<\/a><\/span><\/p>\n","protected":false},"excerpt":{"rendered":"<p>Wydzia\u0142 Zarz\u0105dzania Zintegrowanymi Inwestycjami Terytorialnymi Aglomeracji Jeleniog\u00f3rskiej przedstawia do konsultacji spo\u0142ecznych Raport diagnostyczny do Strategii Zintegrowanych Inwestycji Terytorialnych Aglomeracji Jeleniog\u00f3rskiej na lata 2021-2029. Raport diagnostyczny do Strategii Zintegrowanych Inwestycji Terytorialnych Aglomeracji Jeleniog\u00f3rskiej na lata 2021-2029.  [&#8230;]<\/p>\n","protected":false},"author":5,"featured_media":3328,"comment_status":"closed","ping_status":"closed","sticky":false,"template":"","format":"standard","meta":{"_acf_changed":false,"footnotes":""},"categories":[5,12],"tags":[],"class_list":["post-3327","post","type-post","status-publish","format-standard","has-post-thumbnail","hentry","category-aktualnosci","category-komunikaty"],"acf":{"kal_data_wydarzenia":""},"_links":{"self":[{"href":"https:\/\/powiatlwowecki.pl\/plci_json_endpoint\/wp\/v2\/posts\/3327","targetHints":{"allow":["GET"]}}],"collection":[{"href":"https:\/\/powiatlwowecki.pl\/plci_json_endpoint\/wp\/v2\/posts"}],"about":[{"href":"https:\/\/powiatlwowecki.pl\/plci_json_endpoint\/wp\/v2\/types\/post"}],"author":[{"embeddable":true,"href":"https:\/\/powiatlwowecki.pl\/plci_json_endpoint\/wp\/v2\/users\/5"}],"replies":[{"embeddable":true,"href":"https:\/\/powiatlwowecki.pl\/plci_json_endpoint\/wp\/v2\/comments?post=3327"}],"version-history":[{"count":0,"href":"https:\/\/powiatlwowecki.pl\/plci_json_endpoint\/wp\/v2\/posts\/3327\/revisions"}],"wp:featuredmedia":[{"embeddable":true,"href":"https:\/\/powiatlwowecki.pl\/plci_json_endpoint\/wp\/v2\/media\/3328"}],"wp:attachment":[{"href":"https:\/\/powiatlwowecki.pl\/plci_json_endpoint\/wp\/v2\/media?parent=3327"}],"wp:term":[{"taxonomy":"category","embeddable":true,"href":"https:\/\/powiatlwowecki.pl\/plci_json_endpoint\/wp\/v2\/categories?post=3327"},{"taxonomy":"post_tag","embeddable":true,"href":"https:\/\/powiatlwowecki.pl\/plci_json_endpoint\/wp\/v2\/tags?post=3327"}],"curies":[{"name":"wp","href":"https:\/\/api.w.org\/{rel}","templated":true}]}}