{"id":3303,"date":"2022-06-01T15:24:16","date_gmt":"2022-06-01T13:24:16","guid":{"rendered":"https:\/\/powiatlwowecki.pl\/?p=3303"},"modified":"2022-06-01T15:24:56","modified_gmt":"2022-06-01T13:24:56","slug":"debata-nad-raportem-o-stanie-powiatu-lwoweckiego-2","status":"publish","type":"post","link":"https:\/\/powiatlwowecki.pl\/debata-nad-raportem-o-stanie-powiatu-lwoweckiego-2\/","title":{"rendered":"Debata nad Raportem o stanie Powiatu Lw\u00f3weckiego"},"content":{"rendered":"<p><div class=\"fusion-fullwidth fullwidth-box fusion-builder-row-1 nonhundred-percent-fullwidth non-hundred-percent-height-scrolling\" style=\"--awb-border-radius-top-left:0px;--awb-border-radius-top-right:0px;--awb-border-radius-bottom-right:0px;--awb-border-radius-bottom-left:0px;--awb-flex-wrap:wrap;\" ><div class=\"fusion-builder-row fusion-row\"><div class=\"fusion-layout-column fusion_builder_column fusion-builder-column-0 fusion_builder_column_1_1 1_1 fusion-one-full fusion-column-first fusion-column-last\" style=\"--awb-bg-size:cover;--awb-margin-bottom:0px;\"><div class=\"fusion-column-wrapper fusion-flex-column-wrapper-legacy\"><div class=\"fusion-clearfix\"><\/div><\/div><\/div><\/div><\/div><div class=\"fusion-fullwidth fullwidth-box fusion-builder-row-2 nonhundred-percent-fullwidth non-hundred-percent-height-scrolling\" style=\"--awb-border-radius-top-left:0px;--awb-border-radius-top-right:0px;--awb-border-radius-bottom-right:0px;--awb-border-radius-bottom-left:0px;--awb-flex-wrap:wrap;\" ><div class=\"fusion-builder-row fusion-row\"><div class=\"fusion-layout-column fusion_builder_column fusion-builder-column-1 fusion_builder_column_1_3 1_3 fusion-one-third fusion-column-first\" style=\"--awb-bg-size:cover;width:33.333333333333%;width:calc(33.333333333333% - ( ( 4% ) * 0.33333333333333 ) );margin-right: 4%;\"><div class=\"fusion-column-wrapper fusion-column-has-shadow fusion-flex-column-wrapper-legacy\"><div class=\"fusion-content-boxes content-boxes columns row fusion-columns-1 fusion-columns-total-2 fusion-content-boxes-1 content-boxes-icon-with-title content-left\" style=\"--awb-hover-accent-color:#f44336;--awb-circle-hover-accent-color:#f44336;--awb-item-margin-bottom:40px;\" data-animationOffset=\"top-into-view\"><div style=\"--awb-backgroundcolor:rgba(255,193,7,0.57);\" class=\"fusion-column content-box-column content-box-column content-box-column-1 col-lg-12 col-md-12 col-sm-12 fusion-content-box-hover content-box-column-last-in-row\"><div class=\"col content-box-wrapper content-wrapper-background link-area-link-icon link-type-text content-icon-wrapper-yes icon-hover-animation-slide\" data-animationOffset=\"top-into-view\"><div class=\"heading icon-left\"><a class=\"heading-link\" style=\"float:left;\" href=\"https:\/\/powiatlwowecki.pl\/wp-content\/uploads\/2022\/06\/RAPORT-O-STANIE-Powiatu-lwoweckiego-za-2021-rok.pdf\" target=\"_self\"><h2 class=\"content-box-heading\" style=\"--h2_typography-font-size:24px;line-height:29px;\">Raport o stanie Powiatu Lw\u00f3weckiego<\/h2><\/a><\/div><div class=\"fusion-clearfix\"><\/div><a class=\" fusion-read-more\" style=\"float:left;\" href=\"https:\/\/powiatlwowecki.pl\/wp-content\/uploads\/2022\/06\/RAPORT-O-STANIE-Powiatu-lwoweckiego-za-2021-rok.pdf\" target=\"_self\">pobierz (1MB)<\/a><div class=\"fusion-clearfix\"><\/div><\/div><\/div><div style=\"--awb-backgroundcolor:rgba(244,36,22,0.48);\" class=\"fusion-column content-box-column content-box-column content-box-column-2 col-lg-12 col-md-12 col-sm-12 fusion-content-box-hover content-box-column-last content-box-column-last-in-row\"><div class=\"col content-box-wrapper content-wrapper-background link-area-link-icon link-type-text content-icon-wrapper-yes icon-hover-animation-slide\" data-animationOffset=\"top-into-view\"><div class=\"heading icon-left\"><a class=\"heading-link\" style=\"float:left;\" href=\"https:\/\/powiatlwowecki.pl\/wp-content\/uploads\/2022\/06\/zgloszenie-do-zabrania-glosu-w-debacie.doc\" target=\"_self\"><h2 class=\"content-box-heading\" style=\"--h2_typography-font-size:24px;line-height:29px;\">Zg\u0142oszenie do zabrania g\u0142osu (dla mieszka\u0144ca)<\/h2><\/a><\/div><div class=\"fusion-clearfix\"><\/div><a class=\" fusion-read-more\" style=\"float:left;\" href=\"https:\/\/powiatlwowecki.pl\/wp-content\/uploads\/2022\/06\/zgloszenie-do-zabrania-glosu-w-debacie.doc\" target=\"_self\">(126 KB)<\/a><div class=\"fusion-clearfix\"><\/div><\/div><\/div><div class=\"fusion-clearfix\"><\/div><\/div><div class=\"fusion-clearfix\"><\/div><\/div><\/div><div class=\"fusion-layout-column fusion_builder_column fusion-builder-column-2 fusion_builder_column_2_3 2_3 fusion-two-third fusion-column-last\" style=\"--awb-bg-size:cover;width:66.666666666667%;width:calc(66.666666666667% - ( ( 4% ) * 0.66666666666667 ) );\"><div class=\"fusion-column-wrapper fusion-column-has-shadow fusion-flex-column-wrapper-legacy\"><div class=\"fusion-text fusion-text-1\"><p>W trybie ustawy o samorz\u0105dzie powiatowym zosta\u0142 wprowadzony obowi\u0105zek tworzenia rocznych <em>raport\u00f3w o stanie powiatu<\/em>.<\/p>\n<p><strong><em>Raport o stanie Powiatu Lw\u00f3weckiego<\/em><\/strong> stanowi podsumowanie dzia\u0142alno\u015bci Zarz\u0105du powiatu z danego roku i jest przedstawiany Radzie Powiatu do rozpatrzenia w formie debaty. W tym roku debata nad <em><strong>Raportem za rok 2021<\/strong><\/em> odb\u0119dzie si\u0119 podczas sesji absolutoryjnej 23 czerwca 2022.<\/p>\n<p data-wahfont=\"16\"><span style=\"font-size: 14pt;\">W debacie nad <strong><em>Raportem o stanie Powiatu Lw\u00f3weckiego<\/em><\/strong> mog\u0105 zabra\u0107 g\u0142os r\u00f3wnie\u017c mieszka\u0144cy powiatu.<\/span><\/p>\n<p data-wahfont=\"16\">Mieszkaniec, kt\u00f3ry chcia\u0142by zabra\u0107 g\u0142os w debacie nad Raportem sk\u0142ada do Przewodnicz\u0105cej Rady Powiatu pisemne zg\u0142oszenie, poparte podpisami <span data-wahfont=\"16\"><strong>co najmniej 150 os\u00f3b<\/strong><\/span>. Zg\u0142oszenie sk\u0142ada si\u0119 najp\u00f3\u017aniej w dniu poprzedzaj\u0105cym dzie\u0144, na kt\u00f3ry zwo\u0142ana jest sesja, podczas kt\u00f3rej ma by\u0107 przedstawiony Raport. W tym przypadku zg\u0142oszenie nale\u017cy przed\u0142o\u017cy\u0107 najp\u00f3\u017aniej <strong>do 22 czerwca 2022<\/strong> roku.<\/p>\n<p>Obok tre\u015b\u0107 <strong><em>Raportu o stanie Powiatu Lw\u00f3weckiego za 2021 rok<\/em> <\/strong>do pobrania wraz z za\u0142\u0105cznikami.<\/p>\n<\/div><div class=\"fusion-clearfix\"><\/div><\/div><\/div><\/div><\/div><\/p>\n","protected":false},"excerpt":{"rendered":"","protected":false},"author":5,"featured_media":2564,"comment_status":"closed","ping_status":"closed","sticky":false,"template":"","format":"standard","meta":{"_acf_changed":false,"footnotes":""},"categories":[5,76,12],"tags":[],"class_list":["post-3303","post","type-post","status-publish","format-standard","has-post-thumbnail","hentry","category-aktualnosci","category-kalendarium-sidebar","category-komunikaty"],"acf":{"kal_data_wydarzenia":"20220623"},"_links":{"self":[{"href":"https:\/\/powiatlwowecki.pl\/plci_json_endpoint\/wp\/v2\/posts\/3303","targetHints":{"allow":["GET"]}}],"collection":[{"href":"https:\/\/powiatlwowecki.pl\/plci_json_endpoint\/wp\/v2\/posts"}],"about":[{"href":"https:\/\/powiatlwowecki.pl\/plci_json_endpoint\/wp\/v2\/types\/post"}],"author":[{"embeddable":true,"href":"https:\/\/powiatlwowecki.pl\/plci_json_endpoint\/wp\/v2\/users\/5"}],"replies":[{"embeddable":true,"href":"https:\/\/powiatlwowecki.pl\/plci_json_endpoint\/wp\/v2\/comments?post=3303"}],"version-history":[{"count":0,"href":"https:\/\/powiatlwowecki.pl\/plci_json_endpoint\/wp\/v2\/posts\/3303\/revisions"}],"wp:featuredmedia":[{"embeddable":true,"href":"https:\/\/powiatlwowecki.pl\/plci_json_endpoint\/wp\/v2\/media\/2564"}],"wp:attachment":[{"href":"https:\/\/powiatlwowecki.pl\/plci_json_endpoint\/wp\/v2\/media?parent=3303"}],"wp:term":[{"taxonomy":"category","embeddable":true,"href":"https:\/\/powiatlwowecki.pl\/plci_json_endpoint\/wp\/v2\/categories?post=3303"},{"taxonomy":"post_tag","embeddable":true,"href":"https:\/\/powiatlwowecki.pl\/plci_json_endpoint\/wp\/v2\/tags?post=3303"}],"curies":[{"name":"wp","href":"https:\/\/api.w.org\/{rel}","templated":true}]}}