{"id":3239,"date":"2022-04-28T13:03:49","date_gmt":"2022-04-28T11:03:49","guid":{"rendered":"https:\/\/powiatlwowecki.pl\/?p=3239"},"modified":"2026-04-08T13:15:28","modified_gmt":"2026-04-08T11:15:28","slug":"rozklad-jazdy-powiatowej-komunikacji-lwoweckiej","status":"publish","type":"post","link":"https:\/\/powiatlwowecki.pl\/rozklad-jazdy-powiatowej-komunikacji-lwoweckiej\/","title":{"rendered":"Rozk\u0142ad jazdy Powiatowej Komunikacji Lw\u00f3weckiej"},"content":{"rendered":"<div class=\"fusion-fullwidth fullwidth-box fusion-builder-row-1 fusion-flex-container nonhundred-percent-fullwidth non-hundred-percent-height-scrolling\" style=\"--awb-border-radius-top-left:0px;--awb-border-radius-top-right:0px;--awb-border-radius-bottom-right:0px;--awb-border-radius-bottom-left:0px;--awb-flex-wrap:wrap;\" ><div class=\"fusion-builder-row fusion-row fusion-flex-align-items-flex-start fusion-flex-content-wrap\" style=\"max-width:1248px;margin-left: calc(-4% \/ 2 );margin-right: calc(-4% \/ 2 );\"><div class=\"fusion-layout-column fusion_builder_column fusion-builder-column-0 fusion_builder_column_1_1 1_1 fusion-flex-column\" style=\"--awb-bg-size:cover;--awb-width-large:100%;--awb-margin-top-large:0px;--awb-spacing-right-large:1.92%;--awb-margin-bottom-large:0px;--awb-spacing-left-large:1.92%;--awb-width-medium:100%;--awb-spacing-right-medium:1.92%;--awb-spacing-left-medium:1.92%;--awb-width-small:100%;--awb-spacing-right-small:1.92%;--awb-spacing-left-small:1.92%;\"><div class=\"fusion-column-wrapper fusion-flex-justify-content-flex-start fusion-content-layout-column\"><div class=\"fusion-text fusion-text-1\"><p>Informujemy, \u017ce od 01.02.2025 r. przedsi\u0119biorca AGA-TRAVEL Agnieszka Bielecka, ul. Baworowo 16F, 59-820 Le\u015bna b\u0119dzie wy\u0142\u0105cznym operatorem wszystkich linii autobusowych w ramach Lw\u00f3weckiej Komunikacji Powiatowej. Szczeg\u00f3\u0142owe informacje dotycz\u0105ce zakupu bilet\u00f3w miesi\u0119cznych oraz rozk\u0142adu jazdy dost\u0119pne s\u0105 pod nr telefonu 577\u00a0844 221 lub na stronie internetowej <strong><span style=\"color: #0000ff;\"><a style=\"color: #0000ff;\" href=\"https:\/\/aga-travel.pl\/lwowek-slaski-rozklad-jazdy.html\" data-wahfont=\"16\">https:\/\/aga-travel.pl\/<\/a><\/span><\/strong>, miejsce sprzeda\u017cy bilet\u00f3w: Al. Wojska Polskiego 26A, 59-600 Lw\u00f3wek \u015al\u0105ski (bastyjka).<\/p>\n<h4 style=\"text-align: center;\"><strong>W zwi\u0105zku z zamkni\u0119ciem drogi wojew\u00f3dzkiej 297 na odcinku Wojciech\u00f3w &#8211; Pasiecznik od dnia 23.03.2026 do 10.04.2026 wprowadzamy objazd dla linii 207 relacji \u015awierad\u00f3w &#8211; Siedl\u0119cin.<\/strong><\/h4>\n<h4 style=\"text-align: center;\"><strong>Z rozk\u0142adu jazdy na ten okres wy\u0142\u0105czony zostaje przystanek w miejscowo\u015bci Zalesie.<\/strong><\/h4>\n<h4 style=\"text-align: center;\"><strong>Autobusy mog\u0105 by\u0107 op\u00f3\u017anione o kilka minut.<\/strong><\/h4>\n<h4 style=\"text-align: center;\"><strong>Z uwagi na utrudnienia w realizacji zadania termin zamkni\u0119cia drogi ulegnie przed\u0142u\u017ceniu do dnia 24.04.2026 r.<\/strong><\/h4>\n<h4 style=\"text-align: center;\"><strong>Za utrudnienia przepraszamy.<\/strong><\/h4>\n<p style=\"text-align: center;\"><span style=\"color: #ff0000; font-size: 18pt;\"><strong><a style=\"color: #ff0000;\" href=\"https:\/\/aga-travel.pl\/lwowek-slaski-rozklad-jazdy.html\">ROZK\u0141AD JAZDY<\/a><\/strong><\/span><\/p>\n<p><a href=\"https:\/\/aga-travel.pl\/lwowek-slaski-rozklad-jazdy.html\"><img decoding=\"async\" class=\"wp-image-9045 aligncenter\" src=\"https:\/\/powiatlwowecki.pl\/wp-content\/uploads\/2025\/01\/Zrzut-ekranu.jpg\" alt=\"\" width=\"620\" height=\"233\" srcset=\"https:\/\/powiatlwowecki.pl\/wp-content\/uploads\/2025\/01\/Zrzut-ekranu-24x9.jpg 24w, https:\/\/powiatlwowecki.pl\/wp-content\/uploads\/2025\/01\/Zrzut-ekranu-36x14.jpg 36w, https:\/\/powiatlwowecki.pl\/wp-content\/uploads\/2025\/01\/Zrzut-ekranu-48x18.jpg 48w, https:\/\/powiatlwowecki.pl\/wp-content\/uploads\/2025\/01\/Zrzut-ekranu-200x75.jpg 200w, https:\/\/powiatlwowecki.pl\/wp-content\/uploads\/2025\/01\/Zrzut-ekranu-300x113.jpg 300w, https:\/\/powiatlwowecki.pl\/wp-content\/uploads\/2025\/01\/Zrzut-ekranu-400x150.jpg 400w, https:\/\/powiatlwowecki.pl\/wp-content\/uploads\/2025\/01\/Zrzut-ekranu-600x226.jpg 600w, https:\/\/powiatlwowecki.pl\/wp-content\/uploads\/2025\/01\/Zrzut-ekranu-768x289.jpg 768w, https:\/\/powiatlwowecki.pl\/wp-content\/uploads\/2025\/01\/Zrzut-ekranu-800x301.jpg 800w, https:\/\/powiatlwowecki.pl\/wp-content\/uploads\/2025\/01\/Zrzut-ekranu-1024x385.jpg 1024w, https:\/\/powiatlwowecki.pl\/wp-content\/uploads\/2025\/01\/Zrzut-ekranu.jpg 1114w\" sizes=\"(max-width: 620px) 100vw, 620px\" \/><\/a><\/p>\n<p style=\"text-align: center;\"><strong>Dodatkowo w ramach Powiatowej Komunikacji Karkonoskiej na terenie naszego powiatu funkcjonuje linia:<\/strong><\/p>\n<p><a href=\"https:\/\/www.pks.jgora.pl\/images\/pdf\/rozklad-jazdy-pkk\/Linia_107.pdf\"><img decoding=\"async\" class=\"size-full wp-image-3244 aligncenter\" src=\"https:\/\/powiatlwowecki.pl\/wp-content\/uploads\/2022\/04\/Screenshot-2022-04-28-at-13-02-16-Rozklad-jazdy-Powiatowej-Komunikacji-Karkonoskiej-PKS-TOUR-Jelenia-Gora.png\" alt=\"\" width=\"587\" height=\"126\" srcset=\"https:\/\/powiatlwowecki.pl\/wp-content\/uploads\/2022\/04\/Screenshot-2022-04-28-at-13-02-16-Rozklad-jazdy-Powiatowej-Komunikacji-Karkonoskiej-PKS-TOUR-Jelenia-Gora-24x5.png 24w, https:\/\/powiatlwowecki.pl\/wp-content\/uploads\/2022\/04\/Screenshot-2022-04-28-at-13-02-16-Rozklad-jazdy-Powiatowej-Komunikacji-Karkonoskiej-PKS-TOUR-Jelenia-Gora-36x8.png 36w, https:\/\/powiatlwowecki.pl\/wp-content\/uploads\/2022\/04\/Screenshot-2022-04-28-at-13-02-16-Rozklad-jazdy-Powiatowej-Komunikacji-Karkonoskiej-PKS-TOUR-Jelenia-Gora-48x10.png 48w, https:\/\/powiatlwowecki.pl\/wp-content\/uploads\/2022\/04\/Screenshot-2022-04-28-at-13-02-16-Rozklad-jazdy-Powiatowej-Komunikacji-Karkonoskiej-PKS-TOUR-Jelenia-Gora-200x43.png 200w, https:\/\/powiatlwowecki.pl\/wp-content\/uploads\/2022\/04\/Screenshot-2022-04-28-at-13-02-16-Rozklad-jazdy-Powiatowej-Komunikacji-Karkonoskiej-PKS-TOUR-Jelenia-Gora-300x64.png 300w, https:\/\/powiatlwowecki.pl\/wp-content\/uploads\/2022\/04\/Screenshot-2022-04-28-at-13-02-16-Rozklad-jazdy-Powiatowej-Komunikacji-Karkonoskiej-PKS-TOUR-Jelenia-Gora-400x86.png 400w, https:\/\/powiatlwowecki.pl\/wp-content\/uploads\/2022\/04\/Screenshot-2022-04-28-at-13-02-16-Rozklad-jazdy-Powiatowej-Komunikacji-Karkonoskiej-PKS-TOUR-Jelenia-Gora.png 587w\" sizes=\"(max-width: 587px) 100vw, 587px\" \/><\/a><\/p>\n<\/div><\/div><\/div><\/div><\/div>\n","protected":false},"excerpt":{"rendered":"","protected":false},"author":4,"featured_media":3246,"comment_status":"closed","ping_status":"closed","sticky":false,"template":"","format":"standard","meta":{"_acf_changed":false,"footnotes":""},"categories":[5],"tags":[],"class_list":["post-3239","post","type-post","status-publish","format-standard","has-post-thumbnail","hentry","category-aktualnosci"],"acf":{"kal_data_wydarzenia":""},"_links":{"self":[{"href":"https:\/\/powiatlwowecki.pl\/plci_json_endpoint\/wp\/v2\/posts\/3239","targetHints":{"allow":["GET"]}}],"collection":[{"href":"https:\/\/powiatlwowecki.pl\/plci_json_endpoint\/wp\/v2\/posts"}],"about":[{"href":"https:\/\/powiatlwowecki.pl\/plci_json_endpoint\/wp\/v2\/types\/post"}],"author":[{"embeddable":true,"href":"https:\/\/powiatlwowecki.pl\/plci_json_endpoint\/wp\/v2\/users\/4"}],"replies":[{"embeddable":true,"href":"https:\/\/powiatlwowecki.pl\/plci_json_endpoint\/wp\/v2\/comments?post=3239"}],"version-history":[{"count":6,"href":"https:\/\/powiatlwowecki.pl\/plci_json_endpoint\/wp\/v2\/posts\/3239\/revisions"}],"predecessor-version":[{"id":12563,"href":"https:\/\/powiatlwowecki.pl\/plci_json_endpoint\/wp\/v2\/posts\/3239\/revisions\/12563"}],"wp:featuredmedia":[{"embeddable":true,"href":"https:\/\/powiatlwowecki.pl\/plci_json_endpoint\/wp\/v2\/media\/3246"}],"wp:attachment":[{"href":"https:\/\/powiatlwowecki.pl\/plci_json_endpoint\/wp\/v2\/media?parent=3239"}],"wp:term":[{"taxonomy":"category","embeddable":true,"href":"https:\/\/powiatlwowecki.pl\/plci_json_endpoint\/wp\/v2\/categories?post=3239"},{"taxonomy":"post_tag","embeddable":true,"href":"https:\/\/powiatlwowecki.pl\/plci_json_endpoint\/wp\/v2\/tags?post=3239"}],"curies":[{"name":"wp","href":"https:\/\/api.w.org\/{rel}","templated":true}]}}