{"id":3227,"date":"2022-04-20T13:23:58","date_gmt":"2022-04-20T11:23:58","guid":{"rendered":"https:\/\/powiatlwowecki.pl\/?p=3227"},"modified":"2022-04-20T13:23:58","modified_gmt":"2022-04-20T11:23:58","slug":"ogloszenie-przewodniczacej-rady-powiatu-24","status":"publish","type":"post","link":"https:\/\/powiatlwowecki.pl\/ogloszenie-przewodniczacej-rady-powiatu-24\/","title":{"rendered":"Og\u0142oszenie Przewodnicz\u0105cej Rady Powiatu"},"content":{"rendered":"<h3 style=\"text-align: left;\"><span style=\"font-family: Georgia, Palatino;\"><strong>Zawiadamia si\u0119 o zwo\u0142aniu <\/strong><strong>LIV <\/strong><strong>SESJI RADY POWIATU LW\u00d3WECKIEGO<\/strong><strong>,\u00a0 <\/strong><\/span><\/h3>\n<p style=\"text-align: left;\"><span style=\"font-family: Georgia, Palatino; font-size: 14pt;\"><strong>kt\u00f3ra odb\u0119dzie si\u0119 w dniu 29 KWIETNIA 2022 roku <\/strong><\/span><span style=\"font-family: Georgia, Palatino; font-size: 14pt;\"><strong>w sali konferencyjnej Starostwa Powiatowego w Lw\u00f3wku \u015al\u0105skim.<\/strong> <\/span><\/p>\n<h4 style=\"text-align: left;\"><span style=\"font-family: Helvetica;\"><strong><span style=\"font-family: Georgia, Palatino;\">Pocz\u0105tek sesji godz. 9:30<\/span><br \/>\n<\/strong><\/span><\/h4>\n<hr \/>\n<p><span style=\"font-family: Tahoma, Arial, Helvetica, sans-serif;\"><strong>Proponowany porz\u0105dek obrad:<\/strong><\/span><\/p>\n<p><span style=\"font-family: Tahoma, Arial, Helvetica, sans-serif;\">1. Powitanie radnych i zaproszonych go\u015bci.<\/span><\/p>\n<p><span style=\"font-family: Tahoma, Arial, Helvetica, sans-serif;\">2. Przyj\u0119cie porz\u0105dku obrad.<\/span><\/p>\n<p><span style=\"font-family: Tahoma, Arial, Helvetica, sans-serif;\">3. G\u0142osowanie nad przyj\u0119ciem protoko\u0142u z LIII sesji Rady Powiatu Lw\u00f3weckiego.<\/span><\/p>\n<p><span style=\"font-family: Tahoma, Arial, Helvetica, sans-serif;\">4. Dzia\u0142alno\u015b\u0107 Domu Pomocy Spo\u0142ecznej w Mirsku i Nielestnie:<\/span><\/p>\n<p><span style=\"font-family: Tahoma, Arial, Helvetica, sans-serif;\">4.1. prezentacja materia\u0142\u00f3w,<\/span><br \/>\n<span style=\"font-family: Tahoma, Arial, Helvetica, sans-serif;\">4.2. dyskusja.<\/span><\/p>\n<p><span style=\"font-family: Tahoma, Arial, Helvetica, sans-serif;\">5. Przerwa w obradach.<\/span><\/p>\n<p><span style=\"font-family: Tahoma, Arial, Helvetica, sans-serif;\">6. Podj\u0119cie uchwa\u0142 lub zaj\u0119cie stanowiska.<\/span><\/p>\n<p><span style=\"font-family: Tahoma, Arial, Helvetica, sans-serif;\">6.1. G\u0142osowanie nad projektem uchwa\u0142y Rady Powiatu Lw\u00f3weckiego o zmianie uchwa\u0142y nr LI\/16\/22 Rady Powiatu Lw\u00f3weckiego z dnia 25 lutego 2022 r. w sprawie okre\u015blenia zada\u0144 na kt\u00f3re przeznacza si\u0119 \u015brodki Pa\u0144stwowego Funduszu Rehabilitacji Os\u00f3b Niepe\u0142nosprawnych w 2022 r.<\/span><br \/>\n<span style=\"font-family: Tahoma, Arial, Helvetica, sans-serif;\">6.2. G\u0142osowanie nad projektem uchwa\u0142y Rady Powiatu Lw\u00f3weckiego w sprawie zmiany bud\u017cetu oraz szczeg\u00f3\u0142owego planu wykonywania bud\u017cetu Powiatu Lw\u00f3weckiego na 2022 rok.<\/span><br \/>\n<span style=\"font-family: Tahoma, Arial, Helvetica, sans-serif;\">6.3. G\u0142osowanie nad projektem uchwa\u0142y Rady Powiatu Lw\u00f3weckiego o zmianie uchwa\u0142y Nr XLIX\/78\/21 w sprawie wieloletniej prognozy finansowej Powiatu Lw\u00f3weckiego.<\/span><\/p>\n<p><span style=\"font-family: Tahoma, Arial, Helvetica, sans-serif;\">7. Informacje o dzia\u0142alno\u015bci Zarz\u0105du Powiatu Lw\u00f3weckiego pomi\u0119dzy sesjami Rady Powiatu Lw\u00f3weckiego.<\/span><\/p>\n<p><span style=\"font-family: Tahoma, Arial, Helvetica, sans-serif;\">8. Interpelacje, zapytania i postulaty Radnych.<\/span><\/p>\n<p><span style=\"font-family: Tahoma, Arial, Helvetica, sans-serif;\">9. Sprawy r\u00f3\u017cne i organizacyjne.<\/span><\/p>\n<p>&nbsp;<\/p>\n<p><span style=\"font-family: Helvetica;\">\u00a0<strong>Przewodnicz\u0105ca Rady Powiatu<\/strong><\/span><\/p>\n<p style=\"text-align: left;\"><span style=\"font-family: Helvetica;\"><strong>\/-\/<\/strong><\/span><\/p>\n<p style=\"text-align: left;\"><span style=\"font-family: Helvetica;\"><strong>Ma\u0142gorzata Szczepa\u0144ska<\/strong><\/span><\/p>\n","protected":false},"excerpt":{"rendered":"<p>Zawiadamia si\u0119 o zwo\u0142aniu LIV SESJI RADY POWIATU LW\u00d3WECKIEGO,\u00a0 kt\u00f3ra odb\u0119dzie si\u0119 w dniu 29 KWIETNIA 2022 roku w sali konferencyjnej Starostwa Powiatowego w Lw\u00f3wku \u015al\u0105skim. Pocz\u0105tek sesji godz. 9:30 Proponowany porz\u0105dek obrad: 1. Powitanie  [&#8230;]<\/p>\n","protected":false},"author":5,"featured_media":3226,"comment_status":"closed","ping_status":"closed","sticky":false,"template":"","format":"standard","meta":{"_acf_changed":false,"footnotes":""},"categories":[5,76],"tags":[],"class_list":["post-3227","post","type-post","status-publish","format-standard","has-post-thumbnail","hentry","category-aktualnosci","category-kalendarium-sidebar"],"acf":{"kal_data_wydarzenia":"20220429"},"_links":{"self":[{"href":"https:\/\/powiatlwowecki.pl\/plci_json_endpoint\/wp\/v2\/posts\/3227","targetHints":{"allow":["GET"]}}],"collection":[{"href":"https:\/\/powiatlwowecki.pl\/plci_json_endpoint\/wp\/v2\/posts"}],"about":[{"href":"https:\/\/powiatlwowecki.pl\/plci_json_endpoint\/wp\/v2\/types\/post"}],"author":[{"embeddable":true,"href":"https:\/\/powiatlwowecki.pl\/plci_json_endpoint\/wp\/v2\/users\/5"}],"replies":[{"embeddable":true,"href":"https:\/\/powiatlwowecki.pl\/plci_json_endpoint\/wp\/v2\/comments?post=3227"}],"version-history":[{"count":0,"href":"https:\/\/powiatlwowecki.pl\/plci_json_endpoint\/wp\/v2\/posts\/3227\/revisions"}],"wp:featuredmedia":[{"embeddable":true,"href":"https:\/\/powiatlwowecki.pl\/plci_json_endpoint\/wp\/v2\/media\/3226"}],"wp:attachment":[{"href":"https:\/\/powiatlwowecki.pl\/plci_json_endpoint\/wp\/v2\/media?parent=3227"}],"wp:term":[{"taxonomy":"category","embeddable":true,"href":"https:\/\/powiatlwowecki.pl\/plci_json_endpoint\/wp\/v2\/categories?post=3227"},{"taxonomy":"post_tag","embeddable":true,"href":"https:\/\/powiatlwowecki.pl\/plci_json_endpoint\/wp\/v2\/tags?post=3227"}],"curies":[{"name":"wp","href":"https:\/\/api.w.org\/{rel}","templated":true}]}}