{"id":3216,"date":"2022-04-14T08:17:47","date_gmt":"2022-04-14T06:17:47","guid":{"rendered":"https:\/\/powiatlwowecki.pl\/?p=3216"},"modified":"2022-04-14T08:17:47","modified_gmt":"2022-04-14T06:17:47","slug":"kontakty-z-koordynatorami-projektu-2","status":"publish","type":"post","link":"https:\/\/powiatlwowecki.pl\/kontakty-z-koordynatorami-projektu-2\/","title":{"rendered":"Kontakty z koordynatorami projektu"},"content":{"rendered":"<div class=\"fusion-fullwidth fullwidth-box fusion-builder-row-1 nonhundred-percent-fullwidth non-hundred-percent-height-scrolling\" style=\"--awb-border-radius-top-left:0px;--awb-border-radius-top-right:0px;--awb-border-radius-bottom-right:0px;--awb-border-radius-bottom-left:0px;--awb-flex-wrap:wrap;\" ><div class=\"fusion-builder-row fusion-row\"><div class=\"fusion-layout-column fusion_builder_column fusion-builder-column-0 fusion_builder_column_1_1 1_1 fusion-one-full fusion-column-first fusion-column-last\" style=\"--awb-bg-size:cover;--awb-margin-bottom:0px;\"><div class=\"fusion-column-wrapper fusion-flex-column-wrapper-legacy\">\n<div class=\"table-1\">\n<table style=\"height: 417px;\" width=\"1140\">\n<thead>\n<tr>\n<th align=\"left\">Koordynator projektu<\/th>\n<th align=\"left\">Krzysztof Pysz<\/th>\n<th align=\"left\">tel: 75 782 28 28<\/th>\n<th align=\"left\"><a href=\"mailto:d.kopec@powiatlwowecki.pl\">k.pysz@powiatlwowecki.pl<\/a><\/th>\n<th align=\"left\">ul. Szpitalna 4, 59-600 Lwowek \u015al\u0105ski, pok. 218<\/th>\n<\/tr>\n<\/thead>\n<tbody>\n<tr>\n<td align=\"left\">Asystent ds. rekrutacji, szkole\u0144, sta\u017cy i dokszta\u0142cania nauczycieli<\/td>\n<td align=\"left\">Agnieszka Wolska<\/td>\n<td align=\"left\">tel: 75 782 36 53<\/td>\n<td align=\"left\"><a href=\"mailto:a.wolska@powiatlwowecki.pl\">a.wolska@powiatlwowecki.pl<\/a><\/td>\n<td align=\"left\">ul. Szpitalna 4, 59-600 Lw\u00f3wek \u015al\u0105ski, pok. 216<\/td>\n<\/tr>\n<tr>\n<td align=\"left\">Asystent ds. zam\u00f3wie\u0144 publicznych i promocji<\/td>\n<td align=\"left\">Micha\u0142 Mruk<\/td>\n<td align=\"left\">tel: 75 782 36 53<\/td>\n<td align=\"left\"><a href=\"mailto:m.mruk@powiatlwowecki.pl\">m.mruk@powiatlwowecki.pl<\/a><\/td>\n<td align=\"left\">ul. Szpitalna 4, 59-600 Lw\u00f3wek \u015al\u0105ski, pok. 216<\/td>\n<\/tr>\n<tr>\n<td align=\"left\">Asystent ds. rozlicze\u0144<\/td>\n<td align=\"left\">Agnieszka Majer<\/td>\n<td align=\"left\">tel: 75 782 28 70<\/td>\n<td align=\"left\"><a href=\"mailto:a.majer@powiatlwowecki.pl\">a.majer@powiatlwowecki.pl<\/a><\/td>\n<td align=\"left\">ul. Szpitalna 4, 59-600 Lw\u00f3wek \u015al\u0105ski, pok. 219<\/td>\n<\/tr>\n<tr>\n<td align=\"left\">Koordynator szkolny ZSOiZ Gryf\u00f3w \u015al.<\/td>\n<td align=\"left\">Monika Ignaciuk-Borkowska<\/td>\n<td align=\"left\">508 741 449<\/td>\n<td align=\"left\"><a href=\"mailto:monia59-830@wp.pl\">monia59-830@wp.pl<\/a><\/td>\n<td align=\"left\">ZSOiZ w Gryfowie \u015al\u0105skim, ul. Wojska Polskiego 16, 59-620 Gryf\u00f3w \u015al\u0105ski<\/td>\n<\/tr>\n<tr>\n<td align=\"left\">Koordynator szkolny ZSET Rakowice Wlk.<\/td>\n<td align=\"left\">Mariola Wasilewska<\/td>\n<td align=\"left\">601\u00a0882 542<\/td>\n<td align=\"left\"><a href=\"mailto:mariola_wasilewska@wp.pl\">mariola_wasilewska@wp.pl<\/a><\/td>\n<td align=\"left\">ZSET, Rakowice Wielkie 48, 59-600 Lw\u00f3wek \u015al\u0105ski<\/td>\n<\/tr>\n<tr>\n<td align=\"left\">Koordynator szkolny ZPEW Lw\u00f3wek \u015al.<\/td>\n<td align=\"left\">Ewelina Skawi\u0144ska<\/td>\n<td align=\"left\">791\u00a0759\u00a0925<\/td>\n<td align=\"left\"><a href=\"mailto:skawinska@vp.pl\">skawinska@vp.pl<\/a><\/td>\n<td align=\"left\">ZPEW, ul. Pa\u0142acowa 9, 59-600 Lw\u00f3wek \u015al\u0105ski<\/td>\n<\/tr>\n<tr>\n<td align=\"left\">Asystent ds. monitoringu i ewaluacji<\/td>\n<td align=\"left\">Marcin G\u0105siorowski<\/td>\n<td align=\"left\">tel: 75 782 28 70<\/td>\n<td align=\"left\"><a href=\"mailto:m.gasiorowski@powiatlwowecki.pl\">m.gasiorowski@powiatlwowecki.pl<\/a><\/td>\n<td align=\"left\">ul. Szpitalna 4, 59-600 Lw\u00f3wek \u015al\u0105ski, pok. 219<\/td>\n<\/tr>\n<tr>\n<td align=\"left\">Ksi\u0119gowa projektu<\/td>\n<td align=\"left\">Halina Bogus\u0142awa Krawiec<\/td>\n<td align=\"left\">tel: 75 782 28 91<\/td>\n<td align=\"left\"><a href=\"mailto:h.krawiec@powiatlwowecki.pl\">h.krawiec@powiatlwowecki.pl<\/a><\/td>\n<td align=\"left\">ul. Szpitalna 4, 59-600 Lw\u00f3wek \u015al\u0105ski, pok. 215<\/td>\n<\/tr>\n<tr>\n<td align=\"left\"><\/td>\n<td align=\"left\"><\/td>\n<td align=\"left\"><\/td>\n<td align=\"left\"><\/td>\n<td align=\"left\"><\/td>\n<\/tr>\n<tr>\n<td align=\"left\"><\/td>\n<td align=\"left\"><\/td>\n<td align=\"left\"><\/td>\n<td align=\"left\"><\/td>\n<td align=\"left\"><\/td>\n<\/tr>\n<\/tbody>\n<\/table>\n<\/div>\n<div class=\"fusion-clearfix\"><\/div><\/div><\/div><\/div><\/div>\n","protected":false},"excerpt":{"rendered":"","protected":false},"author":5,"featured_media":0,"comment_status":"closed","ping_status":"closed","sticky":false,"template":"","format":"standard","meta":{"_acf_changed":false,"footnotes":""},"categories":[22],"tags":[],"class_list":["post-3216","post","type-post","status-publish","format-standard","hentry","category-uncategorized-en"],"acf":{"kal_data_wydarzenia":""},"_links":{"self":[{"href":"https:\/\/powiatlwowecki.pl\/plci_json_endpoint\/wp\/v2\/posts\/3216","targetHints":{"allow":["GET"]}}],"collection":[{"href":"https:\/\/powiatlwowecki.pl\/plci_json_endpoint\/wp\/v2\/posts"}],"about":[{"href":"https:\/\/powiatlwowecki.pl\/plci_json_endpoint\/wp\/v2\/types\/post"}],"author":[{"embeddable":true,"href":"https:\/\/powiatlwowecki.pl\/plci_json_endpoint\/wp\/v2\/users\/5"}],"replies":[{"embeddable":true,"href":"https:\/\/powiatlwowecki.pl\/plci_json_endpoint\/wp\/v2\/comments?post=3216"}],"version-history":[{"count":0,"href":"https:\/\/powiatlwowecki.pl\/plci_json_endpoint\/wp\/v2\/posts\/3216\/revisions"}],"wp:attachment":[{"href":"https:\/\/powiatlwowecki.pl\/plci_json_endpoint\/wp\/v2\/media?parent=3216"}],"wp:term":[{"taxonomy":"category","embeddable":true,"href":"https:\/\/powiatlwowecki.pl\/plci_json_endpoint\/wp\/v2\/categories?post=3216"},{"taxonomy":"post_tag","embeddable":true,"href":"https:\/\/powiatlwowecki.pl\/plci_json_endpoint\/wp\/v2\/tags?post=3216"}],"curies":[{"name":"wp","href":"https:\/\/api.w.org\/{rel}","templated":true}]}}