{"id":3174,"date":"2022-03-28T10:40:19","date_gmt":"2022-03-28T08:40:19","guid":{"rendered":"https:\/\/powiatlwowecki.pl\/?p=3174"},"modified":"2022-03-28T10:40:19","modified_gmt":"2022-03-28T08:40:19","slug":"wiele-drog-jedno-stypendium","status":"publish","type":"post","link":"https:\/\/powiatlwowecki.pl\/wiele-drog-jedno-stypendium\/","title":{"rendered":"Wiele dr\u00f3g, jedno stypendium."},"content":{"rendered":"<h3><strong>Zdob\u0105d\u017a stypendium na nauk\u0119 we Wroc\u0142awiu \u2013 rekrutacja jeszcze tylko do 31 marca 2022 r.<\/strong><\/h3>\n<p>Do 31 marca uczniowie klas 8 z naszego regionu mog\u0105 ubiega\u0107 si\u0119 o stypendium na nauk\u0119 we Wroc\u0142awiu \u2013 w Liceum Og\u00f3lnokszta\u0142c\u0105cym Nr 8 lub Technikum Nr 10 przy Elektronicznych Zak\u0142adach Naukowych. W ramach Stypendium ucze\u0144 ma zapewnione przez ca\u0142y okres nauki w szkole \u015bredniej zakwaterowanie w bursie, wy\u017cywienie, kursy j\u0119zykowe, dofinansowanie do wycieczek szkolnych, wyjazdy wakacyjne i feryjne.<\/p>\n<p>&nbsp;<\/p>\n<p><strong><em>Wiele dr\u00f3g, jedno stypendium<\/em><\/strong><strong>.<\/strong> Pod takim has\u0142em Fundacja EFC rozpocz\u0119\u0142a rekrutacj\u0119 do kolejnej edycji Horyzont\u00f3w \u2013 programu stypendialnego, kt\u00f3ry ju\u017c od 12 lat pomaga licealistom i licealistkom w nauce, rozwijaniu pasji oraz m\u0105drym, odpowiedzialnym i szcz\u0119\u015bliwym wkraczaniu w doros\u0142e \u017cycie. Zaproszenie kierowane jest do \u00f3smoklasist\u00f3w, kt\u00f3rzy pochodz\u0105 z ma\u0142ych miejscowo\u015bci<strong>,<\/strong> a chcieliby dalej uczy\u0107 si\u0119 i rozwija\u0107 w wymarzonym liceum lub technikum w du\u017cym mie\u015bcie. Stypendium otrzymuj\u0105 na ca\u0142y okres nauki w szkole \u015bredniej. Program Stypendialny Horyzonty obj\u0105\u0142 ju\u017c blisko 900 uczni\u00f3w szk\u00f3\u0142 ponadpodstawowych. Rekrutacja trwa od 15 lutego do 31 marca 2022 roku \u2013 wystarczy wype\u0142ni\u0107 formularz na stronie <a href=\"https:\/\/efc.edu.pl\/programy\/horyzonty\">https:\/\/efc.edu.pl\/programy\/horyzonty<\/a><\/p>\n<p>Czym dok\u0142adnie s\u0105 Horyzonty? Kto mo\u017ce ubiega\u0107 si\u0119 o stypendium? Dlaczego dzi\u015b, bardziej ni\u017c kiedykolwiek, m\u0142odzie\u017c potrzebuje wsparcia?<\/p>\n<p>W Horyzontach pracujemy z m\u0142odymi lud\u017ami z aspiracjami. Bez naszego wsparcia trudno by\u0142oby im je realizowa\u0107. Na przyk\u0142ad ze wzgl\u0119du na odleg\u0142o\u015b\u0107 od dobrej szko\u0142y \u015bredniej, czyli tzw. wykluczenie komunikacyjne, czy ograniczenia finansowe rodziny, kt\u00f3re sprawiaj\u0105, \u017ce sami nie mog\u0105 sobie pozwoli\u0107 na wys\u0142anie dziecka do szko\u0142y gdzie\u015b dalej od domu. Dla mnie stypendium Horyzonty to inwestycja spo\u0142eczna.<\/p>\n<p>Aleksandra Saczuk, prezeska Fundacji EFC<\/p>\n<p>&nbsp;<\/p>\n<h3><strong>Co w ramach stypendium?<\/strong><\/h3>\n<p>Stypendy\u015bci i stypendystki Horyzont\u00f3w mog\u0105 liczy\u0107 na pokrycie koszt\u00f3w nauki w liceum lub technikum w jednym z 12 du\u017cych miast w ca\u0142ej Polsce \u2013 w Gda\u0144sku, Warszawie, Krakowie, Wroc\u0142awiu czy Kro\u015bnie. Fundacja pokrywa koszty zwi\u0105zane z mieszkaniem w bursie, wy\u017cywieniem czy nauk\u0105 j\u0119zyk\u00f3w obcych. Finansowe wsparcie dotyczy tak\u017ce pasji i zainteresowa\u0144, kt\u00f3re stypendy\u015bci i stypendystki rozwijaj\u0105 wraz z zespo\u0142em fundacji dzi\u0119ki pracy metod\u0105 tutoringu. Wsp\u00f3lnie sp\u0119dzaj\u0105 letnie wakacje i zimowe ferie, bior\u0105 udzia\u0142 w warsztatach. To fundament oferty stypendialnej.<\/p>\n<p>W Horyzontach przede wszystkim chodzi o kompetencje spo\u0142eczne. Uczestnicy programu buduj\u0105 swoj\u0105 to\u017csamo\u015b\u0107 w zetkni\u0119ciu z r\u00f3\u017cnorodno\u015bci\u0105 \u015bwiata. Ucz\u0105 si\u0119 bycia empatycznymi i\u00a0aktywnymi Polakami i Europejczykami. To r\u00f3wnie\u017c zobowi\u0105zanie ze strony uczestnik\u00f3w i\u00a0uczestniczek programu do dzia\u0142ania na rzecz innych. Mo\u017cliwo\u015bci s\u0105 r\u00f3\u017cne, od wsp\u00f3lnego organizowania projekt\u00f3w spo\u0142ecznych po pomaganie m\u0142odszym kole\u017cankom i kolegom.<\/p>\n<p>&nbsp;<\/p>\n<p>Dla mnie najwi\u0119ksz\u0105 warto\u015bci\u0105 Horyzont\u00f3w jest wsp\u00f3lnota i spo\u0142eczno\u015b\u0107, dzi\u0119ki kt\u00f3rej mo\u017cna poczu\u0107 si\u0119 pewnie \u2013 w dzia\u0142aniach naukowych, ale te\u017c spo\u0142ecznych, artystycznych, sportowych. Codziennie pomagamy sobie w gronie koleg\u00f3w, koordynator\u00f3w czy os\u00f3b, kt\u00f3re spotykamy na wakacjach i feriach.<\/p>\n<p>Igor, stypendysta Horyzont\u00f3w<\/p>\n<p>&nbsp;<\/p>\n<p>Nad stypendystami i stypendystkami czuwa kompetentny zesp\u00f3\u0142, z wiedz\u0105 pedagogiczn\u0105 i\u00a0psychologiczn\u0105, kt\u00f3ry towarzyszy im na co dzie\u0144. Podopieczni Fundacji s\u0105 traktowani powa\u017cnie i po partnersku, maj\u0105 wp\u0142yw na kszta\u0142t oferowanego wsparcia. W trudnych sytuacjach nigdy nie s\u0105 sami, maj\u0105 do dyspozycji profesjonaln\u0105 pomoc psychologiczn\u0105. Stypendy\u015bci ucz\u0105 si\u0119 wsp\u00f3\u0142pracowa\u0107 ze sob\u0105, ale te\u017c wzmacniaj\u0105 swoje poczucie samodzielno\u015bci. Mo\u017cliwo\u015bci jest wiele \u2013 tylko dzi\u0119ki kreatywnemu dzia\u0142aniu i my\u015bleniu, w szkole i poza szkolnymi schematami, m\u0142odzi ludzie odnajd\u0105 si\u0119 w dynamicznie zmieniaj\u0105cym si\u0119 \u015bwiecie.<\/p>\n<p>&nbsp;<\/p>\n<p><strong>O stypendium mog\u0105 ubiega\u0107 si\u0119 \u00f3smoklasi\u015bci z miejscowo\u015bci do 30 000 mieszka\u0144c\u00f3w, kt\u00f3rzy planuj\u0105 nauk\u0119 w jednej ze szk\u00f3\u0142 \u015brednich wsp\u00f3\u0142pracuj\u0105cych z Fundacj\u0105 EFC, a \u015bredni miesi\u0119czny doch\u00f3d w ich rodzinie nie przekracza 1550 z\u0142 netto na osob\u0119.<\/strong> Jak wygl\u0105da proces rekrutacji? Kim s\u0105 koordynatorzy i\u00a0koordynatorki programu? O tym wszystkim mo\u017cna przeczyta\u0107 na <a href=\"http:\/\/www.efc.edu.pl\/programy\/horyzonty\">www.efc.edu.pl\/programy\/horyzonty<\/a> Rekrutacja do Programu Stypendialnego Horyzonty trwa do 31 marca \u2013 to szansa na nowe otwarcie, now\u0105 drog\u0119 dla dzieciak\u00f3w z ca\u0142ej Polski.<\/p>\n<p>&nbsp;<\/p>\n<h3><strong>Kontakt:<\/strong><\/h3>\n<p>Agnieszka Markowska, koordynator programu Horyzonty<\/p>\n<p><a href=\"mailto:amarkowska@efc.edu.pl\">amarkowska@efc.edu.pl<\/a><\/p>\n<p>+48\u00a0696\u00a0650 067<\/p>\n","protected":false},"excerpt":{"rendered":"<p>Zdob\u0105d\u017a stypendium na nauk\u0119 we Wroc\u0142awiu \u2013 rekrutacja jeszcze tylko do 31 marca 2022 r. Do 31 marca uczniowie klas 8 z naszego regionu mog\u0105 ubiega\u0107 si\u0119 o stypendium na nauk\u0119 we Wroc\u0142awiu \u2013 w  [&#8230;]<\/p>\n","protected":false},"author":5,"featured_media":3175,"comment_status":"closed","ping_status":"closed","sticky":false,"template":"","format":"standard","meta":{"_acf_changed":false,"footnotes":""},"categories":[5],"tags":[],"class_list":["post-3174","post","type-post","status-publish","format-standard","has-post-thumbnail","hentry","category-aktualnosci"],"acf":{"kal_data_wydarzenia":""},"_links":{"self":[{"href":"https:\/\/powiatlwowecki.pl\/plci_json_endpoint\/wp\/v2\/posts\/3174","targetHints":{"allow":["GET"]}}],"collection":[{"href":"https:\/\/powiatlwowecki.pl\/plci_json_endpoint\/wp\/v2\/posts"}],"about":[{"href":"https:\/\/powiatlwowecki.pl\/plci_json_endpoint\/wp\/v2\/types\/post"}],"author":[{"embeddable":true,"href":"https:\/\/powiatlwowecki.pl\/plci_json_endpoint\/wp\/v2\/users\/5"}],"replies":[{"embeddable":true,"href":"https:\/\/powiatlwowecki.pl\/plci_json_endpoint\/wp\/v2\/comments?post=3174"}],"version-history":[{"count":0,"href":"https:\/\/powiatlwowecki.pl\/plci_json_endpoint\/wp\/v2\/posts\/3174\/revisions"}],"wp:featuredmedia":[{"embeddable":true,"href":"https:\/\/powiatlwowecki.pl\/plci_json_endpoint\/wp\/v2\/media\/3175"}],"wp:attachment":[{"href":"https:\/\/powiatlwowecki.pl\/plci_json_endpoint\/wp\/v2\/media?parent=3174"}],"wp:term":[{"taxonomy":"category","embeddable":true,"href":"https:\/\/powiatlwowecki.pl\/plci_json_endpoint\/wp\/v2\/categories?post=3174"},{"taxonomy":"post_tag","embeddable":true,"href":"https:\/\/powiatlwowecki.pl\/plci_json_endpoint\/wp\/v2\/tags?post=3174"}],"curies":[{"name":"wp","href":"https:\/\/api.w.org\/{rel}","templated":true}]}}