{"id":3127,"date":"2022-03-07T14:46:55","date_gmt":"2022-03-07T13:46:55","guid":{"rendered":"https:\/\/powiatlwowecki.pl\/?p=3127"},"modified":"2022-03-07T14:48:48","modified_gmt":"2022-03-07T13:48:48","slug":"aktywny-samorzad","status":"publish","type":"post","link":"https:\/\/powiatlwowecki.pl\/aktywny-samorzad\/","title":{"rendered":"Aktywny samorz\u0105d"},"content":{"rendered":"<p><div class=\"fusion-fullwidth fullwidth-box fusion-builder-row-1 nonhundred-percent-fullwidth non-hundred-percent-height-scrolling\" style=\"--awb-border-radius-top-left:0px;--awb-border-radius-top-right:0px;--awb-border-radius-bottom-right:0px;--awb-border-radius-bottom-left:0px;--awb-flex-wrap:wrap;\" ><div class=\"fusion-builder-row fusion-row\"><div class=\"fusion-layout-column fusion_builder_column fusion-builder-column-0 fusion_builder_column_1_1 1_1 fusion-one-full fusion-column-first fusion-column-last\" style=\"--awb-bg-size:cover;--awb-margin-bottom:0px;\"><div class=\"fusion-column-wrapper fusion-flex-column-wrapper-legacy\"><div class=\"fusion-text fusion-text-1\"><p><span style=\"font-size: 14pt;\"><strong>1 marca 2022 ruszy\u0142 nab\u00f3r do programu pilota\u017cowego &#8222;Aktywny samorz\u0105d&#8221;, kt\u00f3ry jest finansowany ze \u015brodk\u00f3w Pa\u0144stwowego Funduszu Rehabilitacji Os\u00f3b Niepe\u0142nosprawnych.<\/strong> <\/span><\/p>\n<p>Celem g\u0142\u00f3wnym programu jest wyeliminowanie lub zmniejszenie barier ograniczaj\u0105cych uczestnictwo beneficjent\u00f3w programu w \u017cyciu spo\u0142ecznym, zawodowym i w dost\u0119pie do edukacji. Dzia\u0142ania maj\u0105 polega\u0107 na:<\/p>\n<ol>\n<li>przygotowaniu beneficjent\u00f3w programu z zaburzeniami ruchu, s\u0142uchu i percepcji wzrokowej do pe\u0142nienia r\u00f3\u017cnych r\u00f3l spo\u0142ecznych poprzez umo\u017cliwienie im w\u0142\u0105czenia si\u0119 do tworz\u0105cego si\u0119 spo\u0142ecze\u0144stwa informacyjnego;<\/li>\n<li>przygotowaniu beneficjent\u00f3w programu do aktywizacji spo\u0142ecznej, zawodowej lub wsparcie w utrzymaniu zatrudnienia poprzez likwidacj\u0119 lub ograniczenie barier w poruszaniu si\u0119 oraz barier transportowych;<\/li>\n<li>umo\u017cliwianiu beneficjentom programu aktywizacji zawodowej poprzez zastosowanie element\u00f3w wspieraj\u0105cych ich zatrudnienie;<\/li>\n<li>poprawie szans beneficjent\u00f3w programu na rywalizacj\u0119 o zatrudnienie na otwartym rynku pracy poprzez podwy\u017cszanie kwalifikacji;<\/li>\n<li>wzro\u015bcie kompetencji os\u00f3b zaanga\u017cowanych w proces rehabilitacji os\u00f3b niepe\u0142nosprawnych, pracownik\u00f3w lub pracuj\u0105cych na rzecz jednostek samorz\u0105du terytorialnego lub organizacji pozarz\u0105dowych.<\/li>\n<\/ol>\n<p><span style=\"font-size: 12pt;\"><strong><u>PROGRAM OBEJMUJE W 2022 ROKU NAST\u0118PUJ\u0104CE OBSZARY WSPARCIA:<\/u><\/strong><\/span><\/p>\n<p><strong>Modu\u0142 I<\/strong> \u2013 likwidacja barier utrudniaj\u0105cych aktywizacj\u0119 spo\u0142eczn\u0105 i zawodow\u0105<\/p>\n<ol>\n<li><strong>obszar A<\/strong> \u2013 likwidacja bariery transportowej<\/li>\n<\/ol>\n<p>zadanie 1 i 4 \u2013 pomoc w zakupie i monta\u017cu oprzyrz\u0105dowania do posiadanego samochodu<\/p>\n<p>zadanie 2 i 3 \u2013 pomoc w uzyskaniu prawa jazdy<\/p>\n<ol start=\"2\">\n<li><strong>obszar B<\/strong> \u2013 likwidacja barier w dost\u0119pie do uczestnictwa w spo\u0142ecze\u0144stwie informacyjnym<\/li>\n<\/ol>\n<p>zadanie 1, 3 i 4 \u2013 pomoc w zakupie sprz\u0119tu elektronicznego lub jego element\u00f3w oraz oprogramowania<\/p>\n<p>zadanie 2 \u2013 dofinansowanie szkole\u0144 w zakresie obs\u0142ugi nabytego w ramach programu sprz\u0119tu elektronicznego i oprogramowania<\/p>\n<p>zadanie 5 \u2013 pomoc w utrzymaniu sprawno\u015bci technicznej posiadanego sprz\u0119tu elektronicznego<\/p>\n<ol start=\"3\">\n<li><strong>obszar C<\/strong> \u2013 likwidacja barier w poruszaniu si\u0119<\/li>\n<\/ol>\n<p>zadanie 1 \u2013 pomoc w zakupie w\u00f3zka inwalidzkiego o nap\u0119dzie elektrycznym<\/p>\n<p>zadanie 2 \u2013 pomoc w utrzymaniu sprawno\u015bci technicznej posiadanego skutera lub w\u00f3zka inwalidzkiego<br \/>\no nap\u0119dzie elektrycznym<\/p>\n<p>zadanie 3 \u2013 pomoc w zakupie protezy ko\u0144czyny, w kt\u00f3rej zastosowano nowoczesne rozwi\u0105zania techniczne, tj. protezy co najmniej na III poziomie jako\u015bci<\/p>\n<p>zadanie 4 \u2013 pomoc w utrzymaniu sprawno\u015bci technicznej posiadanej protezy ko\u0144czyny, w kt\u00f3rej zastosowano nowoczesne rozwi\u0105zania techniczne (co najmniej na III poziomie jako\u015bci)<\/p>\n<p>zadanie 5 \u2013 pomoc w zakupie skutera inwalidzkiego o nap\u0119dzie elektrycznym lub oprzyrz\u0105dowania elektrycznego do w\u00f3zka r\u0119cznego<\/p>\n<ol start=\"4\">\n<li><strong>obszar D<\/strong> \u2013 pomoc w utrzymaniu aktywno\u015bci zawodowej poprzez zapewnienie opieki dla osoby zale\u017cnej, tj. dziecka b\u0119d\u0105cego pod opiek\u0105 wnioskodawcy, przebywaj\u0105cego w \u017c\u0142obku lub przedszkolu lub pod inna tego typu opiek\u0105<\/li>\n<\/ol>\n<p><strong>Modu\u0142 II<\/strong> &#8211;\u00a0 pomoc w uzyskaniu wykszta\u0142cenia na poziomie wy\u017cszym adresowana do os\u00f3b ze znacznym lub umiarkowanym stopniem niepe\u0142nosprawno\u015bci, pobieraj\u0105cych nauk\u0119 w szkole wy\u017cszej, policealnej lub kolegium, a tak\u017ce do os\u00f3b maj\u0105cych przew\u00f3d doktorski otwarty poza studiami doktoranckimi.<\/p>\n<p><span style=\"font-size: 14pt;\"><strong>Terminy sk\u0142adania wniosk\u00f3w:<\/strong><\/span><\/p>\n<p><strong>Modu\u0142 I \u2013 <\/strong>od 1 marca 2022 r. do 31 sierpnia 2022 r.<\/p>\n<p><strong>Modu\u0142 II \u2013 <\/strong><strong>od 1 marca 2022 r. <\/strong>Termin zako\u0144czenia przyjmowania wniosk\u00f3w wypada:<\/p>\n<ul>\n<li>dnia 31 marca 2022 r. (dla wniosk\u00f3w dotycz\u0105cych roku akademickiego 2021\/2022),<\/li>\n<li>dnia 10 pa\u017adziernika 2022 r. (dla wniosk\u00f3w dotycz\u0105cych roku akademickiego 2022\/2023).<strong><br \/>\n<\/strong><\/li>\n<\/ul>\n<p><span style=\"font-size: 14pt;\"><strong>Druki wniosk\u00f3w<\/strong> <\/span>mo\u017cna pobra\u0107 ze strony internetowej Powiatowego Centrum Pomocy Rodzinie w Lw\u00f3wku \u015al\u0105skim <a href=\"http:\/\/www.pcpr.powiatlwowecki.pl\/\">www.pcpr.powiatlwowecki.pl<\/a>, jak r\u00f3wnie\u017c w siedzibie Centrum przy<br \/>\nul. Szpitalnej 4 w Lw\u00f3wku \u015al\u0105skim od poniedzia\u0142ku do pi\u0105tku w godz. 7<sup>30<\/sup>\u201315<sup>30<\/sup>, tel. (75) 782-56-17 wew. 12. Szczeg\u00f3\u0142owe informacje dotycz\u0105ce zasad udzielania pomocy w ramach pilota\u017cowego programu \u201eAktywny samorz\u0105d\u201d dost\u0119pne s\u0105 pod adresem: <a href=\"http:\/\/www.pfron.org.pl\/\">www.pfron.org.pl<\/a>, a tak\u017ce pod adresem: <a href=\"http:\/\/www.pcpr.powiatlwowecki.pl\/\">www.pcpr.powiatlwowecki.pl<\/a>.<\/p>\n<p>Ponadto informujemy, \u017ce PFRON umo\u017cliwi\u0142 wszystkim Wnioskodawcom sk\u0142adanie wniosk\u00f3w o dofinansowanie za po\u015brednictwem internetowego Systemu Obs\u0142ugi Wsparcia.<\/p>\n<p><span style=\"font-size: 14pt;\"><strong>Wnioski on-line<\/strong><\/span> nale\u017cy sk\u0142ada\u0107 za po\u015brednictwem darmowego systemu SOW, kt\u00f3ry znajduje si\u0119 pod adresem: <a href=\"https:\/\/sow.pfron.org.pl\/\">sow.pfron.org.pl. <\/a><\/p>\n<\/div><div class=\"fusion-clearfix\"><\/div><\/div><\/div><\/div><\/div><div class=\"fusion-fullwidth fullwidth-box fusion-builder-row-2 nonhundred-percent-fullwidth non-hundred-percent-height-scrolling\" style=\"--awb-border-radius-top-left:0px;--awb-border-radius-top-right:0px;--awb-border-radius-bottom-right:0px;--awb-border-radius-bottom-left:0px;--awb-flex-wrap:wrap;\" ><div class=\"fusion-builder-row fusion-row\"><div class=\"fusion-layout-column fusion_builder_column fusion-builder-column-1 fusion_builder_column_1_3 1_3 fusion-one-third fusion-column-first\" style=\"--awb-bg-size:cover;width:33.333333333333%;width:calc(33.333333333333% - ( ( 4% + 4% ) * 0.33333333333333 ) );margin-right: 4%;\"><div class=\"fusion-column-wrapper fusion-column-has-shadow fusion-flex-column-wrapper-legacy\"><div class=\"fusion-image-element in-legacy-container\" style=\"--awb-caption-title-font-family:var(--h2_typography-font-family);--awb-caption-title-font-weight:var(--h2_typography-font-weight);--awb-caption-title-font-style:var(--h2_typography-font-style);--awb-caption-title-size:var(--h2_typography-font-size);--awb-caption-title-transform:var(--h2_typography-text-transform);--awb-caption-title-line-height:var(--h2_typography-line-height);--awb-caption-title-letter-spacing:var(--h2_typography-letter-spacing);\"><span class=\" fusion-imageframe imageframe-none imageframe-1 hover-type-none\"><a class=\"fusion-no-lightbox\" href=\"https:\/\/sow.pfron.org.pl\/\" target=\"_self\" aria-label=\"z\u0142\u00f3\u017c wniosek online\"><img decoding=\"async\" width=\"300\" height=\"300\" alt=\"z\u0142\u00f3\u017c wniosek online - system obs\u0142ugi wsparcia sow.pfron.org.pl\" src=\"https:\/\/powiatlwowecki.pl\/wp-content\/uploads\/2022\/03\/zloz-wniosek-online-300x300.png\" class=\"img-responsive wp-image-3129\" srcset=\"https:\/\/powiatlwowecki.pl\/wp-content\/uploads\/2022\/03\/zloz-wniosek-online-200x200.png 200w, https:\/\/powiatlwowecki.pl\/wp-content\/uploads\/2022\/03\/zloz-wniosek-online-400x400.png 400w, https:\/\/powiatlwowecki.pl\/wp-content\/uploads\/2022\/03\/zloz-wniosek-online-600x600.png 600w, https:\/\/powiatlwowecki.pl\/wp-content\/uploads\/2022\/03\/zloz-wniosek-online-800x800.png 800w, https:\/\/powiatlwowecki.pl\/wp-content\/uploads\/2022\/03\/zloz-wniosek-online-1200x1200.png 1200w, https:\/\/powiatlwowecki.pl\/wp-content\/uploads\/2022\/03\/zloz-wniosek-online.png 1500w\" sizes=\"(max-width: 800px) 100vw, 400px\" \/><\/a><\/span><\/div><div class=\"fusion-clearfix\"><\/div><\/div><\/div><div class=\"fusion-layout-column fusion_builder_column fusion-builder-column-2 fusion_builder_column_1_3 1_3 fusion-one-third\" style=\"--awb-bg-size:cover;width:33.333333333333%;width:calc(33.333333333333% - ( ( 4% + 4% ) * 0.33333333333333 ) );margin-right: 4%;\"><div class=\"fusion-column-wrapper fusion-column-has-shadow fusion-flex-column-wrapper-legacy\"><div class=\"fusion-image-element in-legacy-container\" style=\"--awb-caption-title-font-family:var(--h2_typography-font-family);--awb-caption-title-font-weight:var(--h2_typography-font-weight);--awb-caption-title-font-style:var(--h2_typography-font-style);--awb-caption-title-size:var(--h2_typography-font-size);--awb-caption-title-transform:var(--h2_typography-text-transform);--awb-caption-title-line-height:var(--h2_typography-line-height);--awb-caption-title-letter-spacing:var(--h2_typography-letter-spacing);\"><span class=\" fusion-imageframe imageframe-none imageframe-2 hover-type-none\"><a class=\"fusion-no-lightbox\" href=\"https:\/\/www.pfron.org.pl\/aktualnosci\/szczegoly-aktualnosci\/news\/zloz-wniosek-w-programie-aktywny-samorzad-1\/?tx_news_pi1%5Bcontroller%5D=News&amp;tx_news_pi1%5Baction%5D=detail&amp;cHash=9f2c499654b8042c64b51761e09053a5\" target=\"_self\" aria-label=\"PFRON &#8211; logo\"><img decoding=\"async\" width=\"1024\" height=\"720\" src=\"https:\/\/powiatlwowecki.pl\/wp-content\/uploads\/2021\/01\/PFRON-logo-1024x720.png\" alt class=\"img-responsive wp-image-2056\"\/><\/a><\/span><\/div><div class=\"fusion-clearfix\"><\/div><\/div><\/div><div class=\"fusion-layout-column fusion_builder_column fusion-builder-column-3 fusion_builder_column_1_3 1_3 fusion-one-third fusion-column-last\" style=\"--awb-bg-size:cover;width:33.333333333333%;width:calc(33.333333333333% - ( ( 4% + 4% ) * 0.33333333333333 ) );\"><div class=\"fusion-column-wrapper fusion-column-has-shadow fusion-flex-column-wrapper-legacy\"><div class=\"fusion-image-element in-legacy-container\" style=\"--awb-caption-title-font-family:var(--h2_typography-font-family);--awb-caption-title-font-weight:var(--h2_typography-font-weight);--awb-caption-title-font-style:var(--h2_typography-font-style);--awb-caption-title-size:var(--h2_typography-font-size);--awb-caption-title-transform:var(--h2_typography-text-transform);--awb-caption-title-line-height:var(--h2_typography-line-height);--awb-caption-title-letter-spacing:var(--h2_typography-letter-spacing);\"><span class=\" fusion-imageframe imageframe-none imageframe-3 hover-type-none\"><a class=\"fusion-no-lightbox\" href=\"http:\/\/pcpr.powiatlwowecki.pl\/\" target=\"_self\" aria-label=\"pcpr\"><img decoding=\"async\" width=\"216\" height=\"157\" alt=\"logo PCPR\" src=\"https:\/\/powiatlwowecki.pl\/wp-content\/uploads\/2022\/03\/pcpr.gif\" class=\"img-responsive wp-image-3128\"\/><\/a><\/span><\/div><div class=\"fusion-clearfix\"><\/div><\/div><\/div><\/div><\/div><\/p>\n","protected":false},"excerpt":{"rendered":"","protected":false},"author":5,"featured_media":3130,"comment_status":"closed","ping_status":"closed","sticky":false,"template":"","format":"standard","meta":{"_acf_changed":false,"footnotes":""},"categories":[5,98,88,90],"tags":[],"class_list":["post-3127","post","type-post","status-publish","format-standard","has-post-thumbnail","hentry","category-aktualnosci","category-dostepnosc","category-fundusze-zewnetrzne","category-pfron"],"acf":{"kal_data_wydarzenia":""},"_links":{"self":[{"href":"https:\/\/powiatlwowecki.pl\/plci_json_endpoint\/wp\/v2\/posts\/3127","targetHints":{"allow":["GET"]}}],"collection":[{"href":"https:\/\/powiatlwowecki.pl\/plci_json_endpoint\/wp\/v2\/posts"}],"about":[{"href":"https:\/\/powiatlwowecki.pl\/plci_json_endpoint\/wp\/v2\/types\/post"}],"author":[{"embeddable":true,"href":"https:\/\/powiatlwowecki.pl\/plci_json_endpoint\/wp\/v2\/users\/5"}],"replies":[{"embeddable":true,"href":"https:\/\/powiatlwowecki.pl\/plci_json_endpoint\/wp\/v2\/comments?post=3127"}],"version-history":[{"count":0,"href":"https:\/\/powiatlwowecki.pl\/plci_json_endpoint\/wp\/v2\/posts\/3127\/revisions"}],"wp:featuredmedia":[{"embeddable":true,"href":"https:\/\/powiatlwowecki.pl\/plci_json_endpoint\/wp\/v2\/media\/3130"}],"wp:attachment":[{"href":"https:\/\/powiatlwowecki.pl\/plci_json_endpoint\/wp\/v2\/media?parent=3127"}],"wp:term":[{"taxonomy":"category","embeddable":true,"href":"https:\/\/powiatlwowecki.pl\/plci_json_endpoint\/wp\/v2\/categories?post=3127"},{"taxonomy":"post_tag","embeddable":true,"href":"https:\/\/powiatlwowecki.pl\/plci_json_endpoint\/wp\/v2\/tags?post=3127"}],"curies":[{"name":"wp","href":"https:\/\/api.w.org\/{rel}","templated":true}]}}