{"id":3117,"date":"2022-02-28T15:32:29","date_gmt":"2022-02-28T14:32:29","guid":{"rendered":"https:\/\/powiatlwowecki.pl\/?p=3117"},"modified":"2022-03-01T09:58:04","modified_gmt":"2022-03-01T08:58:04","slug":"zbiorka-darow-rzeczowych-dla-uchodzcow-z-ukrainy","status":"publish","type":"post","link":"https:\/\/powiatlwowecki.pl\/zbiorka-darow-rzeczowych-dla-uchodzcow-z-ukrainy\/","title":{"rendered":"Zbi\u00f3rka dar\u00f3w rzeczowych dla miasta partnerskiego Gr\u00f3dek"},"content":{"rendered":"<p>W zwi\u0105zku z ostatnimi wydarzeniami na Ukrainie, solidaryzuj\u0105c si\u0119 z naszymi s\u0105siadami, chcemy wesprze\u0107 ich w tym trudnym czasie.<\/p>\n<p>&nbsp;<\/p>\n<p>Od wtorku, 1 marca 2022 r. Powiat Lw\u00f3wecki prowadzi zbi\u00f3rk\u0119 pomocy rzeczowej dla <strong>miasta partnerskiego Gr\u00f3dek (Horodok)<\/strong> w obwodzie lwowskim.<\/p>\n<p>Rzeczy najbardziej potrzebne:<\/p>\n<p>&#8211; materia\u0142y opatrunkowe, medyczne, apteczki indywidualne,<\/p>\n<p>&#8211; \u015bpiwory, materace, ko\u0142dry termoochronne,<\/p>\n<p>&#8211; agregaty pr\u0105dotw\u00f3rcze, baterie, latarki, akumulatory przeno\u015bne (powerbanki),<\/p>\n<p>&#8211; sprz\u0119t dla stra\u017cak\u00f3w.<\/p>\n<p>&nbsp;<\/p>\n<p>Dary zbieramy do pi\u0105tku by m\u00f3c jak najszybciej dostarczy\u0107 je na Ukrain\u0119.<\/p>\n<p>Je\u017celi mog\u0105 Pa\u0144stwo pom\u00f3c \u2013 prosimy o wsparcie.<\/p>\n<p><strong><span data-wahfont=\"18\">Bardzo dzi\u0119kujemy wszystkim mieszka\u0144com powiatu za solidarno\u015b\u0107, okazan\u0105 i deklarowan\u0105 pomoc.<\/span><\/strong><\/p>\n<p>&nbsp;<\/p>\n<p><strong>Miejsce zbi\u00f3rki: <\/strong><\/p>\n<p><strong>Zesp\u00f3\u0142 Szk\u00f3\u0142 Og\u00f3lnokszta\u0142c\u0105cych i Zawodowych w Lw\u00f3wku \u015al\u0105skim, ul. H. Brodatego 1. <\/strong><\/p>\n<p><strong>\u00a0<\/strong><\/p>\n<p>Telefony kontaktowe bezpo\u015brednie:<\/p>\n<p>od 7.00 &#8211; 15.00\u00a0 \u00a0 \u00a0 \u00a0<strong>536 870 518<\/strong><\/p>\n<p>od 15.00 &#8211; 18.30\u00a0 \u00a0 <strong>\u00a0795 177 011<\/strong><\/p>\n<p>lub sekretariat szko\u0142y : <strong>75 7824349<\/strong><\/p>\n<p>e-mail: <strong><em><a href=\"mailto:zslwowek@gmail.com\">zslwowek@gmail.com<\/a><\/em><\/strong><\/p>\n<p>&nbsp;<\/p>\n<p>Koordynator akcji: Krzysztof Pysz tel. 575\u00a0695 792<\/p>\n<p><img decoding=\"async\" class=\"alignnone size-full wp-image-3119\" src=\"https:\/\/powiatlwowecki.pl\/wp-content\/uploads\/2022\/02\/pomoc-dla-Grodka-1-scaled-e1646058587996.jpeg\" alt=\"\" width=\"1920\" height=\"2560\" srcset=\"https:\/\/powiatlwowecki.pl\/wp-content\/uploads\/2022\/02\/pomoc-dla-Grodka-1-scaled-e1646058587996-18x24.jpeg 18w, https:\/\/powiatlwowecki.pl\/wp-content\/uploads\/2022\/02\/pomoc-dla-Grodka-1-scaled-e1646058587996-27x36.jpeg 27w, https:\/\/powiatlwowecki.pl\/wp-content\/uploads\/2022\/02\/pomoc-dla-Grodka-1-scaled-e1646058587996-36x48.jpeg 36w, https:\/\/powiatlwowecki.pl\/wp-content\/uploads\/2022\/02\/pomoc-dla-Grodka-1-scaled-e1646058587996-200x267.jpeg 200w, https:\/\/powiatlwowecki.pl\/wp-content\/uploads\/2022\/02\/pomoc-dla-Grodka-1-scaled-e1646058587996-225x300.jpeg 225w, https:\/\/powiatlwowecki.pl\/wp-content\/uploads\/2022\/02\/pomoc-dla-Grodka-1-scaled-e1646058587996-400x533.jpeg 400w, https:\/\/powiatlwowecki.pl\/wp-content\/uploads\/2022\/02\/pomoc-dla-Grodka-1-scaled-e1646058587996-600x800.jpeg 600w, https:\/\/powiatlwowecki.pl\/wp-content\/uploads\/2022\/02\/pomoc-dla-Grodka-1-scaled-e1646058587996-768x1024.jpeg 768w, https:\/\/powiatlwowecki.pl\/wp-content\/uploads\/2022\/02\/pomoc-dla-Grodka-1-scaled-e1646058587996-800x1067.jpeg 800w, https:\/\/powiatlwowecki.pl\/wp-content\/uploads\/2022\/02\/pomoc-dla-Grodka-1-scaled-e1646058587996-1152x1536.jpeg 1152w, https:\/\/powiatlwowecki.pl\/wp-content\/uploads\/2022\/02\/pomoc-dla-Grodka-1-scaled-e1646058587996-1200x1600.jpeg 1200w, https:\/\/powiatlwowecki.pl\/wp-content\/uploads\/2022\/02\/pomoc-dla-Grodka-1-scaled-e1646058587996-1536x2048.jpeg 1536w, https:\/\/powiatlwowecki.pl\/wp-content\/uploads\/2022\/02\/pomoc-dla-Grodka-1-scaled-e1646058587996.jpeg 1920w\" sizes=\"(max-width: 1920px) 100vw, 1920px\" \/><\/p>\n","protected":false},"excerpt":{"rendered":"<p>W zwi\u0105zku z ostatnimi wydarzeniami na Ukrainie, solidaryzuj\u0105c si\u0119 z naszymi s\u0105siadami, chcemy wesprze\u0107 ich w tym trudnym czasie. &nbsp; Od wtorku, 1 marca 2022 r. Powiat Lw\u00f3wecki prowadzi zbi\u00f3rk\u0119 pomocy rzeczowej dla miasta partnerskiego  [&#8230;]<\/p>\n","protected":false},"author":4,"featured_media":3119,"comment_status":"closed","ping_status":"closed","sticky":false,"template":"","format":"standard","meta":{"_acf_changed":false,"footnotes":""},"categories":[5],"tags":[],"class_list":["post-3117","post","type-post","status-publish","format-standard","has-post-thumbnail","hentry","category-aktualnosci"],"acf":{"kal_data_wydarzenia":""},"_links":{"self":[{"href":"https:\/\/powiatlwowecki.pl\/plci_json_endpoint\/wp\/v2\/posts\/3117","targetHints":{"allow":["GET"]}}],"collection":[{"href":"https:\/\/powiatlwowecki.pl\/plci_json_endpoint\/wp\/v2\/posts"}],"about":[{"href":"https:\/\/powiatlwowecki.pl\/plci_json_endpoint\/wp\/v2\/types\/post"}],"author":[{"embeddable":true,"href":"https:\/\/powiatlwowecki.pl\/plci_json_endpoint\/wp\/v2\/users\/4"}],"replies":[{"embeddable":true,"href":"https:\/\/powiatlwowecki.pl\/plci_json_endpoint\/wp\/v2\/comments?post=3117"}],"version-history":[{"count":1,"href":"https:\/\/powiatlwowecki.pl\/plci_json_endpoint\/wp\/v2\/posts\/3117\/revisions"}],"predecessor-version":[{"id":3125,"href":"https:\/\/powiatlwowecki.pl\/plci_json_endpoint\/wp\/v2\/posts\/3117\/revisions\/3125"}],"wp:featuredmedia":[{"embeddable":true,"href":"https:\/\/powiatlwowecki.pl\/plci_json_endpoint\/wp\/v2\/media\/3119"}],"wp:attachment":[{"href":"https:\/\/powiatlwowecki.pl\/plci_json_endpoint\/wp\/v2\/media?parent=3117"}],"wp:term":[{"taxonomy":"category","embeddable":true,"href":"https:\/\/powiatlwowecki.pl\/plci_json_endpoint\/wp\/v2\/categories?post=3117"},{"taxonomy":"post_tag","embeddable":true,"href":"https:\/\/powiatlwowecki.pl\/plci_json_endpoint\/wp\/v2\/tags?post=3117"}],"curies":[{"name":"wp","href":"https:\/\/api.w.org\/{rel}","templated":true}]}}