{"id":3112,"date":"2022-02-24T14:40:48","date_gmt":"2022-02-24T13:40:48","guid":{"rendered":"https:\/\/powiatlwowecki.pl\/?p=3112"},"modified":"2022-02-24T14:40:48","modified_gmt":"2022-02-24T13:40:48","slug":"zbiorka-elektrosmieci-w-zespole-szkol-ekonomiczno-technicznych-w-rakowicach-wielkich","status":"publish","type":"post","link":"https:\/\/powiatlwowecki.pl\/zbiorka-elektrosmieci-w-zespole-szkol-ekonomiczno-technicznych-w-rakowicach-wielkich\/","title":{"rendered":"Zbi\u00f3rka Elektro\u015bmieci w Zespole Szk\u00f3\u0142  Ekonomiczno-Technicznych w Rakowicach Wielkich"},"content":{"rendered":"<p><span style=\"font-size: 14pt;\">Do dnia 21.03.2022 w Zespole Szk\u00f3\u0142 Ekonomiczno-Technicznych w Rakowicach Wielkich potrwa zbi\u00f3rka zu\u017cytego sprz\u0119tu w ramach akcji ekologicznej: <strong>&#8221;Wszystkie dzieci zbieraj\u0105 elektro\u015bmieci&#8221;. <\/strong><\/span><\/p>\n<p><span style=\"font-size: 14pt;\">Podczas zbi\u00f3rki mo\u017cna przekaza\u0107 sprz\u0119t:\u00a0 RTV, AGD, komputery, telewizory, pralki, lod\u00f3wki, kuchenki radia, sprz\u0119t na pr\u0105d lub na bateri\u0119, miksery suszarki itp.<\/span><\/p>\n<p><span style=\"font-size: 14pt;\">Elektro\u015bmieci b\u0119d\u0105 gromadzone do ko\u0144ca zbi\u00f3rki na terenie szko\u0142y, <\/span><span style=\"font-size: 14pt;\">a nast\u0119pnie przekazane do utylizacji.<\/span><\/p>\n<p><span style=\"font-size: 14pt;\">Szczeg\u00f3\u0142owe informacje o zbieranych przedmiotach znale\u017a\u0107 mo\u017cna na stronie szkolnej: <a href=\"http:\/\/www.zsetrakowice.pl\">zsetrakowice.pl<\/a>, lub sekretariacie szkolnym.<\/span><\/p>\n<p>&nbsp;<\/p>\n","protected":false},"excerpt":{"rendered":"<p>Do dnia 21.03.2022 w Zespole Szk\u00f3\u0142 Ekonomiczno-Technicznych w Rakowicach Wielkich potrwa zbi\u00f3rka zu\u017cytego sprz\u0119tu w ramach akcji ekologicznej: &#8221;Wszystkie dzieci zbieraj\u0105 elektro\u015bmieci&#8221;. Podczas zbi\u00f3rki mo\u017cna przekaza\u0107 sprz\u0119t:\u00a0 RTV, AGD, komputery, telewizory, pralki, lod\u00f3wki, kuchenki radia,  [&#8230;]<\/p>\n","protected":false},"author":4,"featured_media":3114,"comment_status":"closed","ping_status":"closed","sticky":false,"template":"","format":"standard","meta":{"_acf_changed":false,"footnotes":""},"categories":[5],"tags":[],"class_list":["post-3112","post","type-post","status-publish","format-standard","has-post-thumbnail","hentry","category-aktualnosci"],"acf":{"kal_data_wydarzenia":""},"_links":{"self":[{"href":"https:\/\/powiatlwowecki.pl\/plci_json_endpoint\/wp\/v2\/posts\/3112","targetHints":{"allow":["GET"]}}],"collection":[{"href":"https:\/\/powiatlwowecki.pl\/plci_json_endpoint\/wp\/v2\/posts"}],"about":[{"href":"https:\/\/powiatlwowecki.pl\/plci_json_endpoint\/wp\/v2\/types\/post"}],"author":[{"embeddable":true,"href":"https:\/\/powiatlwowecki.pl\/plci_json_endpoint\/wp\/v2\/users\/4"}],"replies":[{"embeddable":true,"href":"https:\/\/powiatlwowecki.pl\/plci_json_endpoint\/wp\/v2\/comments?post=3112"}],"version-history":[{"count":0,"href":"https:\/\/powiatlwowecki.pl\/plci_json_endpoint\/wp\/v2\/posts\/3112\/revisions"}],"wp:featuredmedia":[{"embeddable":true,"href":"https:\/\/powiatlwowecki.pl\/plci_json_endpoint\/wp\/v2\/media\/3114"}],"wp:attachment":[{"href":"https:\/\/powiatlwowecki.pl\/plci_json_endpoint\/wp\/v2\/media?parent=3112"}],"wp:term":[{"taxonomy":"category","embeddable":true,"href":"https:\/\/powiatlwowecki.pl\/plci_json_endpoint\/wp\/v2\/categories?post=3112"},{"taxonomy":"post_tag","embeddable":true,"href":"https:\/\/powiatlwowecki.pl\/plci_json_endpoint\/wp\/v2\/tags?post=3112"}],"curies":[{"name":"wp","href":"https:\/\/api.w.org\/{rel}","templated":true}]}}