{"id":3049,"date":"2022-01-24T15:50:28","date_gmt":"2022-01-24T14:50:28","guid":{"rendered":"https:\/\/powiatlwowecki.pl\/?p=3049"},"modified":"2022-01-26T07:46:42","modified_gmt":"2022-01-26T06:46:42","slug":"nieodplatna-pomoc-prawna-w-trybie-zdalnym","status":"publish","type":"post","link":"https:\/\/powiatlwowecki.pl\/nieodplatna-pomoc-prawna-w-trybie-zdalnym\/","title":{"rendered":"Nieodp\u0142atna pomoc prawna w trybie zdalnym"},"content":{"rendered":"<p>Szanowni Pa\u0144stwo,<\/p>\n<p>Z uwagi na post\u0119puj\u0105c\u0105 sytuacj\u0119 epidemiczn\u0105 w kraju, Starosta Lw\u00f3wecki informuje, i\u017c od dnia 25 stycznia 2022 r. do odwo\u0142ania udzielanie nieodp\u0142atnej pomocy prawnej, nieodp\u0142atnego poradnictwa obywatelskiego w Powiecie Lw\u00f3weckim b\u0119dzie odbywa\u0142o si\u0119 za po\u015brednictwem \u015brodk\u00f3w porozumiewania si\u0119 na odleg\u0142o\u015b\u0107 oraz poza lokalem punktu.<\/p>\n<p><!--more--><\/p>\n<p>Poni\u017cej zamieszczony zostaje wykaz dy\u017cur\u00f3w wraz z numerami kontaktowymi adwokat\u00f3w i radc\u00f3w prawnych, pod kt\u00f3rymi b\u0119d\u0105 mogli Pa\u0144stwo uzyska\u0107 porad\u0119:<\/p>\n<p>&nbsp;<\/p>\n<p><strong>PONIEDZIA\u0141EK:<br \/>\n<\/strong><\/p>\n<p>godz.9.00 &#8211; 13.00: <strong>606 946 893<\/strong><\/p>\n<p>godz. 14.00 &#8211; 18.00: <strong>798 537 852<\/strong><\/p>\n<p>&nbsp;<\/p>\n<p><strong>WTOREK:<\/strong><\/p>\n<p>godz. 9.00 &#8211; 13.00: <strong>783 870 908<\/strong><\/p>\n<p>godz. 14.00 &#8211; 18.00: <strong>539 946 882<\/strong><\/p>\n<p>&nbsp;<\/p>\n<p><strong>\u015aRODA:<\/strong><\/p>\n<p>godz.12.00 &#8211; 16.00: <strong>508 492 100<\/strong><\/p>\n<p>godz. 14.00 &#8211; 18.00: <strong>539 946 882<\/strong><\/p>\n<p>&nbsp;<\/p>\n<p><strong>CZWARTEK:<\/strong><\/p>\n<p>godz. 9.00 &#8211; 13.00: <strong>796 840 518<\/strong><\/p>\n<p>godz. 14.00 &#8211; 18.00: <strong>539 946 882 [pierwsze czwartki miesi\u0119cy: 609 850 917]<br \/>\n<\/strong><\/p>\n<p>&nbsp;<\/p>\n<p><strong>PI\u0104TEK:<\/strong><\/p>\n<p>godz. 8.00 &#8211; 12.00: <strong>798 537 852<\/strong><\/p>\n<p>godz. 12.00 &#8211; 16.00: <strong>602 689 981<\/strong><\/p>\n","protected":false},"excerpt":{"rendered":"<p>Szanowni Pa\u0144stwo, Z uwagi na post\u0119puj\u0105c\u0105 sytuacj\u0119 epidemiczn\u0105 w kraju, Starosta Lw\u00f3wecki informuje, i\u017c od dnia 25 stycznia 2022 r. do odwo\u0142ania udzielanie nieodp\u0142atnej pomocy prawnej, nieodp\u0142atnego poradnictwa obywatelskiego w Powiecie Lw\u00f3weckim b\u0119dzie odbywa\u0142o si\u0119  [&#8230;]<\/p>\n","protected":false},"author":6,"featured_media":2377,"comment_status":"closed","ping_status":"closed","sticky":false,"template":"","format":"standard","meta":{"_acf_changed":false,"footnotes":""},"categories":[5],"tags":[],"class_list":["post-3049","post","type-post","status-publish","format-standard","has-post-thumbnail","hentry","category-aktualnosci"],"acf":{"kal_data_wydarzenia":""},"_links":{"self":[{"href":"https:\/\/powiatlwowecki.pl\/plci_json_endpoint\/wp\/v2\/posts\/3049","targetHints":{"allow":["GET"]}}],"collection":[{"href":"https:\/\/powiatlwowecki.pl\/plci_json_endpoint\/wp\/v2\/posts"}],"about":[{"href":"https:\/\/powiatlwowecki.pl\/plci_json_endpoint\/wp\/v2\/types\/post"}],"author":[{"embeddable":true,"href":"https:\/\/powiatlwowecki.pl\/plci_json_endpoint\/wp\/v2\/users\/6"}],"replies":[{"embeddable":true,"href":"https:\/\/powiatlwowecki.pl\/plci_json_endpoint\/wp\/v2\/comments?post=3049"}],"version-history":[{"count":0,"href":"https:\/\/powiatlwowecki.pl\/plci_json_endpoint\/wp\/v2\/posts\/3049\/revisions"}],"wp:featuredmedia":[{"embeddable":true,"href":"https:\/\/powiatlwowecki.pl\/plci_json_endpoint\/wp\/v2\/media\/2377"}],"wp:attachment":[{"href":"https:\/\/powiatlwowecki.pl\/plci_json_endpoint\/wp\/v2\/media?parent=3049"}],"wp:term":[{"taxonomy":"category","embeddable":true,"href":"https:\/\/powiatlwowecki.pl\/plci_json_endpoint\/wp\/v2\/categories?post=3049"},{"taxonomy":"post_tag","embeddable":true,"href":"https:\/\/powiatlwowecki.pl\/plci_json_endpoint\/wp\/v2\/tags?post=3049"}],"curies":[{"name":"wp","href":"https:\/\/api.w.org\/{rel}","templated":true}]}}