{"id":3045,"date":"2022-01-21T14:20:24","date_gmt":"2022-01-21T13:20:24","guid":{"rendered":"https:\/\/powiatlwowecki.pl\/?p=3045"},"modified":"2022-02-10T08:05:58","modified_gmt":"2022-02-10T07:05:58","slug":"wydzial-komunikacji-rejestracja-tylko-przez-telefon","status":"publish","type":"post","link":"https:\/\/powiatlwowecki.pl\/wydzial-komunikacji-rejestracja-tylko-przez-telefon\/","title":{"rendered":"Wydzia\u0142 komunikacji &#8211; rejestracja tylko przez telefon"},"content":{"rendered":"<div class=\"post-content\">\n<p data-wahfont=\"16\"><span style=\"font-size: 14pt;\" data-wahfont=\"24\">W zwi\u0105zku z panuj\u0105c\u0105 sytuacj\u0105 epidemiczn\u0105 informujemy, \u017ce od dnia 24.01.2022 r. Wydzia\u0142 Komunikacji i Dr\u00f3g Powiatowych b\u0119dzie przyjmowa\u0142 interesant\u00f3w tylko po uprzednim telefonicznym um\u00f3wieniu wizyty.<\/span><\/p>\n<ul>\n<li><span style=\"font-size: 14pt;\" data-wahfont=\"24\">Rejestracja pojazd\u00f3w \u2013 75\/ 782 28 95<\/span><\/li>\n<li><span style=\"font-size: 14pt;\" data-wahfont=\"24\">Prawa jazdy \u2013 75\/782 28 25<\/span><\/li>\n<\/ul>\n<p data-wahfont=\"16\"><span style=\"font-size: 14pt;\" data-wahfont=\"24\"><strong>Do odwo\u0142an<\/strong><strong>ia wy\u0142<\/strong><strong>\u0105czony zosta\u0142 system kolejkowy.<\/strong><\/span><\/p>\n<section id=\"content\">\n<div id=\"post-3043\" class=\"post-3043 page type-page status-publish hentry\">\n<div class=\"post-content\">\n<p data-wahfont=\"16\"><span style=\"color: #800000;\" data-wahfont=\"16\"><strong>Wizyty, kt\u00f3re wcze\u015bniej zosta\u0142y um\u00f3wione przez internet pozostaj\u0105 aktualne.<\/strong><\/span><\/p>\n<\/div>\n<\/div>\n<\/section>\n<\/div>\n","protected":false},"excerpt":{"rendered":"<p>W zwi\u0105zku z panuj\u0105c\u0105 sytuacj\u0105 epidemiczn\u0105 informujemy, \u017ce od dnia 24.01.2022 r. Wydzia\u0142 Komunikacji i Dr\u00f3g Powiatowych b\u0119dzie przyjmowa\u0142 interesant\u00f3w tylko po uprzednim telefonicznym um\u00f3wieniu wizyty. Rejestracja pojazd\u00f3w \u2013 75\/ 782 28 95 Prawa jazdy  [&#8230;]<\/p>\n","protected":false},"author":4,"featured_media":3047,"comment_status":"closed","ping_status":"closed","sticky":false,"template":"","format":"standard","meta":{"_acf_changed":false,"footnotes":""},"categories":[87],"tags":[],"class_list":["post-3045","post","type-post","status-publish","format-standard","has-post-thumbnail","hentry","category-covid-19"],"acf":{"kal_data_wydarzenia":""},"_links":{"self":[{"href":"https:\/\/powiatlwowecki.pl\/plci_json_endpoint\/wp\/v2\/posts\/3045","targetHints":{"allow":["GET"]}}],"collection":[{"href":"https:\/\/powiatlwowecki.pl\/plci_json_endpoint\/wp\/v2\/posts"}],"about":[{"href":"https:\/\/powiatlwowecki.pl\/plci_json_endpoint\/wp\/v2\/types\/post"}],"author":[{"embeddable":true,"href":"https:\/\/powiatlwowecki.pl\/plci_json_endpoint\/wp\/v2\/users\/4"}],"replies":[{"embeddable":true,"href":"https:\/\/powiatlwowecki.pl\/plci_json_endpoint\/wp\/v2\/comments?post=3045"}],"version-history":[{"count":0,"href":"https:\/\/powiatlwowecki.pl\/plci_json_endpoint\/wp\/v2\/posts\/3045\/revisions"}],"wp:featuredmedia":[{"embeddable":true,"href":"https:\/\/powiatlwowecki.pl\/plci_json_endpoint\/wp\/v2\/media\/3047"}],"wp:attachment":[{"href":"https:\/\/powiatlwowecki.pl\/plci_json_endpoint\/wp\/v2\/media?parent=3045"}],"wp:term":[{"taxonomy":"category","embeddable":true,"href":"https:\/\/powiatlwowecki.pl\/plci_json_endpoint\/wp\/v2\/categories?post=3045"},{"taxonomy":"post_tag","embeddable":true,"href":"https:\/\/powiatlwowecki.pl\/plci_json_endpoint\/wp\/v2\/tags?post=3045"}],"curies":[{"name":"wp","href":"https:\/\/api.w.org\/{rel}","templated":true}]}}