{"id":3008,"date":"2021-12-30T08:26:39","date_gmt":"2021-12-30T07:26:39","guid":{"rendered":"https:\/\/powiatlwowecki.pl\/?p=3008"},"modified":"2021-12-30T08:26:39","modified_gmt":"2021-12-30T07:26:39","slug":"plan-pracy-rady-powiatu-lwoweckiego-na-2022-rok","status":"publish","type":"post","link":"https:\/\/powiatlwowecki.pl\/plan-pracy-rady-powiatu-lwoweckiego-na-2022-rok\/","title":{"rendered":"Plan pracy Rady Powiatu Lw\u00f3weckiego na 2022 rok"},"content":{"rendered":"<p><strong>PLAN PRACY RADY POWIATU NA 2022 rok<\/strong><\/p>\n<table style=\"height: 733px;\" width=\"1412\">\n<thead>\n<tr>\n<th style=\"text-align: center;\" align=\"left\">Termin<\/th>\n<th align=\"left\">Temat sesji<\/th>\n<\/tr>\n<\/thead>\n<tbody>\n<tr>\n<td align=\"left\">Stycze\u0144<\/td>\n<td align=\"left\">&#8211;<\/td>\n<\/tr>\n<tr>\n<td align=\"left\">Luty<\/td>\n<td align=\"left\">\n<ul>\n<li>Inwestycje i remonty dr\u00f3g; bie\u017c\u0105ca realizacja oraz propozycje na 2022-2023 rok.<\/li>\n<\/ul>\n<\/td>\n<\/tr>\n<tr>\n<td align=\"left\">Marzec<\/td>\n<td align=\"left\">\n<ul>\n<li>Gospodarka le\u015bna w Nadle\u015bnictwach z terenu Powiatu Lw\u00f3weckiego; plan funkcjonowania i wsp\u00f3\u0142pracy z Powiatem Lw\u00f3weckim na lata 2022-2023.<\/li>\n<\/ul>\n<\/td>\n<\/tr>\n<tr>\n<td align=\"left\">Kwiecie\u0144<\/td>\n<td align=\"left\">\n<ul>\n<li>Dzia\u0142alno\u015b\u0107 Domu Pomocy Spo\u0142ecznej w Mirsku i Nielestnie.<\/li>\n<\/ul>\n<\/td>\n<\/tr>\n<tr>\n<td align=\"left\">Maj<\/td>\n<td align=\"left\">\n<ul>\n<li>Bezpiecze\u0144stwo w Powiecie Lw\u00f3weckim.(KPP, KPPSP,PINB)<\/li>\n<\/ul>\n<\/td>\n<\/tr>\n<tr>\n<td align=\"left\">Czerwiec<\/td>\n<td align=\"left\">\n<ul>\n<li>Rozpatrzenie raportu o stanie Powiatu Lw\u00f3weckiego.<\/li>\n<li>Zatwierdzenie sprawozdania z wykonania bud\u017cetu Powiatu Lw\u00f3weckiego oraz sprawozda\u0144 finansowych za rok 2021.<\/li>\n<\/ul>\n<\/td>\n<\/tr>\n<tr>\n<td align=\"left\">Lipiec<\/td>\n<td align=\"left\">&#8211;<\/td>\n<\/tr>\n<tr>\n<td align=\"left\">Sierpie\u0144<\/td>\n<td align=\"left\">&#8211;<\/td>\n<\/tr>\n<tr>\n<td align=\"left\">Wrzesie\u0144<\/td>\n<td align=\"left\">\n<ul>\n<li>Funkcjonowanie Powiatowego Centrum Zdrowia Sp. z o.o. w Lw\u00f3wku \u015al\u0105skim<\/li>\n<\/ul>\n<\/td>\n<\/tr>\n<tr>\n<td align=\"left\">Pa\u017adziernik<\/td>\n<td align=\"left\">\n<ul>\n<li>Funkcjonowanie o\u015bwiaty w Powiecie Lw\u00f3weckim<\/li>\n<\/ul>\n<\/td>\n<\/tr>\n<tr>\n<td align=\"left\">Listopad<\/td>\n<td align=\"left\">\n<ul>\n<li>Analiza dzia\u0142a\u0144 zwi\u0105zanych z Programem Ochrony \u015arodowiska na lata 2018-2021 z perspektyw\u0105 do roku 2025 oraz innych dzia\u0142a\u0144 zwi\u0105zanych z ochron\u0105 \u015brodowiska.<\/li>\n<\/ul>\n<\/td>\n<\/tr>\n<tr>\n<td align=\"left\">Grudzie\u0144<\/td>\n<td align=\"left\">\n<ul>\n<li>Uchwalenie bud\u017cetu Powiatu Lw\u00f3weckiego na rok 2023.<\/li>\n<li>Ustalenie planu pracy\u00a0 Rady Powiatu Lw\u00f3weckiego na rok 2023.<\/li>\n<\/ul>\n<\/td>\n<\/tr>\n<\/tbody>\n<\/table>\n<p style=\"text-align: center;\">\n","protected":false},"excerpt":{"rendered":"<p>PLAN PRACY RADY POWIATU NA 2022 rok Termin Temat sesji Stycze\u0144 &#8211; Luty Inwestycje i remonty dr\u00f3g; bie\u017c\u0105ca realizacja oraz propozycje na 2022-2023 rok. Marzec Gospodarka le\u015bna w Nadle\u015bnictwach z terenu Powiatu Lw\u00f3weckiego; plan funkcjonowania  [&#8230;]<\/p>\n","protected":false},"author":4,"featured_media":3009,"comment_status":"closed","ping_status":"closed","sticky":false,"template":"","format":"standard","meta":{"_acf_changed":false,"footnotes":""},"categories":[5],"tags":[],"class_list":["post-3008","post","type-post","status-publish","format-standard","has-post-thumbnail","hentry","category-aktualnosci"],"acf":{"kal_data_wydarzenia":""},"_links":{"self":[{"href":"https:\/\/powiatlwowecki.pl\/plci_json_endpoint\/wp\/v2\/posts\/3008","targetHints":{"allow":["GET"]}}],"collection":[{"href":"https:\/\/powiatlwowecki.pl\/plci_json_endpoint\/wp\/v2\/posts"}],"about":[{"href":"https:\/\/powiatlwowecki.pl\/plci_json_endpoint\/wp\/v2\/types\/post"}],"author":[{"embeddable":true,"href":"https:\/\/powiatlwowecki.pl\/plci_json_endpoint\/wp\/v2\/users\/4"}],"replies":[{"embeddable":true,"href":"https:\/\/powiatlwowecki.pl\/plci_json_endpoint\/wp\/v2\/comments?post=3008"}],"version-history":[{"count":0,"href":"https:\/\/powiatlwowecki.pl\/plci_json_endpoint\/wp\/v2\/posts\/3008\/revisions"}],"wp:featuredmedia":[{"embeddable":true,"href":"https:\/\/powiatlwowecki.pl\/plci_json_endpoint\/wp\/v2\/media\/3009"}],"wp:attachment":[{"href":"https:\/\/powiatlwowecki.pl\/plci_json_endpoint\/wp\/v2\/media?parent=3008"}],"wp:term":[{"taxonomy":"category","embeddable":true,"href":"https:\/\/powiatlwowecki.pl\/plci_json_endpoint\/wp\/v2\/categories?post=3008"},{"taxonomy":"post_tag","embeddable":true,"href":"https:\/\/powiatlwowecki.pl\/plci_json_endpoint\/wp\/v2\/tags?post=3008"}],"curies":[{"name":"wp","href":"https:\/\/api.w.org\/{rel}","templated":true}]}}