{"id":2902,"date":"2021-12-08T09:11:35","date_gmt":"2021-12-08T08:11:35","guid":{"rendered":"https:\/\/powiatlwowecki.pl\/?p=2902"},"modified":"2024-06-27T13:42:43","modified_gmt":"2024-06-27T11:42:43","slug":"strategia-rozwoju-powiatu-lwoweckiego-na-lata-2021-2027","status":"publish","type":"post","link":"https:\/\/powiatlwowecki.pl\/strategia-rozwoju-powiatu-lwoweckiego-na-lata-2021-2027\/","title":{"rendered":"Strategia Rozwoju Powiatu Lw\u00f3weckiego na lata 2021-2027"},"content":{"rendered":"<p><div class=\"fusion-fullwidth fullwidth-box fusion-builder-row-1 nonhundred-percent-fullwidth non-hundred-percent-height-scrolling\" style=\"--awb-border-radius-top-left:0px;--awb-border-radius-top-right:0px;--awb-border-radius-bottom-right:0px;--awb-border-radius-bottom-left:0px;--awb-flex-wrap:wrap;\" ><div class=\"fusion-builder-row fusion-row\"><div class=\"fusion-layout-column fusion_builder_column fusion-builder-column-0 fusion_builder_column_1_1 1_1 fusion-one-full fusion-column-first fusion-column-last\" style=\"--awb-bg-size:cover;--awb-margin-bottom:0px;\"><div class=\"fusion-column-wrapper fusion-flex-column-wrapper-legacy\"><div class=\"fusion-title title fusion-title-1 fusion-title-center fusion-title-text fusion-title-size-three\"><div class=\"title-sep-container title-sep-container-left\"><div class=\"title-sep sep-double sep-solid\" style=\"border-color:#e2e2e2;\"><\/div><\/div><span class=\"awb-title-spacer\"><\/span><h3 class=\"fusion-title-heading title-heading-center\" style=\"margin:0;\"><p style=\"text-align: center;\"><span style=\"font-size: 24pt;\">Og\u0142oszenie w sprawie przeprowadzenia konsultacji spo\u0142ecznych \u201eStrategii Rozwoju Powiatu Lw\u00f3weckiego na lata 2021-2027\u201d<\/span><\/p><\/h3><span class=\"awb-title-spacer\"><\/span><div class=\"title-sep-container title-sep-container-right\"><div class=\"title-sep sep-double sep-solid\" style=\"border-color:#e2e2e2;\"><\/div><\/div><\/div><div class=\"fusion-sep-clear\"><\/div><div class=\"fusion-separator fusion-full-width-sep\" style=\"margin-left: auto;margin-right: auto;width:100%;\"><div class=\"fusion-separator-border sep-double\" style=\"--awb-height:20px;--awb-amount:20px;--awb-sep-color:#ffffff;border-color:#ffffff;border-top-width:14px;border-bottom-width:14px;\"><\/div><\/div><div class=\"fusion-sep-clear\"><\/div><div class=\"fusion-clearfix\"><\/div><\/div><\/div><\/div><\/div><div class=\"fusion-fullwidth fullwidth-box fusion-builder-row-2 nonhundred-percent-fullwidth non-hundred-percent-height-scrolling\" style=\"--awb-border-radius-top-left:0px;--awb-border-radius-top-right:0px;--awb-border-radius-bottom-right:0px;--awb-border-radius-bottom-left:0px;--awb-flex-wrap:wrap;\" ><div class=\"fusion-builder-row fusion-row\"><div class=\"fusion-layout-column fusion_builder_column fusion-builder-column-1 fusion_builder_column_2_3 2_3 fusion-two-third fusion-column-first\" style=\"--awb-bg-size:cover;width:66.666666666667%;width:calc(66.666666666667% - ( ( 4% ) * 0.66666666666667 ) );margin-right: 4%;\"><div class=\"fusion-column-wrapper fusion-column-has-shadow fusion-flex-column-wrapper-legacy\"><div class=\"fusion-text fusion-text-1\"><p>Cel konsultacji: uzyskanie opinii na temat projektu \u201eStrategii Rozwoju Powiatu Lw\u00f3weckiego na lata 2021-2027\u201d.<\/p>\n<p><strong>Termin konsultacji: od dnia 8.12.2021 r. do dnia 20.12.2021 r. w\u0142\u0105cznie.<\/strong><\/p>\n<p>Forma konsultacji: konsultacje w formie pisemnej prowadzone poprzez sk\u0142adanie wype\u0142nionych formularzy konsultacyjnych stanowi\u0105cych za\u0142\u0105cznik do niniejszego og\u0142oszenia. Uzupe\u0142nione formularze konsultacyjne nale\u017cy sk\u0142ada\u0107 w jednej z nast\u0119puj\u0105cych form:<\/p>\n<ul>\n<li>elektronicznej: na adres poczty elektronicznej <strong>promocja@powiatlwowecki.pl,<\/strong><\/li>\n<li>papierowej: na formularzu konsultacyjnym sk\u0142adanym do wyznaczonej skrzynki w Starostwie Powiatowym w Lw\u00f3wku \u015al\u0105skim &#8211; ul. Szpitalna 4, 59-600 Lw\u00f3wek \u015al\u0105ski, pok\u00f3j nr 217 lub poczt\u0105 na adres <strong>Starostwo Powiatowe w Lw\u00f3wku \u015al\u0105skim ul. Szpitalna 4, 59-600 Lw\u00f3wek \u015al\u0105ski<\/strong>.<\/li>\n<\/ul>\n<p>Spotkania dla os\u00f3b zainteresowanych tematyk\u0105 \u201eStrategii Rozwoju Powiatu Lw\u00f3weckiego na lata 2021-2027\u201d odb\u0119d\u0105 si\u0119 on-line w dniach <strong>8 i 20 grudnia 2021 roku o godzinie 10:00 <\/strong>w og\u00f3lnodost\u0119pnym serwisie internetowym.<\/p>\n<p>Link do konsultacji: <strong><span style=\"color: #800000;\"><a style=\"color: #800000;\" href=\"https:\/\/zoom.us\/j\/94391916993?pwd=SlRzZ1h1SDZab1B3Z2FvQXFjQThuZz09\">https:\/\/zoom.us\/j\/94391916993?pwd=SlRzZ1h1SDZab1B3Z2FvQXFjQThuZz09<\/a> <\/span><\/strong><\/p>\n<p>Zasi\u0119g terytorialny przeprowadzonych konsultacji: formularze mog\u0105 sk\u0142ada\u0107 wszyscy mieszka\u0144cy Powiatu Lw\u00f3weckiego, lokalni partnerzy spo\u0142eczni i gospodarczy, gminy, s\u0105siednie powiaty i ich zwi\u0105zki.<\/p>\n<p>Za wa\u017cne uznaje si\u0119 jedynie stanowiska przes\u0142ane na formularzu zg\u0142aszania uwag do projektu \u201eStrategii Rozwoju Powiatu Lw\u00f3weckiego na lata 2021-2027\u201d i opatrzone podpisem.<\/p>\n<p>Wyniki konsultacji spo\u0142ecznych zamieszczone zostan\u0105 w Biuletynie Informacji Publicznej oraz na stronie internetowej Starostwa Powiatowego w Lw\u00f3wku \u015al\u0105skim.<\/p>\n<p><strong>Konsultacje uznaje si\u0119 za wa\u017cne bez wzgl\u0119du na liczb\u0119 bior\u0105cych w nich udzia\u0142, je\u017celi zosta\u0142y przeprowadzone w spos\u00f3b przedstawiony w niniejszym og\u0142oszeniu<\/strong><\/p>\n<\/div><div class=\"fusion-clearfix\"><\/div><\/div><\/div><div class=\"fusion-layout-column fusion_builder_column fusion-builder-column-2 fusion_builder_column_1_3 1_3 fusion-one-third fusion-column-last\" style=\"--awb-bg-size:cover;width:33.333333333333%;width:calc(33.333333333333% - ( ( 4% ) * 0.33333333333333 ) );\"><div class=\"fusion-column-wrapper fusion-column-has-shadow fusion-flex-column-wrapper-legacy\"><div class=\"fusion-content-boxes content-boxes columns row fusion-columns-1 fusion-columns-total-2 fusion-content-boxes-1 content-boxes-icon-with-title content-left\" style=\"--awb-hover-accent-color:#f44336;--awb-circle-hover-accent-color:#f44336;--awb-item-margin-bottom:40px;\" data-animationOffset=\"top-into-view\"><div style=\"--awb-backgroundcolor:#ffeb3b;\" class=\"fusion-column content-box-column content-box-column content-box-column-1 col-lg-12 col-md-12 col-sm-12 fusion-content-box-hover content-box-column-last-in-row\"><div class=\"col content-box-wrapper content-wrapper-background link-area-link-icon link-type-text content-icon-wrapper-yes icon-hover-animation-slide\" data-animationOffset=\"top-into-view\"><div class=\"heading heading-with-icon icon-left\"><a class=\"heading-link\" style=\"float:left;\" href=\"https:\/\/powiatlwowecki.pl\/wp-content\/uploads\/2021\/12\/26.11-poprawiony-.Projekt-Strategii-Rozwoju-Powiatu-Lwoweckiego.docx\" target=\"_self\"><div class=\"icon\"><span style=\"height:42px;width:42px;line-height:22px;border-color:rgba(255,255,255,0);border-width:1px;border-style:solid;background-color:#212934;box-sizing:content-box;border-radius:50%;\"><i style=\"border-color:#212934;border-width:1px;background-color:#212934;box-sizing:content-box;height:40px;width:40px;line-height:40px;border-radius:50%;position:relative;top:auto;left:auto;margin:0;border-radius:50%;font-size:20px;\" aria-hidden=\"true\" class=\"fontawesome-icon fa-book-open fas circle-yes\"><\/i><\/span><\/div><h2 class=\"content-box-heading\" style=\"--h2_typography-font-size:24px;line-height:29px;\">Strategia Rozwoju Powiatu Lw\u00f3weckiego na lata 2021-2027<\/h2><\/a><\/div><div class=\"fusion-clearfix\"><\/div><div class=\"content-container\">\n<p>Pobierz<\/p>\n<\/div><\/div><\/div><div style=\"--awb-backgroundcolor:#ffc107;\" class=\"fusion-column content-box-column content-box-column content-box-column-2 col-lg-12 col-md-12 col-sm-12 fusion-content-box-hover content-box-column-last content-box-column-last-in-row\"><div class=\"col content-box-wrapper content-wrapper-background link-area-link-icon link-type-text content-icon-wrapper-yes icon-hover-animation-slide\" data-animationOffset=\"top-into-view\"><div class=\"heading heading-with-icon icon-left\"><a class=\"heading-link\" style=\"float:left;\" href=\"https:\/\/powiatlwowecki.pl\/wp-content\/uploads\/2021\/12\/formularz-zglaszania-uwag.docx\" target=\"_self\"><div class=\"icon\"><span style=\"height:42px;width:42px;line-height:22px;border-color:rgba(255,255,255,0);border-width:1px;border-style:solid;background-color:#212934;box-sizing:content-box;border-radius:50%;\"><i style=\"border-color:#212934;border-width:1px;background-color:#212934;box-sizing:content-box;height:40px;width:40px;line-height:40px;border-radius:50%;position:relative;top:auto;left:auto;margin:0;border-radius:50%;font-size:20px;\" aria-hidden=\"true\" class=\"fontawesome-icon fa-calendar-check fas circle-yes\"><\/i><\/span><\/div><h2 class=\"content-box-heading\" style=\"--h2_typography-font-size:24px;line-height:29px;\">Formularz zg\u0142aszania uwag<\/h2><\/a><\/div><div class=\"fusion-clearfix\"><\/div><div class=\"content-container\">\n<p>Pobierz<\/p>\n<\/div><\/div><\/div><div class=\"fusion-clearfix\"><\/div><\/div><div class=\"fusion-clearfix\"><\/div><\/div><\/div><\/div><\/div><div class=\"fusion-fullwidth fullwidth-box fusion-builder-row-3 nonhundred-percent-fullwidth non-hundred-percent-height-scrolling\" style=\"--awb-border-radius-top-left:0px;--awb-border-radius-top-right:0px;--awb-border-radius-bottom-right:0px;--awb-border-radius-bottom-left:0px;--awb-flex-wrap:wrap;\" ><div class=\"fusion-builder-row fusion-row\"><div class=\"fusion-layout-column fusion_builder_column fusion-builder-column-3 fusion_builder_column_1_1 1_1 fusion-one-full fusion-column-first fusion-column-last\" style=\"--awb-bg-size:cover;\"><div class=\"fusion-column-wrapper fusion-column-has-shadow fusion-flex-column-wrapper-legacy\"><div class=\"fusion-text fusion-text-2\"><p><strong>UWAGA! KONSULTACJE!<\/strong><\/p>\n<p><strong>KONSULTACJE ODBYWAJ\u0104 SI\u0118 NA PLATFORMIE ZOOM W DNIU 20.12.2021 O GODZ. 10:00<\/strong><\/p>\n<p><strong>LINK :<\/strong><\/p>\n<p><strong><span style=\"color: #800000;\"><a style=\"color: #800000;\" href=\"https:\/\/zoom.us\/j\/94391916993?pwd=SlRzZ1h1SDZab1B3Z2FvQXFjQThuZz09\" target=\"_blank\" rel=\"noopener\">https:\/\/zoom.us\/j\/94391916993?pwd=SlRzZ1h1SDZab1B3Z2FvQXFjQThuZz09\u00a0<\/a><\/span><\/strong>[W NOWEJ ZAK\u0141ADCE]<\/p>\n<\/div><div class=\"fusion-clearfix\"><\/div><\/div><\/div><\/div><\/div><\/p>\n","protected":false},"excerpt":{"rendered":"","protected":false},"author":5,"featured_media":2905,"comment_status":"closed","ping_status":"closed","sticky":false,"template":"","format":"standard","meta":{"_acf_changed":false,"footnotes":""},"categories":[5],"tags":[],"class_list":["post-2902","post","type-post","status-publish","format-standard","has-post-thumbnail","hentry","category-aktualnosci"],"acf":{"kal_data_wydarzenia":""},"_links":{"self":[{"href":"https:\/\/powiatlwowecki.pl\/plci_json_endpoint\/wp\/v2\/posts\/2902","targetHints":{"allow":["GET"]}}],"collection":[{"href":"https:\/\/powiatlwowecki.pl\/plci_json_endpoint\/wp\/v2\/posts"}],"about":[{"href":"https:\/\/powiatlwowecki.pl\/plci_json_endpoint\/wp\/v2\/types\/post"}],"author":[{"embeddable":true,"href":"https:\/\/powiatlwowecki.pl\/plci_json_endpoint\/wp\/v2\/users\/5"}],"replies":[{"embeddable":true,"href":"https:\/\/powiatlwowecki.pl\/plci_json_endpoint\/wp\/v2\/comments?post=2902"}],"version-history":[{"count":1,"href":"https:\/\/powiatlwowecki.pl\/plci_json_endpoint\/wp\/v2\/posts\/2902\/revisions"}],"predecessor-version":[{"id":7679,"href":"https:\/\/powiatlwowecki.pl\/plci_json_endpoint\/wp\/v2\/posts\/2902\/revisions\/7679"}],"wp:featuredmedia":[{"embeddable":true,"href":"https:\/\/powiatlwowecki.pl\/plci_json_endpoint\/wp\/v2\/media\/2905"}],"wp:attachment":[{"href":"https:\/\/powiatlwowecki.pl\/plci_json_endpoint\/wp\/v2\/media?parent=2902"}],"wp:term":[{"taxonomy":"category","embeddable":true,"href":"https:\/\/powiatlwowecki.pl\/plci_json_endpoint\/wp\/v2\/categories?post=2902"},{"taxonomy":"post_tag","embeddable":true,"href":"https:\/\/powiatlwowecki.pl\/plci_json_endpoint\/wp\/v2\/tags?post=2902"}],"curies":[{"name":"wp","href":"https:\/\/api.w.org\/{rel}","templated":true}]}}