{"id":2839,"date":"2021-11-20T08:28:33","date_gmt":"2021-11-20T07:28:33","guid":{"rendered":"https:\/\/powiatlwowecki.pl\/?p=2839"},"modified":"2021-11-20T08:28:33","modified_gmt":"2021-11-20T07:28:33","slug":"zyczenia-dla-pracownikow-socjalnych","status":"publish","type":"post","link":"https:\/\/powiatlwowecki.pl\/zyczenia-dla-pracownikow-socjalnych\/","title":{"rendered":"\u017bYCZENIA DLA PRACOWNIK\u00d3W SOCJALNYCH"},"content":{"rendered":"<p style=\"text-align: center;\">Szanowni Pa\u0144stwo,<\/p>\n<p style=\"text-align: center;\">z okazji Dnia Pracownika Socjalnego sk\u0142adam wszystkim pracownikom pomocy spo\u0142ecznej wyrazy uznania za wysi\u0142ek i zaanga\u017cowanie w wype\u0142nianiu wa\u017cnej roli spo\u0142ecznej na rzecz drugiego cz\u0142owieka.<\/p>\n<p style=\"text-align: center;\">Pa\u0144stwa codzienna praca, kt\u00f3r\u0105 mo\u017cna nazwa\u0107 s\u0142u\u017cb\u0105 wymaga nie tylko wysokich kwalifikacji, ale r\u00f3wnie\u017c ogromnej wra\u017cliwo\u015bci i zrozumienia.<\/p>\n<p style=\"text-align: center;\">Korzystaj\u0105c z obchodzonego \u015bwi\u0119ta Pracownik\u00f3w Socjalnych prosz\u0119 przyj\u0105\u0107 serdeczne podzi\u0119kowania za prac\u0119 na rzecz os\u00f3b potrzebuj\u0105cych.<\/p>\n<p style=\"text-align: center;\">\u017bycz\u0119 du\u017co zdrowia, dalszych sukces\u00f3w zawodowych, wiary w drugiego cz\u0142owieka oraz satysfakcji i szcz\u0119\u015bcia w \u017cyciu osobistym.<\/p>\n<p style=\"text-align: center;\">\n<p style=\"text-align: center;\">\n<p style=\"text-align: center;\"><strong>Starosta Lw\u00f3wecki<\/strong><\/p>\n<p style=\"text-align: center;\"><strong>\/-\/<\/strong><\/p>\n<p style=\"text-align: center;\"><strong>Daniel Koko<\/strong><\/p>\n<p style=\"text-align: center;\"><strong>\u00a0<\/strong><\/p>\n<p>&nbsp;<\/p>\n","protected":false},"excerpt":{"rendered":"<p>Szanowni Pa\u0144stwo, z okazji Dnia Pracownika Socjalnego sk\u0142adam wszystkim pracownikom pomocy spo\u0142ecznej wyrazy uznania za wysi\u0142ek i zaanga\u017cowanie w wype\u0142nianiu wa\u017cnej roli spo\u0142ecznej na rzecz drugiego cz\u0142owieka. Pa\u0144stwa codzienna praca, kt\u00f3r\u0105 mo\u017cna nazwa\u0107 s\u0142u\u017cb\u0105 wymaga  [&#8230;]<\/p>\n","protected":false},"author":4,"featured_media":2840,"comment_status":"closed","ping_status":"closed","sticky":false,"template":"","format":"standard","meta":{"_acf_changed":false,"footnotes":""},"categories":[5],"tags":[],"class_list":["post-2839","post","type-post","status-publish","format-standard","has-post-thumbnail","hentry","category-aktualnosci"],"acf":{"kal_data_wydarzenia":""},"_links":{"self":[{"href":"https:\/\/powiatlwowecki.pl\/plci_json_endpoint\/wp\/v2\/posts\/2839","targetHints":{"allow":["GET"]}}],"collection":[{"href":"https:\/\/powiatlwowecki.pl\/plci_json_endpoint\/wp\/v2\/posts"}],"about":[{"href":"https:\/\/powiatlwowecki.pl\/plci_json_endpoint\/wp\/v2\/types\/post"}],"author":[{"embeddable":true,"href":"https:\/\/powiatlwowecki.pl\/plci_json_endpoint\/wp\/v2\/users\/4"}],"replies":[{"embeddable":true,"href":"https:\/\/powiatlwowecki.pl\/plci_json_endpoint\/wp\/v2\/comments?post=2839"}],"version-history":[{"count":0,"href":"https:\/\/powiatlwowecki.pl\/plci_json_endpoint\/wp\/v2\/posts\/2839\/revisions"}],"wp:featuredmedia":[{"embeddable":true,"href":"https:\/\/powiatlwowecki.pl\/plci_json_endpoint\/wp\/v2\/media\/2840"}],"wp:attachment":[{"href":"https:\/\/powiatlwowecki.pl\/plci_json_endpoint\/wp\/v2\/media?parent=2839"}],"wp:term":[{"taxonomy":"category","embeddable":true,"href":"https:\/\/powiatlwowecki.pl\/plci_json_endpoint\/wp\/v2\/categories?post=2839"},{"taxonomy":"post_tag","embeddable":true,"href":"https:\/\/powiatlwowecki.pl\/plci_json_endpoint\/wp\/v2\/tags?post=2839"}],"curies":[{"name":"wp","href":"https:\/\/api.w.org\/{rel}","templated":true}]}}