{"id":2813,"date":"2021-10-29T08:50:41","date_gmt":"2021-10-29T06:50:41","guid":{"rendered":"https:\/\/powiatlwowecki.pl\/?p=2813"},"modified":"2021-10-28T15:18:48","modified_gmt":"2021-10-28T13:18:48","slug":"zapraszamy-na-transmisje-z-sesji-rady-powiatu-lwoweckiego-3","status":"publish","type":"post","link":"https:\/\/powiatlwowecki.pl\/zapraszamy-na-transmisje-z-sesji-rady-powiatu-lwoweckiego-3\/","title":{"rendered":"Zapraszamy na transmisj\u0119 z Sesji Rady Powiatu Lw\u00f3weckiego."},"content":{"rendered":"<div dir=\"auto\"><span style=\"font-size: 14pt;\">Zapraszamy na transmisj\u0119 <a class=\"oajrlxb2 g5ia77u1 qu0x051f esr5mh6w e9989ue4 r7d6kgcz rq0escxv nhd2j8a9 nc684nl6 p7hjln8o kvgmc6g5 cxmmr5t8 oygrvhab hcukyx3x jb3vyjys rz4wbd8a qt6c0cv9 a8nywdso i1ao9s8h esuyzwwr f1sip0of lzcic4wl py34i1dx gpro0wi8\" tabindex=\"0\" role=\"link\" href=\"https:\/\/www.facebook.com\/hashtag\/live?__cft__[0]=AZXTfTMBMie7NE6NNRuM4hsXVwyjQ-KOW3z4SVtBv7g-b-MV2Z45wP9nBu2QDabiBQB2xCTi6uItaNwIi5i_x08uOybniK_i8kMlzSDpwBBGrhtbY7tUBqoNJ2OXdbeBchw&amp;__tn__=*NK-R\" target=\"_blank\" rel=\"noopener\">#LIVE<\/a> z Sesji Rady Powiatu Lw\u00f3weckiego. Start godz. 9.00, pi\u0105tek 29.10.2021r. <span class=\"pq6dq46d tbxw36s4 knj5qynh kvgmc6g5 ditlmg2l oygrvhab nvdbi5me sf5mxxl7 gl3lb2sf hhz5lgdu\"><img decoding=\"async\" src=\"https:\/\/static.xx.fbcdn.net\/images\/emoji.php\/v9\/t77\/1\/16\/203c.png\" alt=\"\u203c\" width=\"16\" height=\"16\" \/><\/span><\/span><\/div>\n<div dir=\"auto\"><span style=\"font-size: 14pt;\">Link do transmisji: <a href=\"https:\/\/www.youtube.com\/channel\/UC5UxGdbvQvoKSiqwQo0SZDw\/live\" target=\"_blank\" rel=\"noopener\">https:\/\/www.youtube.com\/channel\/UC5UxGdbvQvoKSiqwQo0SZDw\/live\u00a0<\/a><\/span><\/div>\n","protected":false},"excerpt":{"rendered":"<p>Zapraszamy na transmisj\u0119 #LIVE z Sesji Rady Powiatu Lw\u00f3weckiego. Start godz. 9.00, pi\u0105tek 29.10.2021r. Link do transmisji: https:\/\/www.youtube.com\/channel\/UC5UxGdbvQvoKSiqwQo0SZDw\/live\u00a0<\/p>\n","protected":false},"author":4,"featured_media":2338,"comment_status":"closed","ping_status":"closed","sticky":false,"template":"","format":"standard","meta":{"_acf_changed":false,"footnotes":""},"categories":[5],"tags":[],"class_list":["post-2813","post","type-post","status-publish","format-standard","has-post-thumbnail","hentry","category-aktualnosci"],"acf":{"kal_data_wydarzenia":""},"_links":{"self":[{"href":"https:\/\/powiatlwowecki.pl\/plci_json_endpoint\/wp\/v2\/posts\/2813","targetHints":{"allow":["GET"]}}],"collection":[{"href":"https:\/\/powiatlwowecki.pl\/plci_json_endpoint\/wp\/v2\/posts"}],"about":[{"href":"https:\/\/powiatlwowecki.pl\/plci_json_endpoint\/wp\/v2\/types\/post"}],"author":[{"embeddable":true,"href":"https:\/\/powiatlwowecki.pl\/plci_json_endpoint\/wp\/v2\/users\/4"}],"replies":[{"embeddable":true,"href":"https:\/\/powiatlwowecki.pl\/plci_json_endpoint\/wp\/v2\/comments?post=2813"}],"version-history":[{"count":0,"href":"https:\/\/powiatlwowecki.pl\/plci_json_endpoint\/wp\/v2\/posts\/2813\/revisions"}],"wp:featuredmedia":[{"embeddable":true,"href":"https:\/\/powiatlwowecki.pl\/plci_json_endpoint\/wp\/v2\/media\/2338"}],"wp:attachment":[{"href":"https:\/\/powiatlwowecki.pl\/plci_json_endpoint\/wp\/v2\/media?parent=2813"}],"wp:term":[{"taxonomy":"category","embeddable":true,"href":"https:\/\/powiatlwowecki.pl\/plci_json_endpoint\/wp\/v2\/categories?post=2813"},{"taxonomy":"post_tag","embeddable":true,"href":"https:\/\/powiatlwowecki.pl\/plci_json_endpoint\/wp\/v2\/tags?post=2813"}],"curies":[{"name":"wp","href":"https:\/\/api.w.org\/{rel}","templated":true}]}}