{"id":2727,"date":"2021-09-10T08:00:20","date_gmt":"2021-09-10T06:00:20","guid":{"rendered":"https:\/\/powiatlwowecki.pl\/?p=2727"},"modified":"2021-09-10T11:47:53","modified_gmt":"2021-09-10T09:47:53","slug":"zapraszamy-na-transmisje-live-z-sesji-rady-powiatu-lwoweckiego-3","status":"publish","type":"post","link":"https:\/\/powiatlwowecki.pl\/zapraszamy-na-transmisje-live-z-sesji-rady-powiatu-lwoweckiego-3\/","title":{"rendered":"Zapraszamy na transmisj\u0119 LIVE z Sesji Rady Powiatu Lw\u00f3weckiego"},"content":{"rendered":"<div class=\"post-content\">\n<p data-wahfont=\"16\">Transmisja zako\u0144czy\u0142a si\u0119.<\/p>\n<p data-wahfont=\"16\">Zapraszamy do archiwum transmisji: <strong><a href=\"https:\/\/portal.posiedzenia.pl\/LWOWEKSLASKI?action=video&amp;id=e748of0y9mk8vt3evi242r806tad98yjj76o5hk6xd4ywa103281rvhkh8b97lw8\" target=\"_blank\" rel=\"noopener\" data-wahfont=\"16\"><span data-wahfont=\"16\">link<\/span><\/a><\/strong><\/p>\n<\/div>\n","protected":false},"excerpt":{"rendered":"<p>Transmisja zako\u0144czy\u0142a si\u0119. Zapraszamy do archiwum transmisji: link<\/p>\n","protected":false},"author":4,"featured_media":2338,"comment_status":"closed","ping_status":"closed","sticky":false,"template":"","format":"standard","meta":{"_acf_changed":false,"footnotes":""},"categories":[5],"tags":[],"class_list":["post-2727","post","type-post","status-publish","format-standard","has-post-thumbnail","hentry","category-aktualnosci"],"acf":{"kal_data_wydarzenia":""},"_links":{"self":[{"href":"https:\/\/powiatlwowecki.pl\/plci_json_endpoint\/wp\/v2\/posts\/2727","targetHints":{"allow":["GET"]}}],"collection":[{"href":"https:\/\/powiatlwowecki.pl\/plci_json_endpoint\/wp\/v2\/posts"}],"about":[{"href":"https:\/\/powiatlwowecki.pl\/plci_json_endpoint\/wp\/v2\/types\/post"}],"author":[{"embeddable":true,"href":"https:\/\/powiatlwowecki.pl\/plci_json_endpoint\/wp\/v2\/users\/4"}],"replies":[{"embeddable":true,"href":"https:\/\/powiatlwowecki.pl\/plci_json_endpoint\/wp\/v2\/comments?post=2727"}],"version-history":[{"count":0,"href":"https:\/\/powiatlwowecki.pl\/plci_json_endpoint\/wp\/v2\/posts\/2727\/revisions"}],"wp:featuredmedia":[{"embeddable":true,"href":"https:\/\/powiatlwowecki.pl\/plci_json_endpoint\/wp\/v2\/media\/2338"}],"wp:attachment":[{"href":"https:\/\/powiatlwowecki.pl\/plci_json_endpoint\/wp\/v2\/media?parent=2727"}],"wp:term":[{"taxonomy":"category","embeddable":true,"href":"https:\/\/powiatlwowecki.pl\/plci_json_endpoint\/wp\/v2\/categories?post=2727"},{"taxonomy":"post_tag","embeddable":true,"href":"https:\/\/powiatlwowecki.pl\/plci_json_endpoint\/wp\/v2\/tags?post=2727"}],"curies":[{"name":"wp","href":"https:\/\/api.w.org\/{rel}","templated":true}]}}