{"id":2718,"date":"2021-09-01T06:00:48","date_gmt":"2021-09-01T04:00:48","guid":{"rendered":"https:\/\/powiatlwowecki.pl\/?p=2718"},"modified":"2021-08-31T13:29:53","modified_gmt":"2021-08-31T11:29:53","slug":"zyczenia-z-okazji-nowego-roku-szkolnego-od-starosty-lwoweckiego","status":"publish","type":"post","link":"https:\/\/powiatlwowecki.pl\/zyczenia-z-okazji-nowego-roku-szkolnego-od-starosty-lwoweckiego\/","title":{"rendered":"\u017byczenia z okazji nowego roku szkolnego od Starosty Lw\u00f3weckiego"},"content":{"rendered":"<div class=\"fusion-fullwidth fullwidth-box fusion-builder-row-1 nonhundred-percent-fullwidth non-hundred-percent-height-scrolling\" style=\"--awb-border-radius-top-left:0px;--awb-border-radius-top-right:0px;--awb-border-radius-bottom-right:0px;--awb-border-radius-bottom-left:0px;--awb-flex-wrap:wrap;\" ><div class=\"fusion-builder-row fusion-row\"><div class=\"fusion-layout-column fusion_builder_column fusion-builder-column-0 fusion_builder_column_1_1 1_1 fusion-one-full fusion-column-first fusion-column-last\" style=\"--awb-bg-size:cover;--awb-margin-bottom:0px;\"><div class=\"fusion-column-wrapper fusion-flex-column-wrapper-legacy\"><div class=\"fusion-text fusion-text-1\"><p>Z okazji rozpoczynaj\u0105cego si\u0119 nowego roku szkolnego 2021\/2022 w imieniu Samorz\u0105du Powiatu Lw\u00f3weckiego sk\u0142adamy wszystkim nauczycielom i pracownikom o\u015bwiaty najserdeczniejsze \u017cyczenia spokojnej i satysfakcjonuj\u0105cej pracy.<\/p>\n<p>Wszystkim uczniom \u017cyczymy, aby nadchodz\u0105ce miesi\u0105ce by\u0142y nie tylko czasem wyt\u0119\u017conej pracy, ale aby nios\u0142y ze sob\u0105 tak\u017ce wiele rado\u015bci i zadowolenia z rozwoju w\u0142asnych zainteresowa\u0144 i uzdolnie\u0144. \u017beby szko\u0142a by\u0142a dla Was tym miejscem, do kt\u00f3rego z ch\u0119ci\u0105 b\u0119dziecie przychodzi\u0107 i mie\u0107 poczucie bezpiecze\u0144stwa.<\/p>\n<p>Wszystkim rodzicom i opiekunom uczni\u00f3w \u017cyczymy cierpliwo\u015bci i konsekwencji w wychowywaniu m\u0142odego pokolenia oraz licznych mi\u0142ych prze\u017cy\u0107 zwi\u0105zanych z osi\u0105gni\u0119ciami Waszych podopiecznych.<\/p>\n<p>Z naszej strony, jako Powiat Lw\u00f3wecki mo\u017cemy zapewni\u0107 Was, \u017ce poprzez licznie realizowane projekty na rzecz szk\u00f3\u0142 b\u0119d\u0105cych naszymi jednostkami, b\u0119dziemy wspiera\u0107 edukacj\u0119 i stara\u0107 si\u0119, aby sta\u0142a na najwy\u017cszym poziomie w naszym regionie. Ju\u017c teraz oddajemy uczniom szko\u0142y wyposa\u017cone w nowoczesny sprz\u0119t do nauki, jednocze\u015bnie oferuj\u0105c mo\u017cliwo\u015bci rozwoju zawodowego poza szko\u0142\u0105. Wszystko po to, aby opuszczaj\u0105c szkolne mury nasi uczniowie byli profesjonalnie przygotowani do \u017cycia.<\/p>\n<p>Jeszcze raz wszystkiego dobrego w imieniu Powiatu Lw\u00f3weckiego \u2013 Starosta Lw\u00f3wecki Daniel Koko<\/p>\n<\/div><div class=\"fusion-image-element fusion-image-align-center in-legacy-container\" style=\"text-align:center;--awb-caption-title-font-family:var(--h2_typography-font-family);--awb-caption-title-font-weight:var(--h2_typography-font-weight);--awb-caption-title-font-style:var(--h2_typography-font-style);--awb-caption-title-size:var(--h2_typography-font-size);--awb-caption-title-transform:var(--h2_typography-text-transform);--awb-caption-title-line-height:var(--h2_typography-line-height);--awb-caption-title-letter-spacing:var(--h2_typography-letter-spacing);\"><div class=\"imageframe-align-center\"><span class=\" fusion-imageframe imageframe-dropshadow imageframe-1 hover-type-none\" style=\"border:11px solid #ffffff;-webkit-box-shadow: 3px 3px 7px rgba(60,99,29,0.3);box-shadow: 3px 3px 7px rgba(60,99,29,0.3);\"><img decoding=\"async\" width=\"820\" height=\"400\" alt=\"Napis na szkolnej tablicy: Pomy\u015blno\u015bci w nowym roku szkolnym 2021\/2022 \u017cyczy Powiat Lw\u00f3wecki\" title=\"Pomy\u015blno\u015bci w nowym roku szkolnym 20212022 \u017cyczy Powiat Lw\u00f3wecki\" src=\"https:\/\/powiatlwowecki.pl\/wp-content\/uploads\/2021\/09\/Pomyslnosci-w-nowym-roku-szkolnym-20212022-zyczy-Powiat-Lwowecki.png\" class=\"img-responsive wp-image-2720\" srcset=\"https:\/\/powiatlwowecki.pl\/wp-content\/uploads\/2021\/09\/Pomyslnosci-w-nowym-roku-szkolnym-20212022-zyczy-Powiat-Lwowecki-200x98.png 200w, https:\/\/powiatlwowecki.pl\/wp-content\/uploads\/2021\/09\/Pomyslnosci-w-nowym-roku-szkolnym-20212022-zyczy-Powiat-Lwowecki-400x195.png 400w, https:\/\/powiatlwowecki.pl\/wp-content\/uploads\/2021\/09\/Pomyslnosci-w-nowym-roku-szkolnym-20212022-zyczy-Powiat-Lwowecki-600x293.png 600w, https:\/\/powiatlwowecki.pl\/wp-content\/uploads\/2021\/09\/Pomyslnosci-w-nowym-roku-szkolnym-20212022-zyczy-Powiat-Lwowecki-800x390.png 800w, https:\/\/powiatlwowecki.pl\/wp-content\/uploads\/2021\/09\/Pomyslnosci-w-nowym-roku-szkolnym-20212022-zyczy-Powiat-Lwowecki.png 820w\" sizes=\"(max-width: 800px) 100vw, 820px\" \/><\/span><\/div><\/div><div class=\"fusion-clearfix\"><\/div><\/div><\/div><\/div><\/div>\n","protected":false},"excerpt":{"rendered":"","protected":false},"author":5,"featured_media":2719,"comment_status":"closed","ping_status":"closed","sticky":false,"template":"","format":"standard","meta":{"_acf_changed":false,"footnotes":""},"categories":[5],"tags":[],"class_list":["post-2718","post","type-post","status-publish","format-standard","has-post-thumbnail","hentry","category-aktualnosci"],"acf":{"kal_data_wydarzenia":""},"_links":{"self":[{"href":"https:\/\/powiatlwowecki.pl\/plci_json_endpoint\/wp\/v2\/posts\/2718","targetHints":{"allow":["GET"]}}],"collection":[{"href":"https:\/\/powiatlwowecki.pl\/plci_json_endpoint\/wp\/v2\/posts"}],"about":[{"href":"https:\/\/powiatlwowecki.pl\/plci_json_endpoint\/wp\/v2\/types\/post"}],"author":[{"embeddable":true,"href":"https:\/\/powiatlwowecki.pl\/plci_json_endpoint\/wp\/v2\/users\/5"}],"replies":[{"embeddable":true,"href":"https:\/\/powiatlwowecki.pl\/plci_json_endpoint\/wp\/v2\/comments?post=2718"}],"version-history":[{"count":0,"href":"https:\/\/powiatlwowecki.pl\/plci_json_endpoint\/wp\/v2\/posts\/2718\/revisions"}],"wp:featuredmedia":[{"embeddable":true,"href":"https:\/\/powiatlwowecki.pl\/plci_json_endpoint\/wp\/v2\/media\/2719"}],"wp:attachment":[{"href":"https:\/\/powiatlwowecki.pl\/plci_json_endpoint\/wp\/v2\/media?parent=2718"}],"wp:term":[{"taxonomy":"category","embeddable":true,"href":"https:\/\/powiatlwowecki.pl\/plci_json_endpoint\/wp\/v2\/categories?post=2718"},{"taxonomy":"post_tag","embeddable":true,"href":"https:\/\/powiatlwowecki.pl\/plci_json_endpoint\/wp\/v2\/tags?post=2718"}],"curies":[{"name":"wp","href":"https:\/\/api.w.org\/{rel}","templated":true}]}}