{"id":2672,"date":"2021-08-09T11:13:22","date_gmt":"2021-08-09T09:13:22","guid":{"rendered":"https:\/\/powiatlwowecki.pl\/?p=2672"},"modified":"2021-08-18T10:32:57","modified_gmt":"2021-08-18T08:32:57","slug":"2672-2","status":"publish","type":"post","link":"https:\/\/powiatlwowecki.pl\/2672-2\/","title":{"rendered":"Rozstrzygni\u0119cie konkursu na realizacj\u0119 us\u0142ugi &#8222;Opieka wytchnieniowa&#8221;"},"content":{"rendered":"<p><div class=\"fusion-fullwidth fullwidth-box fusion-builder-row-1 nonhundred-percent-fullwidth non-hundred-percent-height-scrolling\" style=\"--awb-border-radius-top-left:0px;--awb-border-radius-top-right:0px;--awb-border-radius-bottom-right:0px;--awb-border-radius-bottom-left:0px;--awb-flex-wrap:wrap;\" ><div class=\"fusion-builder-row fusion-row\"><div class=\"fusion-layout-column fusion_builder_column fusion-builder-column-0 fusion_builder_column_1_1 1_1 fusion-one-full fusion-column-first fusion-column-last\" style=\"--awb-bg-size:cover;--awb-margin-bottom:0px;\"><div class=\"fusion-column-wrapper fusion-flex-column-wrapper-legacy\"><div class=\"fusion-text fusion-text-1\"><p>W dniu 29.07.2021 roku Starosta Lw\u00f3wecki podpisa\u0142 umow\u0119 ze Stowarzyszeniem Na Rzecz Os\u00f3b Niepe\u0142nosprawnych \u201eMocni\u201d na realizacj\u0119 zadania publicznego pn.: &#8222;Opieka Wytchnieniowa&#8221; &#8211; edycja 2021. Stowarzyszenie \u201eMocni\u201d wygra\u0142o konkurs na powierzenie realizacji zadania publicznego w 2021 roku z zakresu polityki spo\u0142ecznej z udzia\u0142em \u015brodk\u00f3w pochodz\u0105cych z Solidarno\u015bciowego Funduszu Wsparcia Os\u00f3b Niepe\u0142nosprawnych przyznanych Powiatowi Lw\u00f3weckiemu w ramach resortowego Programu Ministra Rodziny i Polityki Spo\u0142ecznej na \u015bwiadczenie us\u0142ug opieki wytchnieniowej w formie pobytu dziennego oraz specjalistycznego poradnictwa.<\/p>\n<p>Realizacja ww. us\u0142ugi przez Stowarzyszenie \u201eMocni\u201d pozwoli na odci\u0105\u017cenie cz\u0142onk\u00f3w rodzin oraz opiekun\u00f3w os\u00f3b niepe\u0142nosprawnych poprzez wsparcie ich w codziennych obowi\u0105zkach lub zapewnienie czasowego zast\u0119pstwa.<\/p>\n<p>Stowarzyszenie \u201eMocni\u201d przez okres 5 miesi\u0119cy (od 1 sierpnia 2021 do 31 grudnia 2021) zapewni mo\u017cliwo\u015b\u0107 uzyskania dora\u017anej, czasowej pomocy w formie pobytu dziennego w swojej siedzibie (Ubocze 169) lub w miejscu zamieszkania dla co najmniej 24 os\u00f3b niepe\u0142nosprawnych oraz specjalistycznego poradnictwa (psychologicznego lub terapeutycznego), a tak\u017ce zapewnieni wsparcie w zakresie nauki piel\u0119gnacji\/rehabilitacji\/dietetyki dla cz\u0142onk\u00f3w 12 rodzin lub opiekun\u00f3w. Program adresowany jest do cz\u0142onk\u00f3w rodzin lub opiekun\u00f3w sprawuj\u0105cych bezpo\u015bredni\u0105 opiek\u0119 nad:<\/p>\n<p>1) dzie\u0107mi z orzeczeniem o niepe\u0142nosprawno\u015bci,<\/p>\n<p>2) osobami ze znacznym stopniem niepe\u0142nosprawno\u015bci oraz orzeczeniami r\u00f3wnowa\u017cnymi.<\/p>\n<p>Nab\u00f3r zg\u0142osze\u0144 do programu prowadzony jest w trybie ci\u0105g\u0142ym do wyczerpania limitu miejsc, pozosta\u0142o jeszcze kilka wolnych miejsc na \u015bwiadczenie us\u0142ug opieki wytchnieniowej w formie pobytu dziennego.<\/p>\n<p>Osoby zainteresowane, chc\u0105ce skorzysta\u0107 z us\u0142ugi w formie nieodp\u0142atnej z opieki wytchnieniowej dziennej proszone s\u0105 o wype\u0142nienie nast\u0119puj\u0105cych dokument\u00f3w:<\/p>\n<p>1. KARTY ZG\u0141OSZENIA<br \/>\n2. KARTY OCENY STANU DZIECKA\/ OSOBY NIEPE\u0141NOSPRAWNEJ<br \/>\n3. O\u015aWIADCZENIE RODO<br \/>\n4. ORZECZENIE O NIEPE\u0141NOSPRAWNO\u015aCI<\/p>\n<p>Karty i orzeczenie <a href=\"https:\/\/powiatlwowecki.pl\/nabor-do-programu-opieka-wytchnieniowa-edycja-2021\/\"><span style=\"color: #ff0000;\"><strong>(do pobrania tutaj)<\/strong><\/span><\/a> nale\u017cy dostarczy\u0107 do siedziby Powiatu Lw\u00f3weckiego w zaklejonej kopercie z dopiskiem &#8222;Rekrutacja &#8211; Opieka wytchnieniowa&#8221;:<\/p>\n<p>Starostwo Powiatowego w Lw\u00f3wku \u015al\u0105skim, ul. Szpitalna 4, 59-600 Lw\u00f3wek \u015al\u0105ski<\/p>\n<p>lub<\/p>\n<p>wys\u0142a\u0107 poczta tradycyjn\u0105 z dopiskiem na kopercie &#8222;Rekrutacja &#8211; Opieka wytchnieniowa&#8221; na adres:<\/p>\n<p>Starostwo Powiatowego w Lw\u00f3wku \u015al\u0105skim, ul. Szpitalna 4, 59-600 Lw\u00f3wek \u015al\u0105ski<\/p>\n<p>W przypadku pyta\u0144, w\u0105tpliwo\u015bci lub trudno\u015bci z wype\u0142nieniem karty zg\u0142oszenia prosimy o kontakt telefoniczny z pracownikami Powiatu Lw\u00f3weckiego,<\/p>\n<p>tel. 75 782 20 44 , e-mail: <a href=\"mailto:b.wasilewska@powiatlwowecki.pl\">b.wasilewska@powiatlwowecki.pl<\/a><\/p>\n<\/div><div class=\"fusion-image-element in-legacy-container\" style=\"--awb-caption-title-font-family:var(--h2_typography-font-family);--awb-caption-title-font-weight:var(--h2_typography-font-weight);--awb-caption-title-font-style:var(--h2_typography-font-style);--awb-caption-title-size:var(--h2_typography-font-size);--awb-caption-title-transform:var(--h2_typography-text-transform);--awb-caption-title-line-height:var(--h2_typography-line-height);--awb-caption-title-letter-spacing:var(--h2_typography-letter-spacing);\"><span class=\" fusion-imageframe imageframe-none imageframe-1 hover-type-none\"><img decoding=\"async\" width=\"300\" height=\"225\" alt=\"Moment podpisywania umowy mi\u0119dzy Starost\u0105 Lw\u00f3weckim a przedstawicielami Stowarzyszenia Mocni na wykonywania us\u0142ugi pn. opieka wytchnieniowa\" title=\"Podpisywanie umowy\" src=\"https:\/\/powiatlwowecki.pl\/wp-content\/uploads\/2021\/08\/IMG-5486-300x225.jpg\" class=\"img-responsive wp-image-2673\" srcset=\"https:\/\/powiatlwowecki.pl\/wp-content\/uploads\/2021\/08\/IMG-5486-200x150.jpg 200w, https:\/\/powiatlwowecki.pl\/wp-content\/uploads\/2021\/08\/IMG-5486-400x300.jpg 400w, https:\/\/powiatlwowecki.pl\/wp-content\/uploads\/2021\/08\/IMG-5486-600x450.jpg 600w, https:\/\/powiatlwowecki.pl\/wp-content\/uploads\/2021\/08\/IMG-5486-800x600.jpg 800w, https:\/\/powiatlwowecki.pl\/wp-content\/uploads\/2021\/08\/IMG-5486-1200x900.jpg 1200w\" sizes=\"(max-width: 800px) 100vw, 300px\" \/><\/span><\/div><div class=\"fusion-image-element in-legacy-container\" style=\"--awb-caption-title-font-family:var(--h2_typography-font-family);--awb-caption-title-font-weight:var(--h2_typography-font-weight);--awb-caption-title-font-style:var(--h2_typography-font-style);--awb-caption-title-size:var(--h2_typography-font-size);--awb-caption-title-transform:var(--h2_typography-text-transform);--awb-caption-title-line-height:var(--h2_typography-line-height);--awb-caption-title-letter-spacing:var(--h2_typography-letter-spacing);\"><span class=\" fusion-imageframe imageframe-none imageframe-2 hover-type-none\" style=\"border:11px solid #ffffff;\"><img decoding=\"async\" width=\"300\" height=\"225\" alt=\"Moment podpisywania umowy mi\u0119dzy Starost\u0105 Lw\u00f3weckim a przedstawicielami Stowarzyszenia Mocni na wykonywania us\u0142ugi pn. opieka wytchnieniowa\" title=\"Podpisywanie umowy\" src=\"https:\/\/powiatlwowecki.pl\/wp-content\/uploads\/2021\/08\/IMG-5491-300x225.jpg\" class=\"img-responsive wp-image-2675\" srcset=\"https:\/\/powiatlwowecki.pl\/wp-content\/uploads\/2021\/08\/IMG-5491-200x150.jpg 200w, https:\/\/powiatlwowecki.pl\/wp-content\/uploads\/2021\/08\/IMG-5491-400x300.jpg 400w, https:\/\/powiatlwowecki.pl\/wp-content\/uploads\/2021\/08\/IMG-5491-600x450.jpg 600w, https:\/\/powiatlwowecki.pl\/wp-content\/uploads\/2021\/08\/IMG-5491-800x600.jpg 800w, https:\/\/powiatlwowecki.pl\/wp-content\/uploads\/2021\/08\/IMG-5491-1200x900.jpg 1200w\" sizes=\"(max-width: 800px) 100vw, 300px\" \/><\/span><\/div><div class=\"fusion-image-element in-legacy-container\" style=\"--awb-caption-title-font-family:var(--h2_typography-font-family);--awb-caption-title-font-weight:var(--h2_typography-font-weight);--awb-caption-title-font-style:var(--h2_typography-font-style);--awb-caption-title-size:var(--h2_typography-font-size);--awb-caption-title-transform:var(--h2_typography-text-transform);--awb-caption-title-line-height:var(--h2_typography-line-height);--awb-caption-title-letter-spacing:var(--h2_typography-letter-spacing);\"><span class=\" fusion-imageframe imageframe-none imageframe-3 hover-type-none\" style=\"border:5px solid #ffffff;\"><img decoding=\"async\" width=\"300\" height=\"225\" alt=\"Moment podpisywania umowy mi\u0119dzy Starost\u0105 Lw\u00f3weckim a przedstawicielami Stowarzyszenia Mocni na wykonywania us\u0142ugi pn. opieka wytchnieniowa\" title=\"Podpisywanie umowy\" src=\"https:\/\/powiatlwowecki.pl\/wp-content\/uploads\/2021\/08\/IMG-5488-300x225.jpg\" class=\"img-responsive wp-image-2674\" srcset=\"https:\/\/powiatlwowecki.pl\/wp-content\/uploads\/2021\/08\/IMG-5488-200x150.jpg 200w, https:\/\/powiatlwowecki.pl\/wp-content\/uploads\/2021\/08\/IMG-5488-400x300.jpg 400w, https:\/\/powiatlwowecki.pl\/wp-content\/uploads\/2021\/08\/IMG-5488-600x450.jpg 600w, https:\/\/powiatlwowecki.pl\/wp-content\/uploads\/2021\/08\/IMG-5488-800x600.jpg 800w, https:\/\/powiatlwowecki.pl\/wp-content\/uploads\/2021\/08\/IMG-5488-1200x900.jpg 1200w\" sizes=\"(max-width: 800px) 100vw, 300px\" \/><\/span><\/div><div class=\"fusion-section-separator section-separator slant fusion-section-separator-1\" style=\"--awb-spacer-height:99px;--awb-svg-margin-left:0;--awb-svg-margin-right:0;--awb-divider-height:99px;--awb-spacer-padding-top:inherit;--awb-sep-padding:0;--awb-svg-padding:0;\"><div class=\"fusion-section-separator-svg\"><svg class=\"fusion-slant-candy\" xmlns=\"http:\/\/www.w3.org\/2000\/svg\" version=\"1.1\" width=\"100%\" height=\"100\" viewBox=\"0 0 100 100\" preserveAspectRatio=\"none\" fill=\"rgba(249,249,251,1)\"><path d=\"M100 0 L100 100 L0 0 Z\"><\/path><\/svg><\/div><div class=\"fusion-section-separator-spacer\"><div class=\"fusion-section-separator-spacer-height\"><\/div><\/div><\/div><div class=\"fusion-clearfix\"><\/div><\/div><\/div><\/div><\/div><div class=\"fusion-fullwidth fullwidth-box fusion-builder-row-2 nonhundred-percent-fullwidth non-hundred-percent-height-scrolling\" style=\"--awb-border-radius-top-left:0px;--awb-border-radius-top-right:0px;--awb-border-radius-bottom-right:0px;--awb-border-radius-bottom-left:0px;--awb-flex-wrap:wrap;\" ><div class=\"fusion-builder-row fusion-row\"><div class=\"fusion-layout-column fusion_builder_column fusion-builder-column-1 fusion_builder_column_1_1 1_1 fusion-one-full fusion-column-first fusion-column-last\" style=\"--awb-bg-size:cover;\"><div class=\"fusion-column-wrapper fusion-column-has-shadow fusion-flex-column-wrapper-legacy\"><div class=\"fusion-text fusion-text-2\"><p><img decoding=\"async\" class=\"alignnone size-medium wp-image-2574 aligncenter\" src=\"https:\/\/powiatlwowecki.pl\/wp-content\/uploads\/2021\/06\/FLAGI-300x100.jpg\" alt=\"God\u0142o i flaga Polski\" width=\"300\" height=\"100\" srcset=\"https:\/\/powiatlwowecki.pl\/wp-content\/uploads\/2021\/06\/FLAGI-24x8.jpg 24w, https:\/\/powiatlwowecki.pl\/wp-content\/uploads\/2021\/06\/FLAGI-36x12.jpg 36w, https:\/\/powiatlwowecki.pl\/wp-content\/uploads\/2021\/06\/FLAGI-48x16.jpg 48w, https:\/\/powiatlwowecki.pl\/wp-content\/uploads\/2021\/06\/FLAGI-200x66.jpg 200w, https:\/\/powiatlwowecki.pl\/wp-content\/uploads\/2021\/06\/FLAGI-300x100.jpg 300w, https:\/\/powiatlwowecki.pl\/wp-content\/uploads\/2021\/06\/FLAGI-400x133.jpg 400w, https:\/\/powiatlwowecki.pl\/wp-content\/uploads\/2021\/06\/FLAGI.jpg 512w\" sizes=\"(max-width: 300px) 100vw, 300px\" \/><\/p>\n<p style=\"text-align: center;\"><strong>DOFINANSOWANO ZE \u015aRODK\u00d3W FUNDUSZU SOLIDARNO\u015aCIOWEGO<\/strong><\/p>\n<p style=\"text-align: center;\">\u201e<strong>Opieka Wytchnieniowa\u201d \u2013 edycja 2021<\/strong><\/p>\n<p style=\"text-align: center;\"><strong>DOFINANSOWANIE<\/strong><\/p>\n<p style=\"text-align: center;\"><strong>259\u00a0420,00 z\u0142<\/strong><\/p>\n<p style=\"text-align: center;\"><strong>CA\u0141KOWITA WARTO\u015a\u0106<\/strong><\/p>\n<p style=\"text-align: center;\"><strong>259\u00a0420,00 z\u0142<\/strong><\/p>\n<\/div><div class=\"fusion-clearfix\"><\/div><\/div><\/div><\/div><\/div><\/p>\n","protected":false},"excerpt":{"rendered":"","protected":false},"author":5,"featured_media":2676,"comment_status":"closed","ping_status":"closed","sticky":false,"template":"","format":"standard","meta":{"_acf_changed":false,"footnotes":""},"categories":[5,88,93,83],"tags":[],"class_list":["post-2672","post","type-post","status-publish","format-standard","has-post-thumbnail","hentry","category-aktualnosci","category-fundusze-zewnetrzne","category-inne","category-organizacje-pozarzadowe"],"acf":{"kal_data_wydarzenia":""},"_links":{"self":[{"href":"https:\/\/powiatlwowecki.pl\/plci_json_endpoint\/wp\/v2\/posts\/2672","targetHints":{"allow":["GET"]}}],"collection":[{"href":"https:\/\/powiatlwowecki.pl\/plci_json_endpoint\/wp\/v2\/posts"}],"about":[{"href":"https:\/\/powiatlwowecki.pl\/plci_json_endpoint\/wp\/v2\/types\/post"}],"author":[{"embeddable":true,"href":"https:\/\/powiatlwowecki.pl\/plci_json_endpoint\/wp\/v2\/users\/5"}],"replies":[{"embeddable":true,"href":"https:\/\/powiatlwowecki.pl\/plci_json_endpoint\/wp\/v2\/comments?post=2672"}],"version-history":[{"count":0,"href":"https:\/\/powiatlwowecki.pl\/plci_json_endpoint\/wp\/v2\/posts\/2672\/revisions"}],"wp:featuredmedia":[{"embeddable":true,"href":"https:\/\/powiatlwowecki.pl\/plci_json_endpoint\/wp\/v2\/media\/2676"}],"wp:attachment":[{"href":"https:\/\/powiatlwowecki.pl\/plci_json_endpoint\/wp\/v2\/media?parent=2672"}],"wp:term":[{"taxonomy":"category","embeddable":true,"href":"https:\/\/powiatlwowecki.pl\/plci_json_endpoint\/wp\/v2\/categories?post=2672"},{"taxonomy":"post_tag","embeddable":true,"href":"https:\/\/powiatlwowecki.pl\/plci_json_endpoint\/wp\/v2\/tags?post=2672"}],"curies":[{"name":"wp","href":"https:\/\/api.w.org\/{rel}","templated":true}]}}