{"id":2656,"date":"2021-07-21T11:39:44","date_gmt":"2021-07-21T09:39:44","guid":{"rendered":"https:\/\/powiatlwowecki.pl\/?p=2656"},"modified":"2021-07-21T11:47:02","modified_gmt":"2021-07-21T09:47:02","slug":"rozstrzygniecie-konkursu","status":"publish","type":"post","link":"https:\/\/powiatlwowecki.pl\/rozstrzygniecie-konkursu\/","title":{"rendered":"Rozstrzygni\u0119cie konkursu"},"content":{"rendered":"<p>S\u0105 ju\u017c wyniki <span style=\"color: #3366ff;\"><a style=\"color: #3366ff;\" href=\"https:\/\/powiatlwowecki.pl\/otwarty-konkurs-ofert-na-realizacje-zadan-publicznych-3\/\">drugiego otwartego konkursu ofert na realizacj\u0119 zada\u0144 publicznych Powiatu Lw\u00f3weckiego w 2021 roku przez organizacje prowadz\u0105ce dzia\u0142alno\u015b\u0107 po\u017cytku publicznego<\/a><\/span>.<\/p>\n<p>Konkurs dotyczy\u0142 dw\u00f3ch kategorii:<\/p>\n<p data-wahfont=\"16\">1. <strong>Promocja i ochrona zdrowia<\/strong> (przewidywana wysoko\u015b\u0107 \u015brodk\u00f3w <strong>4 000 z\u0142<\/strong>):<\/p>\n<p data-wahfont=\"16\">a) wspieranie realizacji zada\u0144 z zakresu ochrony i promocji zdrowia, w tym r\u00f3wnie\u017c zdrowia psychicznego,<\/p>\n<p data-wahfont=\"16\">b) dzia\u0142ania o charakterze edukacyjnym w obszarze zdrowia, w tym organizacja kurs\u00f3w pierwszej pomocy przedmedycznej dla m\u0142odzie\u017cy szk\u00f3\u0142 ponadpodstawowych.<\/p>\n<p data-wahfont=\"16\"><strong>\u00a0<\/strong><\/p>\n<p data-wahfont=\"16\">2. <strong>Ochrona \u015brodowiska i przyrody<\/strong> (przewidywana wysoko\u015b\u0107 \u015brodk\u00f3w <strong>3 000 z\u0142<\/strong>):<\/p>\n<p data-wahfont=\"16\">a) dzia\u0142ania s\u0142u\u017c\u0105ce ochronie miejsc przyrodniczych,<\/p>\n<p data-wahfont=\"16\">b) organizacja imprez popularyzuj\u0105cych dzia\u0142ania na rzecz ochrony \u015brodowiska,<\/p>\n<p data-wahfont=\"16\">c) organizacja konkurs\u00f3w z zakresu ochrony \u015brodowiska i przyrody.<\/p>\n<p data-wahfont=\"16\">Do Starostwa Powiatowego w Lw\u00f3wku \u015al\u0105skim nap\u0142yn\u0119\u0142y dwa wnioski:<\/p>\n<p data-wahfont=\"16\"><strong>Promocja i ochrona zdrowia: dotacj\u0119 na zadanie pn. &#8222;Id\u0119 po zdrowie&#8221; w wysoko\u015bci 4 000 z\u0142 zostanie przyznana organizacji: Stowarzyszenie Mi\u0142o\u015bnik\u00f3w Kultury Fizycznej &#8222;Azyl&#8221;<\/strong><\/p>\n<p data-wahfont=\"16\"><span style=\"color: #ff0000;\"><strong>Ochrona \u015brodowiska i przyrody: nie przyznano dotacji na zadanie pn. &#8222;Zdrowo \u017byj\u0119 Bo Morsuj\u0119&#8221; \u00a0 Stowarzyszenie Mi\u0142o\u015bnik\u00f3w Kultury Fizycznej &#8222;Azyl&#8221;. Wniosek nie przeszed\u0142 oceny merytorycznej.<\/strong><\/span><\/p>\n<p data-wahfont=\"16\"><a href=\"https:\/\/bip.powiatlwowecki.pl\/wiadomosci\/2\/wiadomosc\/581901\/wyniki_drugiego_otwartego_konkursu_ofert_na_realizacje_zadan_pub\" target=\"_blank\" rel=\"noopener\"><span style=\"font-family: Impact, Chicago; color: #0000ff;\"><strong><span style=\"font-family: Helvetica;\">Wyniki konkursu: kliknij tu [w nowym oknie]<\/span><\/strong><\/span><\/a><\/p>\n<p data-wahfont=\"16\">\n","protected":false},"excerpt":{"rendered":"<p>S\u0105 ju\u017c wyniki drugiego otwartego konkursu ofert na realizacj\u0119 zada\u0144 publicznych Powiatu Lw\u00f3weckiego w 2021 roku przez organizacje prowadz\u0105ce dzia\u0142alno\u015b\u0107 po\u017cytku publicznego. Konkurs dotyczy\u0142 dw\u00f3ch kategorii: 1. Promocja i ochrona zdrowia (przewidywana wysoko\u015b\u0107 \u015brodk\u00f3w 4  [&#8230;]<\/p>\n","protected":false},"author":5,"featured_media":2365,"comment_status":"closed","ping_status":"closed","sticky":false,"template":"","format":"standard","meta":{"_acf_changed":false,"footnotes":""},"categories":[5,83],"tags":[],"class_list":["post-2656","post","type-post","status-publish","format-standard","has-post-thumbnail","hentry","category-aktualnosci","category-organizacje-pozarzadowe"],"acf":{"kal_data_wydarzenia":""},"_links":{"self":[{"href":"https:\/\/powiatlwowecki.pl\/plci_json_endpoint\/wp\/v2\/posts\/2656","targetHints":{"allow":["GET"]}}],"collection":[{"href":"https:\/\/powiatlwowecki.pl\/plci_json_endpoint\/wp\/v2\/posts"}],"about":[{"href":"https:\/\/powiatlwowecki.pl\/plci_json_endpoint\/wp\/v2\/types\/post"}],"author":[{"embeddable":true,"href":"https:\/\/powiatlwowecki.pl\/plci_json_endpoint\/wp\/v2\/users\/5"}],"replies":[{"embeddable":true,"href":"https:\/\/powiatlwowecki.pl\/plci_json_endpoint\/wp\/v2\/comments?post=2656"}],"version-history":[{"count":0,"href":"https:\/\/powiatlwowecki.pl\/plci_json_endpoint\/wp\/v2\/posts\/2656\/revisions"}],"wp:featuredmedia":[{"embeddable":true,"href":"https:\/\/powiatlwowecki.pl\/plci_json_endpoint\/wp\/v2\/media\/2365"}],"wp:attachment":[{"href":"https:\/\/powiatlwowecki.pl\/plci_json_endpoint\/wp\/v2\/media?parent=2656"}],"wp:term":[{"taxonomy":"category","embeddable":true,"href":"https:\/\/powiatlwowecki.pl\/plci_json_endpoint\/wp\/v2\/categories?post=2656"},{"taxonomy":"post_tag","embeddable":true,"href":"https:\/\/powiatlwowecki.pl\/plci_json_endpoint\/wp\/v2\/tags?post=2656"}],"curies":[{"name":"wp","href":"https:\/\/api.w.org\/{rel}","templated":true}]}}