{"id":2649,"date":"2021-07-15T10:28:15","date_gmt":"2021-07-15T08:28:15","guid":{"rendered":"https:\/\/powiatlwowecki.pl\/?p=2649"},"modified":"2021-07-15T10:39:14","modified_gmt":"2021-07-15T08:39:14","slug":"rozstrzygniecie-konkursu-na-realizacje-zadania-w-ramach-opieki-wytchnieniowej","status":"publish","type":"post","link":"https:\/\/powiatlwowecki.pl\/rozstrzygniecie-konkursu-na-realizacje-zadania-w-ramach-opieki-wytchnieniowej\/","title":{"rendered":"Rozstrzygni\u0119cie konkursu na realizacj\u0119 zadania w ramach &#8222;Opieki wytchnieniowej&#8221;"},"content":{"rendered":"<div class=\"fusion-fullwidth fullwidth-box fusion-builder-row-1 nonhundred-percent-fullwidth non-hundred-percent-height-scrolling\" style=\"--awb-border-radius-top-left:0px;--awb-border-radius-top-right:0px;--awb-border-radius-bottom-right:0px;--awb-border-radius-bottom-left:0px;--awb-flex-wrap:wrap;\" ><div class=\"fusion-builder-row fusion-row\"><div class=\"fusion-layout-column fusion_builder_column fusion-builder-column-0 fusion_builder_column_1_1 1_1 fusion-one-full fusion-column-first fusion-column-last\" style=\"--awb-bg-size:cover;--awb-margin-bottom:0px;\"><div class=\"fusion-column-wrapper fusion-flex-column-wrapper-legacy\"><div class=\"fusion-text fusion-text-1\"><p>Zarz\u0105d Powiatu Lw\u00f3weckiego Uchwa\u0142\u0105 Nr 168\/39\/2021 z dnia 10 czerwca 2021 roku og\u0142osi\u0142 otwarty konkurs ofert na realizacj\u0119 zadania publicznego w 2021 roku z zakresu polityki spo\u0142ecznej z udzia\u0142em \u015brodk\u00f3w pochodz\u0105cych z Solidarno\u015bciowego Funduszu Wsparcia Os\u00f3b Niepe\u0142nosprawnych przyznanych Powiatowi Lw\u00f3weckiemu\u00a0 w ramach resortowego\u00a0 programu Ministra Rodziny i Polityki Spo\u0142ecznej na \u015bwiadczenie us\u0142ug opieki wytchnieniowej w formie pobytu dziennego oraz specjalistycznego poradnictwa w ramach programu \u201dOpieka wytchnieniowa\u201d- edycja 2021 przez organizacje prowadz\u0105ce dzia\u0142alno\u015b\u0107 po\u017cytku publicznego <a href=\"https:\/\/powiatlwowecki.pl\/opieka-wytchnieniowa\/\" target=\"_blank\" rel=\"noopener\">[publikacja og\u0142oszenia: w nowym oknie]<\/a>.<\/p>\n<p>Nast\u0119pnie, w dniu 29 czerwca 2021 roku Zarz\u0105d Powiatu Lw\u00f3weckiego Uchwa\u0142\u0105 Nr 172\/47\/2021 Zarz\u0105du Powiatu Lw\u00f3weckiego z dnia 29 czerwca 2021 roku powo\u0142a\u0142 Komisj\u0119 konkursow\u0105 do zaopiniowania ofert z\u0142o\u017conych w konkursie na powierzenie realizacji tego zadania.<\/p>\n<p>Komisja dokona\u0142a oceny formalnej i merytorycznej z\u0142o\u017conej ofert, podczas posiedzenia w dniu 06 lipca 2021 roku i przed\u0142o\u017cy\u0142a Zarz\u0105dowi protok\u00f3\u0142.<\/p>\n<p>Po zapoznaniu si\u0119 z propozycj\u0105, przed\u0142o\u017con\u0105 przez Komisj\u0119 Konkursow\u0105 <strong>Zarz\u0105d udzieli\u0142 organizacji pozarz\u0105dowej Stowarzyszeniu Na Rzecz Os\u00f3b Niepe\u0142nosprawnych \u201eMocni\u201d ul. Gliniana 2, 59-620 Gryf\u00f3w \u015al\u0105ski dotacji w wysoko\u015bci 254.400,00 z\u0142. na realizacj\u0119 zadania<\/strong> \u201eOpieka Wytchnieniowa \u201e\u2013 edycja 2021 &#8211; wspieranie os\u00f3b niepe\u0142nosprawnych:<\/p>\n<ul>\n<li>\u015bwiadczenie us\u0142ug opieki wytchnieniowej\u00a0 w formie opieki wytchnieniowej, kt\u00f3ra b\u0119dzie realizowana w miejscu pobytu uczestnika w ramach programu \u201eopieka wytchnieniowa\u201d,<\/li>\n<li>zapewnienie us\u0142ugi opieki wytchnieniowej\u00a0 w formie specjalistycznego poradnictwa (psychologicznego lub terapeutycznego), a tak\u017ce zapewnienie wsparcia w zakresie nauki piel\u0119gnacji \/rehabilitacji \/ dietetyki dla cz\u0142onk\u00f3w rodzin lub opiekun\u00f3w sprawuj\u0105cych bezpo\u015brednio opiek\u0119 nad dzie\u0107mi z orzeczeniem o niepe\u0142nosprawno\u015bci lub nad osobami z orzeczeniem o znacznej niepe\u0142nosprawno\u015bci \/osobami z orzeczeniem r\u00f3wnowa\u017cnym.<\/li>\n<\/ul>\n<p><span style=\"color: #0000ff;\"><strong><a style=\"color: #0000ff;\" href=\"https:\/\/bip.powiatlwowecki.pl\/wiadomosci\/1341\/wiadomosc\/580916\/uchwala_nr_175542021_zarzadu_powiatu_lwoweckiego_z_dnia__13_lipc\" target=\"_blank\" rel=\"noopener\">Tekst uchwa\u0142y do pobrania tu: [w nowym oknie]<\/a><\/strong><\/span><\/p>\n<\/div><div class=\"fusion-image-element in-legacy-container\" style=\"--awb-caption-title-font-family:var(--h2_typography-font-family);--awb-caption-title-font-weight:var(--h2_typography-font-weight);--awb-caption-title-font-style:var(--h2_typography-font-style);--awb-caption-title-size:var(--h2_typography-font-size);--awb-caption-title-transform:var(--h2_typography-text-transform);--awb-caption-title-line-height:var(--h2_typography-line-height);--awb-caption-title-letter-spacing:var(--h2_typography-letter-spacing);\"><span class=\" fusion-imageframe imageframe-none imageframe-1 hover-type-none\"><img decoding=\"async\" width=\"300\" height=\"146\" title=\"logo z tekstem\" src=\"https:\/\/powiatlwowecki.pl\/wp-content\/uploads\/2021\/07\/logo-z-tekstem-300x146.png\" alt class=\"img-responsive wp-image-2651\" srcset=\"https:\/\/powiatlwowecki.pl\/wp-content\/uploads\/2021\/07\/logo-z-tekstem-200x98.png 200w, https:\/\/powiatlwowecki.pl\/wp-content\/uploads\/2021\/07\/logo-z-tekstem-400x195.png 400w, https:\/\/powiatlwowecki.pl\/wp-content\/uploads\/2021\/07\/logo-z-tekstem-600x293.png 600w, https:\/\/powiatlwowecki.pl\/wp-content\/uploads\/2021\/07\/logo-z-tekstem-800x390.png 800w, https:\/\/powiatlwowecki.pl\/wp-content\/uploads\/2021\/07\/logo-z-tekstem.png 820w\" sizes=\"(max-width: 800px) 100vw, 300px\" \/><\/span><\/div><div class=\"fusion-clearfix\"><\/div><\/div><\/div><\/div><\/div>\n","protected":false},"excerpt":{"rendered":"","protected":false},"author":5,"featured_media":2650,"comment_status":"closed","ping_status":"closed","sticky":false,"template":"","format":"standard","meta":{"_acf_changed":false,"footnotes":""},"categories":[5,83],"tags":[],"class_list":["post-2649","post","type-post","status-publish","format-standard","has-post-thumbnail","hentry","category-aktualnosci","category-organizacje-pozarzadowe"],"acf":{"kal_data_wydarzenia":""},"_links":{"self":[{"href":"https:\/\/powiatlwowecki.pl\/plci_json_endpoint\/wp\/v2\/posts\/2649","targetHints":{"allow":["GET"]}}],"collection":[{"href":"https:\/\/powiatlwowecki.pl\/plci_json_endpoint\/wp\/v2\/posts"}],"about":[{"href":"https:\/\/powiatlwowecki.pl\/plci_json_endpoint\/wp\/v2\/types\/post"}],"author":[{"embeddable":true,"href":"https:\/\/powiatlwowecki.pl\/plci_json_endpoint\/wp\/v2\/users\/5"}],"replies":[{"embeddable":true,"href":"https:\/\/powiatlwowecki.pl\/plci_json_endpoint\/wp\/v2\/comments?post=2649"}],"version-history":[{"count":0,"href":"https:\/\/powiatlwowecki.pl\/plci_json_endpoint\/wp\/v2\/posts\/2649\/revisions"}],"wp:featuredmedia":[{"embeddable":true,"href":"https:\/\/powiatlwowecki.pl\/plci_json_endpoint\/wp\/v2\/media\/2650"}],"wp:attachment":[{"href":"https:\/\/powiatlwowecki.pl\/plci_json_endpoint\/wp\/v2\/media?parent=2649"}],"wp:term":[{"taxonomy":"category","embeddable":true,"href":"https:\/\/powiatlwowecki.pl\/plci_json_endpoint\/wp\/v2\/categories?post=2649"},{"taxonomy":"post_tag","embeddable":true,"href":"https:\/\/powiatlwowecki.pl\/plci_json_endpoint\/wp\/v2\/tags?post=2649"}],"curies":[{"name":"wp","href":"https:\/\/api.w.org\/{rel}","templated":true}]}}