{"id":2647,"date":"2021-07-30T12:00:56","date_gmt":"2021-07-30T10:00:56","guid":{"rendered":"https:\/\/powiatlwowecki.pl\/?p=2647"},"modified":"2021-07-14T14:27:14","modified_gmt":"2021-07-14T12:27:14","slug":"trening-systemu-wczesnego-ostrzegania","status":"publish","type":"post","link":"https:\/\/powiatlwowecki.pl\/trening-systemu-wczesnego-ostrzegania\/","title":{"rendered":"Trening systemu wczesnego ostrzegania"},"content":{"rendered":"<p>W dniu 1 sierpnia 2021 roku o godzinie 17.00 zostanie przeprowadzony wojew\u00f3dzki trening systemu wczesnego ostrzegania, umo\u017cliwiaj\u0105cy jednocze\u015bnie upami\u0119tnienie obchod\u00f3w 77 rocznicy wybuchu Powstania Warszawskiego.<\/p>\n<p>W ramach treningu, na terenie powiatu lw\u00f3weckiego, uruchomione zostan\u0105 syreny alarmowe. Emitowany b\u0119dzie d\u017awi\u0119k modulowany, oznaczaj\u0105cy og\u0142oszenie alarmu.<\/p>\n<p>Trening przeprowadzony b\u0119dzie na podstawie \u00a7 10 ust. 3 i 4\u00a0 (Dz. U. z 2013 r., poz. 96).<\/p>\n","protected":false},"excerpt":{"rendered":"<p>W dniu 1 sierpnia 2021 roku o godzinie 17.00 zostanie przeprowadzony wojew\u00f3dzki trening systemu wczesnego ostrzegania, umo\u017cliwiaj\u0105cy jednocze\u015bnie upami\u0119tnienie obchod\u00f3w 77 rocznicy wybuchu Powstania Warszawskiego. W ramach treningu, na terenie powiatu lw\u00f3weckiego, uruchomione zostan\u0105 syreny  [&#8230;]<\/p>\n","protected":false},"author":4,"featured_media":2648,"comment_status":"closed","ping_status":"closed","sticky":false,"template":"","format":"standard","meta":{"_acf_changed":false,"footnotes":""},"categories":[5,95],"tags":[],"class_list":["post-2647","post","type-post","status-publish","format-standard","has-post-thumbnail","hentry","category-aktualnosci","category-pczk"],"acf":{"kal_data_wydarzenia":""},"_links":{"self":[{"href":"https:\/\/powiatlwowecki.pl\/plci_json_endpoint\/wp\/v2\/posts\/2647","targetHints":{"allow":["GET"]}}],"collection":[{"href":"https:\/\/powiatlwowecki.pl\/plci_json_endpoint\/wp\/v2\/posts"}],"about":[{"href":"https:\/\/powiatlwowecki.pl\/plci_json_endpoint\/wp\/v2\/types\/post"}],"author":[{"embeddable":true,"href":"https:\/\/powiatlwowecki.pl\/plci_json_endpoint\/wp\/v2\/users\/4"}],"replies":[{"embeddable":true,"href":"https:\/\/powiatlwowecki.pl\/plci_json_endpoint\/wp\/v2\/comments?post=2647"}],"version-history":[{"count":0,"href":"https:\/\/powiatlwowecki.pl\/plci_json_endpoint\/wp\/v2\/posts\/2647\/revisions"}],"wp:featuredmedia":[{"embeddable":true,"href":"https:\/\/powiatlwowecki.pl\/plci_json_endpoint\/wp\/v2\/media\/2648"}],"wp:attachment":[{"href":"https:\/\/powiatlwowecki.pl\/plci_json_endpoint\/wp\/v2\/media?parent=2647"}],"wp:term":[{"taxonomy":"category","embeddable":true,"href":"https:\/\/powiatlwowecki.pl\/plci_json_endpoint\/wp\/v2\/categories?post=2647"},{"taxonomy":"post_tag","embeddable":true,"href":"https:\/\/powiatlwowecki.pl\/plci_json_endpoint\/wp\/v2\/tags?post=2647"}],"curies":[{"name":"wp","href":"https:\/\/api.w.org\/{rel}","templated":true}]}}