{"id":2489,"date":"2021-05-17T09:33:43","date_gmt":"2021-05-17T07:33:43","guid":{"rendered":"https:\/\/powiatlwowecki.pl\/?p=2489"},"modified":"2021-05-17T09:35:52","modified_gmt":"2021-05-17T07:35:52","slug":"oferta-dla-osmioklasistow-zsoiz-gryfow-slaski","status":"publish","type":"post","link":"https:\/\/powiatlwowecki.pl\/oferta-dla-osmioklasistow-zsoiz-gryfow-slaski\/","title":{"rendered":"Oferta dla o\u015bmioklasist\u00f3w &#8211; ZSOiZ Gryf\u00f3w \u015al\u0105ski"},"content":{"rendered":"<p><div class=\"fusion-fullwidth fullwidth-box fusion-builder-row-1 nonhundred-percent-fullwidth non-hundred-percent-height-scrolling\" style=\"--awb-border-radius-top-left:0px;--awb-border-radius-top-right:0px;--awb-border-radius-bottom-right:0px;--awb-border-radius-bottom-left:0px;--awb-flex-wrap:wrap;\" ><div class=\"fusion-builder-row fusion-row\"><div class=\"fusion-layout-column fusion_builder_column fusion-builder-column-0 fusion_builder_column_1_3 1_3 fusion-one-third fusion-column-first\" style=\"--awb-bg-size:cover;width:33.333333333333%;width:calc(33.333333333333% - ( ( 4% + 4% ) * 0.33333333333333 ) );margin-right: 4%;\"><div class=\"fusion-column-wrapper fusion-column-has-shadow fusion-flex-column-wrapper-legacy\"><div class=\"fusion-text fusion-text-1\"><p>Zesp\u00f3\u0142 Szk\u00f3\u0142 Og\u00f3lnokszta\u0142c\u0105cych i Zawodowych im. Jana Paw\u0142a II w Gryfowie \u015al\u0105skim to szko\u0142a z bogat\u0105 tradycj\u0105 i 70-letnim do\u015bwiadczeniem. Zesp\u00f3\u0142 Szk\u00f3\u0142 tworz\u0105:<\/p>\n<p>\u2013 Liceum Og\u00f3lnokszta\u0142c\u0105ce<br \/>\n\u2013 Technikum<br \/>\n\u2013 Bran\u017cowa Szko\u0142a I Stopnia<\/p>\n<p>OFERTA EDUKACYJNA 2021\/2022<\/p>\n<p>Liceum Og\u00f3lnokszta\u0142c\u0105ce:<br \/>\n\u2022 Klasa j\u0119zykowa (przedmioty rozszerzone: j. angielski, j. niemiecki)<br \/>\n\u2022 Klasa humanistyczna (przedmioty rozszerzone: j. polski, j. angielski)<br \/>\n\u2022 Klasa medialno-teatralna (przedmioty rozszerzone: (j .polski, j. angielski)<br \/>\n\u2022 Klasa biologiczno-chemiczna (przedmioty rozszerzone: chemia, biologia z elementami biotechnologii)<br \/>\n\u2022 Klasa matematyczno-informatyczna (przedmioty rozszerzone: matematyka, informatyka z elementami grafiki komputerowej)<\/p>\n<p>Technikum:<br \/>\n\u2022 Technik le\u015bnik<br \/>\n\u2022 Technik hotelarstwa<br \/>\n\u2022 Technik informatyk<br \/>\n\u2022 Technik organizacji turystyki<\/p>\n<p>Bran\u017cowa Szko\u0142a I Stopnia<br \/>\nKszta\u0142cenie w zawodach: kelner, fryzjer, kucharz, operator obrabiarek skrawaj\u0105cych, elektryk, stolarz, przetw\u00f3rca mi\u0119sa, murarz-tynkarz, piekarz, cukiernik, mechanik pojazd\u00f3w samochodowych, sprzedawca, dekarz, monter zabudowy i rob\u00f3t wyko\u0144czeniowych, pracownik obs\u0142ugi hotelowej, blacharz samochodowy i inne.<\/p>\n<\/div><div class=\"fusion-clearfix\"><\/div><\/div><\/div><div class=\"fusion-layout-column fusion_builder_column fusion-builder-column-1 fusion_builder_column_1_3 1_3 fusion-one-third\" style=\"--awb-bg-size:cover;width:33.333333333333%;width:calc(33.333333333333% - ( ( 4% + 4% ) * 0.33333333333333 ) );margin-right: 4%;\"><div class=\"fusion-column-wrapper fusion-column-has-shadow fusion-flex-column-wrapper-legacy\"><div class=\"fusion-image-element in-legacy-container\" style=\"--awb-caption-title-font-family:var(--h2_typography-font-family);--awb-caption-title-font-weight:var(--h2_typography-font-weight);--awb-caption-title-font-style:var(--h2_typography-font-style);--awb-caption-title-size:var(--h2_typography-font-size);--awb-caption-title-transform:var(--h2_typography-text-transform);--awb-caption-title-line-height:var(--h2_typography-line-height);--awb-caption-title-letter-spacing:var(--h2_typography-letter-spacing);\"><span class=\" fusion-imageframe imageframe-none imageframe-1 hover-type-none\"><img decoding=\"async\" width=\"455\" height=\"969\" alt=\"Ulotka promocyjna Zespo\u0142u Szk\u00f3\u0142 Og\u00f3lnokszta\u0142c\u0105cych i Zawodowych w Gryfowie \u015al\u0105skim\" title=\"gryfow_2021_1\" src=\"https:\/\/powiatlwowecki.pl\/wp-content\/uploads\/2021\/05\/gryfow_2021_1.png\" class=\"img-responsive wp-image-2490\" srcset=\"https:\/\/powiatlwowecki.pl\/wp-content\/uploads\/2021\/05\/gryfow_2021_1-200x426.png 200w, https:\/\/powiatlwowecki.pl\/wp-content\/uploads\/2021\/05\/gryfow_2021_1-400x852.png 400w, https:\/\/powiatlwowecki.pl\/wp-content\/uploads\/2021\/05\/gryfow_2021_1.png 455w\" sizes=\"(max-width: 800px) 100vw, 400px\" \/><\/span><\/div><div class=\"fusion-clearfix\"><\/div><\/div><\/div><div class=\"fusion-layout-column fusion_builder_column fusion-builder-column-2 fusion_builder_column_1_3 1_3 fusion-one-third fusion-column-last\" style=\"--awb-bg-size:cover;width:33.333333333333%;width:calc(33.333333333333% - ( ( 4% + 4% ) * 0.33333333333333 ) );\"><div class=\"fusion-column-wrapper fusion-column-has-shadow fusion-flex-column-wrapper-legacy\"><div class=\"fusion-image-element in-legacy-container\" style=\"--awb-caption-title-font-family:var(--h2_typography-font-family);--awb-caption-title-font-weight:var(--h2_typography-font-weight);--awb-caption-title-font-style:var(--h2_typography-font-style);--awb-caption-title-size:var(--h2_typography-font-size);--awb-caption-title-transform:var(--h2_typography-text-transform);--awb-caption-title-line-height:var(--h2_typography-line-height);--awb-caption-title-letter-spacing:var(--h2_typography-letter-spacing);\"><span class=\" fusion-imageframe imageframe-none imageframe-2 hover-type-none\"><img decoding=\"async\" width=\"451\" height=\"965\" title=\"gryfow_2021_2\" src=\"https:\/\/powiatlwowecki.pl\/wp-content\/uploads\/2021\/05\/gryfow_2021_2.png\" alt class=\"img-responsive wp-image-2491\" srcset=\"https:\/\/powiatlwowecki.pl\/wp-content\/uploads\/2021\/05\/gryfow_2021_2-200x428.png 200w, https:\/\/powiatlwowecki.pl\/wp-content\/uploads\/2021\/05\/gryfow_2021_2-400x856.png 400w, https:\/\/powiatlwowecki.pl\/wp-content\/uploads\/2021\/05\/gryfow_2021_2.png 451w\" sizes=\"(max-width: 800px) 100vw, 400px\" \/><\/span><\/div><div class=\"fusion-clearfix\"><\/div><\/div><\/div><\/div><\/div><div class=\"fusion-fullwidth fullwidth-box fusion-builder-row-2 nonhundred-percent-fullwidth non-hundred-percent-height-scrolling\" style=\"--awb-border-radius-top-left:0px;--awb-border-radius-top-right:0px;--awb-border-radius-bottom-right:0px;--awb-border-radius-bottom-left:0px;--awb-flex-wrap:wrap;\" ><div class=\"fusion-builder-row fusion-row\"><div class=\"fusion-layout-column fusion_builder_column fusion-builder-column-3 fusion_builder_column_1_1 1_1 fusion-one-full fusion-column-first fusion-column-last\" style=\"--awb-bg-size:cover;\"><div class=\"fusion-column-wrapper fusion-column-has-shadow fusion-flex-column-wrapper-legacy\"><div class=\"fusion-title title fusion-title-1 fusion-title-center fusion-title-text fusion-title-size-one\"><div class=\"title-sep-container title-sep-container-left\"><div class=\"title-sep sep-double sep-solid\" style=\"border-color:#e2e2e2;\"><\/div><\/div><span class=\"awb-title-spacer\"><\/span><h1 class=\"fusion-title-heading title-heading-center\" style=\"margin:0;\"><p style=\"text-align: center;\"><a href=\"https:\/\/wirtualne-spacery.pl\/gryfow\/\" target=\"_blank\" rel=\"noopener\"><span style=\"font-size: 18pt;\">Zapraszamy na wirtualny spacer po szkole [link w nowym oknie]<\/span><\/a><\/p><\/h1><span class=\"awb-title-spacer\"><\/span><div class=\"title-sep-container title-sep-container-right\"><div class=\"title-sep sep-double sep-solid\" style=\"border-color:#e2e2e2;\"><\/div><\/div><\/div><div class=\"fusion-clearfix\"><\/div><\/div><\/div><\/div><\/div><\/p>\n","protected":false},"excerpt":{"rendered":"","protected":false},"author":5,"featured_media":2492,"comment_status":"closed","ping_status":"closed","sticky":false,"template":"","format":"standard","meta":{"_acf_changed":false,"footnotes":""},"categories":[5],"tags":[],"class_list":["post-2489","post","type-post","status-publish","format-standard","has-post-thumbnail","hentry","category-aktualnosci"],"acf":{"kal_data_wydarzenia":""},"_links":{"self":[{"href":"https:\/\/powiatlwowecki.pl\/plci_json_endpoint\/wp\/v2\/posts\/2489","targetHints":{"allow":["GET"]}}],"collection":[{"href":"https:\/\/powiatlwowecki.pl\/plci_json_endpoint\/wp\/v2\/posts"}],"about":[{"href":"https:\/\/powiatlwowecki.pl\/plci_json_endpoint\/wp\/v2\/types\/post"}],"author":[{"embeddable":true,"href":"https:\/\/powiatlwowecki.pl\/plci_json_endpoint\/wp\/v2\/users\/5"}],"replies":[{"embeddable":true,"href":"https:\/\/powiatlwowecki.pl\/plci_json_endpoint\/wp\/v2\/comments?post=2489"}],"version-history":[{"count":0,"href":"https:\/\/powiatlwowecki.pl\/plci_json_endpoint\/wp\/v2\/posts\/2489\/revisions"}],"wp:featuredmedia":[{"embeddable":true,"href":"https:\/\/powiatlwowecki.pl\/plci_json_endpoint\/wp\/v2\/media\/2492"}],"wp:attachment":[{"href":"https:\/\/powiatlwowecki.pl\/plci_json_endpoint\/wp\/v2\/media?parent=2489"}],"wp:term":[{"taxonomy":"category","embeddable":true,"href":"https:\/\/powiatlwowecki.pl\/plci_json_endpoint\/wp\/v2\/categories?post=2489"},{"taxonomy":"post_tag","embeddable":true,"href":"https:\/\/powiatlwowecki.pl\/plci_json_endpoint\/wp\/v2\/tags?post=2489"}],"curies":[{"name":"wp","href":"https:\/\/api.w.org\/{rel}","templated":true}]}}