{"id":2355,"date":"2021-04-13T14:27:28","date_gmt":"2021-04-13T12:27:28","guid":{"rendered":"https:\/\/powiatlwowecki.pl\/?p=2355"},"modified":"2021-04-13T14:32:49","modified_gmt":"2021-04-13T12:32:49","slug":"konkurs-dla-kol-gospodyn-wiejskich-o-nagrode-malzonki-prezydenta-rp","status":"publish","type":"post","link":"https:\/\/powiatlwowecki.pl\/konkurs-dla-kol-gospodyn-wiejskich-o-nagrode-malzonki-prezydenta-rp\/","title":{"rendered":"Konkurs dla K\u00f3\u0142 Gospody\u0144 Wiejskich o nagrod\u0119 Ma\u0142\u017conki Prezydenta RP"},"content":{"rendered":"<div class=\"fusion-fullwidth fullwidth-box fusion-builder-row-1 nonhundred-percent-fullwidth non-hundred-percent-height-scrolling\" style=\"--awb-border-radius-top-left:0px;--awb-border-radius-top-right:0px;--awb-border-radius-bottom-right:0px;--awb-border-radius-bottom-left:0px;--awb-flex-wrap:wrap;\" ><div class=\"fusion-builder-row fusion-row\"><div class=\"fusion-layout-column fusion_builder_column fusion-builder-column-0 fusion_builder_column_1_1 1_1 fusion-one-full fusion-column-first fusion-column-last\" style=\"--awb-bg-size:cover;--awb-margin-bottom:0px;\"><div class=\"fusion-column-wrapper fusion-flex-column-wrapper-legacy\"><div class=\"fusion-text fusion-text-1\"><p>Przypominamy o konkursie dla k\u00f3\u0142 gospody\u0144 wiejskich o nagrod\u0119 Ma\u0142\u017conki Prezydenta RP. Konkurs ten organizowany jest przez Kancelari\u0119 Prezydenta Rzeczypospolitej Polskiej, zainicjowany przez Ma\u0142\u017conk\u0119 Prezydenta RP \u2013 Agat\u0119 Kornhauser-Dud\u0119 i obj\u0119ty Jej Honorowym Patronatem. Przedmiotem konkursu jest zaprezentowanie dzia\u0142alno\u015bci KGW w formie opisowej oraz w formie materia\u0142u audiowizualnego \u2013 wi\u0119cej informacji znajd\u0105 Panie w linku:<\/p>\n<p><a href=\"https:\/\/www.prezydent.pl\/pierwsza-dama\/konkurskgw\/\" target=\"_blank\" rel=\"noopener\"><span style=\"font-size: 14pt; color: #008000;\">[w nowym oknie] Konkurs dla K\u00f3\u0142 Gospody\u0144 Wiejskich<\/span><\/a><\/p>\n<p>Konkurs sk\u0142ada si\u0119 z dw\u00f3ch etap\u00f3w: wojew\u00f3dzkiego i og\u00f3lnopolskiego. W ramach konkursu wy\u0142onione zostan\u0105 najlepsze w Polsce ko\u0142a gospody\u0144 wiejskich, kt\u00f3rych dzia\u0142alno\u015b\u0107 polega m. in. na podtrzymywaniu i utrwalaniu rodzimego folkloru, tradycji i obyczaj\u00f3w regionalnych, wychowaniu m\u0142odego pokolenia w poszanowaniu tradycyjnych warto\u015bci, wspieraniu rozwoju przedsi\u0119biorczo\u015bci kobiet, czy piel\u0119gnowaniu historii otoczenia oraz przyczynia si\u0119 do budowania lokalnych wi\u0119zi wsp\u00f3lnotowych i rozwoju to\u017csamo\u015bci regionalnej.<\/p>\n<p>Ponadto, informujemy, i\u017c Kancelaria Prezydenta RP podj\u0119\u0142a decyzj\u0119 o rozszerzeniu kr\u0119gu podmiot\u00f3w uprawnionych do wzi\u0119cia udzia\u0142u w Konkursie o ko\u0142a dzia\u0142aj\u0105ce na podstawie ustawy z dnia 8 pa\u017adziernika 1982 r. o spo\u0142eczno-zawodowych organizacjach rolnik\u00f3w oraz o stowarzyszenia skupiaj\u0105ce kobiety z teren\u00f3w wiejskich, kt\u00f3rych celem statutowym dzia\u0142ania jest w szczeg\u00f3lno\u015bci rozw\u00f3j kultury ludowej, w tym kultury lokalnej i regionalnej, promocja i piel\u0119gnowanie lokalnych tradycji kulinarnych, a tak\u017ce dzia\u0142alno\u015b\u0107 wspomagaj\u0105ca rozw\u00f3j wsp\u00f3lnot i spo\u0142eczno\u015bci lokalnych.<\/p>\n<p>Termin sk\u0142adania zg\u0142osze\u0144 nie uleg\u0142 zmianie i up\u0142ywa 18.04.2021r<\/p>\n<\/div><div class=\"fusion-video fusion-youtube\" style=\"--awb-max-width:600px;--awb-max-height:360px;\"><div class=\"video-shortcode\"><div class=\"fluid-width-video-wrapper\" style=\"padding-top:60%;\" ><iframe title=\"YouTube video player 1\" src=\"https:\/\/www.youtube.com\/embed\/KRhCfXp3X38?wmode=transparent&autoplay=0\" width=\"600\" height=\"360\" allowfullscreen allow=\"autoplay; clipboard-write; encrypted-media; gyroscope; picture-in-picture;\"><\/iframe><\/div><\/div><\/div><div class=\"fusion-clearfix\"><\/div><\/div><\/div><\/div><\/div>\n","protected":false},"excerpt":{"rendered":"","protected":false},"author":5,"featured_media":2356,"comment_status":"closed","ping_status":"closed","sticky":false,"template":"","format":"standard","meta":{"_acf_changed":false,"footnotes":""},"categories":[5],"tags":[],"class_list":["post-2355","post","type-post","status-publish","format-standard","has-post-thumbnail","hentry","category-aktualnosci"],"acf":{"kal_data_wydarzenia":""},"_links":{"self":[{"href":"https:\/\/powiatlwowecki.pl\/plci_json_endpoint\/wp\/v2\/posts\/2355","targetHints":{"allow":["GET"]}}],"collection":[{"href":"https:\/\/powiatlwowecki.pl\/plci_json_endpoint\/wp\/v2\/posts"}],"about":[{"href":"https:\/\/powiatlwowecki.pl\/plci_json_endpoint\/wp\/v2\/types\/post"}],"author":[{"embeddable":true,"href":"https:\/\/powiatlwowecki.pl\/plci_json_endpoint\/wp\/v2\/users\/5"}],"replies":[{"embeddable":true,"href":"https:\/\/powiatlwowecki.pl\/plci_json_endpoint\/wp\/v2\/comments?post=2355"}],"version-history":[{"count":0,"href":"https:\/\/powiatlwowecki.pl\/plci_json_endpoint\/wp\/v2\/posts\/2355\/revisions"}],"wp:featuredmedia":[{"embeddable":true,"href":"https:\/\/powiatlwowecki.pl\/plci_json_endpoint\/wp\/v2\/media\/2356"}],"wp:attachment":[{"href":"https:\/\/powiatlwowecki.pl\/plci_json_endpoint\/wp\/v2\/media?parent=2355"}],"wp:term":[{"taxonomy":"category","embeddable":true,"href":"https:\/\/powiatlwowecki.pl\/plci_json_endpoint\/wp\/v2\/categories?post=2355"},{"taxonomy":"post_tag","embeddable":true,"href":"https:\/\/powiatlwowecki.pl\/plci_json_endpoint\/wp\/v2\/tags?post=2355"}],"curies":[{"name":"wp","href":"https:\/\/api.w.org\/{rel}","templated":true}]}}