{"id":2268,"date":"2021-03-26T09:49:12","date_gmt":"2021-03-26T08:49:12","guid":{"rendered":"https:\/\/powiatlwowecki.pl\/?p=2268"},"modified":"2021-03-26T09:54:43","modified_gmt":"2021-03-26T08:54:43","slug":"atrakcyjne-projekty-unijne-w-zsoiz-w-gryfowie-slaskim","status":"publish","type":"post","link":"https:\/\/powiatlwowecki.pl\/atrakcyjne-projekty-unijne-w-zsoiz-w-gryfowie-slaskim\/","title":{"rendered":"ATRAKCYJNE PROJEKTY UNIJNE W ZSOIZ W GRYFOWIE \u015aL\u0104SKIM"},"content":{"rendered":"<p>W bie\u017c\u0105cym roku szkolnym, tak trudnym dla ca\u0142ej spo\u0142eczno\u015bci uczniowskiej i kadry dydaktycznej,\u00a0 ze wzgl\u0119du na jego naznaczenie pandemi\u0105 koronawirusa, jak r\u00f3wnie\u017c w nast\u0119pnym 2021\/2022, w Zespole Szk\u00f3\u0142 Og\u00f3lnokszta\u0142c\u0105cych i Zawodowych im. Jana Paw\u0142a II w Gryfowie \u015al\u0105skim, mamy niepowtarzaln\u0105 okazj\u0119 uczestniczy\u0107 w realizacji dw\u00f3ch atrakcyjnych projekt\u00f3w unijnych, koordynowanych przez w\u0142adze powiatu lw\u00f3weckiego.<\/p>\n<p>S\u0105 nimi :<\/p>\n<ol>\n<li><strong>\u201eWsparcie Kszta\u0142cenia Zawodowego \u2013 Poprawa Efekt\u00f3w\u201d,<\/strong> w ramach kt\u00f3rego uczniowie b\u0119d\u0105 bezp\u0142atnie korzysta\u0107 z dodatkowych zaj\u0119\u0107, przygotowuj\u0105cych do egzaminu zawodowego w zawodach \u2013 technik informatyk, technik le\u015bnik. Ponadto, uczniowie w zawodzie technik informatyk b\u0119d\u0105 mogli skorzysta\u0107 ze sta\u017cu w bran\u017cy IT, dzi\u0119ki kt\u00f3remu nab\u0119d\u0105 umiej\u0119tno\u015bci praktycznych oraz otrzymaj\u0105 wynagrodzenie pieni\u0119\u017cne. Najwa\u017cniejszym za\u0142o\u017ceniem tego projektu jest u\u0142atwienie uczniom przechodzenia z etapu ich kszta\u0142cenia w zawodzie, do etapu zatrudnienia.<\/li>\n<\/ol>\n<p>&nbsp;<\/p>\n<ol start=\"2\">\n<li><a href=\"https:\/\/powiatlwowecki.pl\/kompetencje-4-0\/\" target=\"_blank\" rel=\"noopener\"><strong>\u201eKompetencje 4.0\u201d<\/strong><\/a> \u2013 Projekt jest realizowany wsp\u00f3lnie z partnerem czeskim \u2013 Izba Gospodarcza w Libercu, kt\u00f3rego podstawowym za\u0142o\u017ceniem jest prowadzenie tzw. \u201ema\u0142ej firmy\u201d, dzi\u0119ki czemu uczniowie b\u0119d\u0105 mieli okazj\u0119 pozna\u0107 podstawy dzia\u0142alno\u015bci gospodarczej. W jego realizacji, w ZSOiZ w Gryfowie \u015al\u0105skim rozwijaj\u0105 swoj\u0105 dzia\u0142alno\u015b\u0107 dwie \u201efirmy uczniowskie\u201d.<\/li>\n<\/ol>\n<p>Pierwsza z nich, 15 osobowa, realizuje swoje zadania w bie\u017c\u0105cym roku szkolnym, pod kierownictwem Pana prof. Kamila Kowalonka. Zosta\u0142a ona nazwana \u201eDigital World\u201d i w jej ramach uczniowie w praktyce poznaj\u0105 tajniki \u00a0bran\u017cy medialno-reklamowej.<\/p>\n<p>Druga z naszych szkolnych \u201efirm\u201d to 10 osobowy zesp\u00f3\u0142 uczni\u00f3w pod kierownictwem Pani prof. Agaty Pender. Przybra\u0142a ona jednoznacznie brzmi\u0105c\u0105 nazw\u0119 \u201eKreatywni to my\u201d. Jej zadaniem, ale ju\u017c w nast\u0119pnym roku szkolnym &#8211; 2021\/2022, b\u0119dzie zapoznanie si\u0119 z technik\u0105 zdobnicz\u0105 zwan\u0105 Decoupage, a tak\u017ce organizowanie warsztat\u00f3w szkoleniowych oraz zdobienie wyrob\u00f3w<\/p>\n<p>z drewna.<\/p>\n<p>&nbsp;<\/p>\n<p>Obydwa projekty, tak istotne w procesie wspierania kszta\u0142cenia zawodowego, umo\u017cliwi\u0105 Zespo\u0142owi Szk\u00f3\u0142 Og\u00f3lnokszta\u0142c\u0105cych i Zawodowych im. Jana Paw\u0142a II w Gryfowie \u015al\u0105skim realizacj\u0119 wa\u017cnych przedsi\u0119wzi\u0119\u0107 jak :<\/p>\n<p>&nbsp;<\/p>\n<ol>\n<li><em> Utworzenie 3 pracowni specjalistycznych :<\/em><\/li>\n<\/ol>\n<p><em>&#8211; hotelarstwa,<\/em><\/p>\n<p><em>&#8211; przygotowania i ekspozycji \u015bniada\u0144,<\/em><\/p>\n<p><em>&#8211; urz\u0105dze\u0144 techniki komputerowej (Profesjonalne Studio Multimedialne).<\/em><\/p>\n<p><em>\u00a0<\/em><\/p>\n<ol start=\"2\">\n<li><em> Organizacja darmowych szkole\u0144 dla uczni\u00f3w :<\/em><\/li>\n<\/ol>\n<p><em>&#8211; programowanie i obs\u0142ugiwanie procesu druku 3D,<\/em><\/p>\n<p><em>&#8211; prowadzenie obs\u0142ugi biura,<\/em><\/p>\n<p><em>&#8211; uzyskanie prawa jazdy kategorii B,<\/em><\/p>\n<p><em>&#8211; obs\u0142uga w\u00f3zka wid\u0142owego,<\/em><\/p>\n<p><em>&#8211; wykonywanie us\u0142ug kelnerskich.<\/em><\/p>\n<p><em>\u00a0<\/em><\/p>\n<ol start=\"3\">\n<li><em> Udzielanie Unijnych Stypendi\u00f3w Sta\u017cowych, a tak\u017ce zwrotu koszt\u00f3w bada\u0144 i dojazd\u00f3w na praktyki;<\/em><\/li>\n<\/ol>\n<p><em>\u00a0<\/em><\/p>\n<ol start=\"4\">\n<li><em> Sfinansowanie studi\u00f3w podyplomowych dla dw\u00f3ch nauczycieli przedmiot\u00f3w hotelarsko-gastronomicznych;<\/em><\/li>\n<\/ol>\n<p><em>\u00a0<\/em><\/p>\n<ol start=\"5\">\n<li><em> Zorganizowanie szkolenia dla nauczycieli z programowania i obs\u0142ugiwania procesu druku 3D i prowadzenia biura.<\/em><\/li>\n<\/ol>\n<p>&nbsp;<\/p>\n<p>Obydwa projekty pod wzgl\u0119dem merytorycznym koordynuj\u0105 Pani prof. Monika Ignaciuk-Borkowska i Pan prof. Kamil Kowalonek.<\/p>\n<p>&nbsp;<\/p>\n<p>Nale\u017cy r\u00f3wnie\u017c podkre\u015bli\u0107 \u017ce nasza szko\u0142a zostanie doposa\u017cona w nowoczesny sprz\u0119t i materia\u0142y dydaktyczne. Ca\u0142kowity bud\u017cet przeznaczony na realizacj\u0119 projekt\u00f3w, to kwota niemal 300 tysi\u0119cy z\u0142otych.<\/p>\n<p>&nbsp;<\/p>\n<p><em>Mo\u017cna z ca\u0142ym przekonaniem stwierdzi\u0107, \u017ce udzia\u0142 Gryfowskiego ZSOiZ w omawianym przedsi\u0119wzi\u0119ciu zdecydowanie wzbogaci i uatrakcyjni proces edukacyjno-szkoleniowy w zakresie realizowanego w nim od lat, atrakcyjnego dla naszych uczni\u00f3w kszta\u0142cenia zawodowego.<\/em><\/p>\n<p>&nbsp;<\/p>\n<p>&nbsp;<\/p>\n<p>&nbsp;<\/p>\n<p>&nbsp;<\/p>\n<p>Zesp\u00f3\u0142 Promocyjny<\/p>\n","protected":false},"excerpt":{"rendered":"<p>W bie\u017c\u0105cym roku szkolnym, tak trudnym dla ca\u0142ej spo\u0142eczno\u015bci uczniowskiej i kadry dydaktycznej,\u00a0 ze wzgl\u0119du na jego naznaczenie pandemi\u0105 koronawirusa, jak r\u00f3wnie\u017c w nast\u0119pnym 2021\/2022, w Zespole Szk\u00f3\u0142 Og\u00f3lnokszta\u0142c\u0105cych i Zawodowych im. Jana Paw\u0142a II  [&#8230;]<\/p>\n","protected":false},"author":5,"featured_media":2269,"comment_status":"closed","ping_status":"closed","sticky":false,"template":"","format":"standard","meta":{"_acf_changed":false,"footnotes":""},"categories":[5,84],"tags":[],"class_list":["post-2268","post","type-post","status-publish","format-standard","has-post-thumbnail","hentry","category-aktualnosci","category-fundusze-unijne"],"acf":{"kal_data_wydarzenia":""},"_links":{"self":[{"href":"https:\/\/powiatlwowecki.pl\/plci_json_endpoint\/wp\/v2\/posts\/2268","targetHints":{"allow":["GET"]}}],"collection":[{"href":"https:\/\/powiatlwowecki.pl\/plci_json_endpoint\/wp\/v2\/posts"}],"about":[{"href":"https:\/\/powiatlwowecki.pl\/plci_json_endpoint\/wp\/v2\/types\/post"}],"author":[{"embeddable":true,"href":"https:\/\/powiatlwowecki.pl\/plci_json_endpoint\/wp\/v2\/users\/5"}],"replies":[{"embeddable":true,"href":"https:\/\/powiatlwowecki.pl\/plci_json_endpoint\/wp\/v2\/comments?post=2268"}],"version-history":[{"count":1,"href":"https:\/\/powiatlwowecki.pl\/plci_json_endpoint\/wp\/v2\/posts\/2268\/revisions"}],"predecessor-version":[{"id":2270,"href":"https:\/\/powiatlwowecki.pl\/plci_json_endpoint\/wp\/v2\/posts\/2268\/revisions\/2270"}],"wp:featuredmedia":[{"embeddable":true,"href":"https:\/\/powiatlwowecki.pl\/plci_json_endpoint\/wp\/v2\/media\/2269"}],"wp:attachment":[{"href":"https:\/\/powiatlwowecki.pl\/plci_json_endpoint\/wp\/v2\/media?parent=2268"}],"wp:term":[{"taxonomy":"category","embeddable":true,"href":"https:\/\/powiatlwowecki.pl\/plci_json_endpoint\/wp\/v2\/categories?post=2268"},{"taxonomy":"post_tag","embeddable":true,"href":"https:\/\/powiatlwowecki.pl\/plci_json_endpoint\/wp\/v2\/tags?post=2268"}],"curies":[{"name":"wp","href":"https:\/\/api.w.org\/{rel}","templated":true}]}}