{"id":1962,"date":"2020-12-17T10:27:21","date_gmt":"2020-12-17T09:27:21","guid":{"rendered":"https:\/\/powiatlwowecki.pl\/?p=1962"},"modified":"2020-12-17T10:28:07","modified_gmt":"2020-12-17T09:28:07","slug":"powiat-przekazal-szlachetna-paczke","status":"publish","type":"post","link":"https:\/\/powiatlwowecki.pl\/powiat-przekazal-szlachetna-paczke\/","title":{"rendered":"Powiat przekaza\u0142 szlachetn\u0105 paczk\u0119"},"content":{"rendered":"<p>W tym roku Powiat Lw\u00f3wecki, zar\u00f3wno Radni Powiatu Lw\u00f3weckiego, jak pracownicy Starostwa, ponownie zaanga\u017cowali si\u0119 <span style=\"color: #ff0000;\">w akcj\u0119 \u201eSzlachetna paczka\u201d<\/span>. Tym razem postanowili\u015bmy wesprze\u0107<strong> pani\u0105 Barbar\u0119<\/strong> z rodzin\u0105. Nie oby\u0142o si\u0119 bez wzrusze\u0144 i prawdziwej wdzi\u0119czno\u015bci ze strony wspartej rodziny. Oczywi\u015bcie w przysz\u0142ym roku te\u017c we\u017amiemy udzia\u0142 \u2013 bo jak si\u0119 okazuje rodzin potrzebuj\u0105cych pomocy w naszym kraju jest wci\u0105\u017c zbyt wiele. Z bada\u0144 wynika, \u017ce 2 mln os\u00f3b \u017cyje w Polsce w skrajnym ub\u00f3stwie, a w tym prawie p\u00f3\u0142 miliona dzieci. Co to znaczy \u2013 mniej wi\u0119cej to, \u017ce na prze\u017cycie maj\u0105 8 z\u0142 dziennie.. Pomagajmy sobie, wspierajmy si\u0119 \u2013 nie tylko od \u015bwi\u0119ta!<\/p>\n<p><img decoding=\"async\" class=\"wp-image-1964 aligncenter\" src=\"https:\/\/powiatlwowecki.pl\/wp-content\/uploads\/2020\/12\/podziekowania-1-225x300.jpg\" alt=\"Podzi\u0119kowania za udzia\u0142 w Szlachetnej Paczce\" width=\"365\" height=\"487\" srcset=\"https:\/\/powiatlwowecki.pl\/wp-content\/uploads\/2020\/12\/podziekowania-1-18x24.jpg 18w, https:\/\/powiatlwowecki.pl\/wp-content\/uploads\/2020\/12\/podziekowania-1-27x36.jpg 27w, https:\/\/powiatlwowecki.pl\/wp-content\/uploads\/2020\/12\/podziekowania-1-36x48.jpg 36w, https:\/\/powiatlwowecki.pl\/wp-content\/uploads\/2020\/12\/podziekowania-1-200x267.jpg 200w, https:\/\/powiatlwowecki.pl\/wp-content\/uploads\/2020\/12\/podziekowania-1-225x300.jpg 225w, https:\/\/powiatlwowecki.pl\/wp-content\/uploads\/2020\/12\/podziekowania-1-400x533.jpg 400w, https:\/\/powiatlwowecki.pl\/wp-content\/uploads\/2020\/12\/podziekowania-1-600x800.jpg 600w, https:\/\/powiatlwowecki.pl\/wp-content\/uploads\/2020\/12\/podziekowania-1-768x1024.jpg 768w, https:\/\/powiatlwowecki.pl\/wp-content\/uploads\/2020\/12\/podziekowania-1-800x1067.jpg 800w, https:\/\/powiatlwowecki.pl\/wp-content\/uploads\/2020\/12\/podziekowania-1-1152x1536.jpg 1152w, https:\/\/powiatlwowecki.pl\/wp-content\/uploads\/2020\/12\/podziekowania-1-1200x1600.jpg 1200w, https:\/\/powiatlwowecki.pl\/wp-content\/uploads\/2020\/12\/podziekowania-1-1536x2048.jpg 1536w, https:\/\/powiatlwowecki.pl\/wp-content\/uploads\/2020\/12\/podziekowania-1-scaled.jpg 1920w\" sizes=\"(max-width: 365px) 100vw, 365px\" \/><\/p>\n","protected":false},"excerpt":{"rendered":"<p>W tym roku Powiat Lw\u00f3wecki, zar\u00f3wno Radni Powiatu Lw\u00f3weckiego, jak pracownicy Starostwa, ponownie zaanga\u017cowali si\u0119 w akcj\u0119 \u201eSzlachetna paczka\u201d. Tym razem postanowili\u015bmy wesprze\u0107 pani\u0105 Barbar\u0119 z rodzin\u0105. Nie oby\u0142o si\u0119 bez wzrusze\u0144 i prawdziwej wdzi\u0119czno\u015bci  [&#8230;]<\/p>\n","protected":false},"author":5,"featured_media":1965,"comment_status":"closed","ping_status":"closed","sticky":false,"template":"","format":"standard","meta":{"_acf_changed":false,"footnotes":""},"categories":[5],"tags":[],"class_list":["post-1962","post","type-post","status-publish","format-standard","has-post-thumbnail","hentry","category-aktualnosci"],"acf":{"kal_data_wydarzenia":""},"_links":{"self":[{"href":"https:\/\/powiatlwowecki.pl\/plci_json_endpoint\/wp\/v2\/posts\/1962","targetHints":{"allow":["GET"]}}],"collection":[{"href":"https:\/\/powiatlwowecki.pl\/plci_json_endpoint\/wp\/v2\/posts"}],"about":[{"href":"https:\/\/powiatlwowecki.pl\/plci_json_endpoint\/wp\/v2\/types\/post"}],"author":[{"embeddable":true,"href":"https:\/\/powiatlwowecki.pl\/plci_json_endpoint\/wp\/v2\/users\/5"}],"replies":[{"embeddable":true,"href":"https:\/\/powiatlwowecki.pl\/plci_json_endpoint\/wp\/v2\/comments?post=1962"}],"version-history":[{"count":1,"href":"https:\/\/powiatlwowecki.pl\/plci_json_endpoint\/wp\/v2\/posts\/1962\/revisions"}],"predecessor-version":[{"id":1966,"href":"https:\/\/powiatlwowecki.pl\/plci_json_endpoint\/wp\/v2\/posts\/1962\/revisions\/1966"}],"wp:featuredmedia":[{"embeddable":true,"href":"https:\/\/powiatlwowecki.pl\/plci_json_endpoint\/wp\/v2\/media\/1965"}],"wp:attachment":[{"href":"https:\/\/powiatlwowecki.pl\/plci_json_endpoint\/wp\/v2\/media?parent=1962"}],"wp:term":[{"taxonomy":"category","embeddable":true,"href":"https:\/\/powiatlwowecki.pl\/plci_json_endpoint\/wp\/v2\/categories?post=1962"},{"taxonomy":"post_tag","embeddable":true,"href":"https:\/\/powiatlwowecki.pl\/plci_json_endpoint\/wp\/v2\/tags?post=1962"}],"curies":[{"name":"wp","href":"https:\/\/api.w.org\/{rel}","templated":true}]}}