{"id":1949,"date":"2020-12-15T10:51:50","date_gmt":"2020-12-15T09:51:50","guid":{"rendered":"https:\/\/powiatlwowecki.pl\/?p=1949"},"modified":"2020-12-16T08:39:36","modified_gmt":"2020-12-16T07:39:36","slug":"ogloszenie-przewodniczacej-rady-powiatu-2","status":"publish","type":"post","link":"https:\/\/powiatlwowecki.pl\/ogloszenie-przewodniczacej-rady-powiatu-2\/","title":{"rendered":"Og\u0142oszenie Przewodnicz\u0105cej Rady Powiatu"},"content":{"rendered":"<h3 style=\"text-align: center;\"><strong>Zawiadamia si\u0119 o zwo\u0142aniu <span style=\"color: #ff0000;\">zdalnej nadzwyczajnej<\/span> XXXII SESJI RADY POWIATU LW\u00d3WECKIEGO<\/strong><strong>,\u00a0 <\/strong><strong>kt\u00f3ra odb\u0119dzie si\u0119 w dniu 17 GRUDNIA 2020 roku.<\/strong><strong> Pocz\u0105tek sesji godz. 9<sup>00<\/sup>.<\/strong><\/h3>\n<p><strong>Proponowany porz\u0105dek obrad:<\/strong><\/p>\n<p>1\/ Powitanie radnych i zaproszonych go\u015bci.<\/p>\n<p>2\/ Przyj\u0119cie porz\u0105dku obrad.<\/p>\n<p>3\/Przyj\u0119cie uchwa\u0142y w sprawie zmiany bud\u017cetu oraz szczeg\u00f3\u0142owego planu wykonywania bud\u017cetu Powiatu Lw\u00f3weckiego na rok 2020.<\/p>\n<p>4\/Przyj\u0119cie uchwa\u0142y o zmianie uchwa\u0142y Nr XXI\/76\/19 w sprawie wieloletniej prognozy finansowej Powiatu Lw\u00f3weckiego.<\/p>\n<p>5\/ Interpelacje, zapytania i postulaty radnych.<\/p>\n<p>6\/ Sprawy r\u00f3\u017cne i organizacyjne.<\/p>\n<p><strong>\u00a0\u00a0\u00a0\u00a0\u00a0\u00a0\u00a0\u00a0\u00a0\u00a0\u00a0\u00a0\u00a0\u00a0\u00a0\u00a0\u00a0\u00a0\u00a0\u00a0\u00a0\u00a0\u00a0\u00a0\u00a0\u00a0\u00a0\u00a0\u00a0\u00a0\u00a0\u00a0\u00a0\u00a0\u00a0\u00a0\u00a0\u00a0\u00a0\u00a0\u00a0\u00a0\u00a0\u00a0\u00a0\u00a0\u00a0\u00a0\u00a0\u00a0\u00a0\u00a0\u00a0\u00a0\u00a0\u00a0\u00a0\u00a0\u00a0\u00a0\u00a0\u00a0\u00a0\u00a0\u00a0\u00a0\u00a0\u00a0\u00a0\u00a0\u00a0\u00a0\u00a0\u00a0\u00a0\u00a0\u00a0 <\/strong><\/p>\n<p><strong><em>\u00a0<\/em><\/strong><\/p>\n<p style=\"text-align: right;\"><strong>\u00a0\u00a0\u00a0 \u00a0Przewodnicz\u0105ca Rady Powiatu<\/strong><\/p>\n<p style=\"text-align: right;\"><strong>\/-\/<\/strong><\/p>\n<p style=\"text-align: right;\"><strong>Ma\u0142gorzata Szczepa\u0144ska<\/strong><\/p>\n","protected":false},"excerpt":{"rendered":"<p>Zawiadamia si\u0119 o zwo\u0142aniu zdalnej nadzwyczajnej XXXII SESJI RADY POWIATU LW\u00d3WECKIEGO,\u00a0 kt\u00f3ra odb\u0119dzie si\u0119 w dniu 17 GRUDNIA 2020 roku. Pocz\u0105tek sesji godz. 900. Proponowany porz\u0105dek obrad: 1\/ Powitanie radnych i zaproszonych go\u015bci. 2\/ Przyj\u0119cie  [&#8230;]<\/p>\n","protected":false},"author":5,"featured_media":1775,"comment_status":"closed","ping_status":"closed","sticky":false,"template":"","format":"standard","meta":{"_acf_changed":false,"footnotes":""},"categories":[5,76],"tags":[],"class_list":["post-1949","post","type-post","status-publish","format-standard","has-post-thumbnail","hentry","category-aktualnosci","category-kalendarium-sidebar"],"acf":{"kal_data_wydarzenia":"20201217"},"_links":{"self":[{"href":"https:\/\/powiatlwowecki.pl\/plci_json_endpoint\/wp\/v2\/posts\/1949","targetHints":{"allow":["GET"]}}],"collection":[{"href":"https:\/\/powiatlwowecki.pl\/plci_json_endpoint\/wp\/v2\/posts"}],"about":[{"href":"https:\/\/powiatlwowecki.pl\/plci_json_endpoint\/wp\/v2\/types\/post"}],"author":[{"embeddable":true,"href":"https:\/\/powiatlwowecki.pl\/plci_json_endpoint\/wp\/v2\/users\/5"}],"replies":[{"embeddable":true,"href":"https:\/\/powiatlwowecki.pl\/plci_json_endpoint\/wp\/v2\/comments?post=1949"}],"version-history":[{"count":1,"href":"https:\/\/powiatlwowecki.pl\/plci_json_endpoint\/wp\/v2\/posts\/1949\/revisions"}],"predecessor-version":[{"id":1955,"href":"https:\/\/powiatlwowecki.pl\/plci_json_endpoint\/wp\/v2\/posts\/1949\/revisions\/1955"}],"wp:featuredmedia":[{"embeddable":true,"href":"https:\/\/powiatlwowecki.pl\/plci_json_endpoint\/wp\/v2\/media\/1775"}],"wp:attachment":[{"href":"https:\/\/powiatlwowecki.pl\/plci_json_endpoint\/wp\/v2\/media?parent=1949"}],"wp:term":[{"taxonomy":"category","embeddable":true,"href":"https:\/\/powiatlwowecki.pl\/plci_json_endpoint\/wp\/v2\/categories?post=1949"},{"taxonomy":"post_tag","embeddable":true,"href":"https:\/\/powiatlwowecki.pl\/plci_json_endpoint\/wp\/v2\/tags?post=1949"}],"curies":[{"name":"wp","href":"https:\/\/api.w.org\/{rel}","templated":true}]}}