{"id":1885,"date":"2020-12-03T13:40:01","date_gmt":"2020-12-03T12:40:01","guid":{"rendered":"https:\/\/powiatlwowecki.pl\/?p=1885"},"modified":"2020-12-03T13:40:31","modified_gmt":"2020-12-03T12:40:31","slug":"wsparcie-rodzin-zastepczych-w-czasie-epidemii-covid-19-w-powiecie-lwoweckim","status":"publish","type":"post","link":"https:\/\/powiatlwowecki.pl\/wsparcie-rodzin-zastepczych-w-czasie-epidemii-covid-19-w-powiecie-lwoweckim\/","title":{"rendered":"Wsparcie rodzin zast\u0119pczych w czasie epidemii COVID-19 w Powiecie Lw\u00f3weckim"},"content":{"rendered":"<p><img decoding=\"async\" class=\"wp-image-1884 aligncenter\" src=\"https:\/\/powiatlwowecki.pl\/wp-content\/uploads\/2020\/12\/logotypy-FE_POWER_poziom_pl-1_rgb-300x39.jpg\" alt=\"Logotypy Funduszy Unijnych\" width=\"892\" height=\"116\" srcset=\"https:\/\/powiatlwowecki.pl\/wp-content\/uploads\/2020\/12\/logotypy-FE_POWER_poziom_pl-1_rgb-24x3.jpg 24w, https:\/\/powiatlwowecki.pl\/wp-content\/uploads\/2020\/12\/logotypy-FE_POWER_poziom_pl-1_rgb-36x5.jpg 36w, https:\/\/powiatlwowecki.pl\/wp-content\/uploads\/2020\/12\/logotypy-FE_POWER_poziom_pl-1_rgb-48x6.jpg 48w, https:\/\/powiatlwowecki.pl\/wp-content\/uploads\/2020\/12\/logotypy-FE_POWER_poziom_pl-1_rgb-200x26.jpg 200w, https:\/\/powiatlwowecki.pl\/wp-content\/uploads\/2020\/12\/logotypy-FE_POWER_poziom_pl-1_rgb-300x39.jpg 300w, https:\/\/powiatlwowecki.pl\/wp-content\/uploads\/2020\/12\/logotypy-FE_POWER_poziom_pl-1_rgb-400x51.jpg 400w, https:\/\/powiatlwowecki.pl\/wp-content\/uploads\/2020\/12\/logotypy-FE_POWER_poziom_pl-1_rgb-600x77.jpg 600w, https:\/\/powiatlwowecki.pl\/wp-content\/uploads\/2020\/12\/logotypy-FE_POWER_poziom_pl-1_rgb-768x99.jpg 768w, https:\/\/powiatlwowecki.pl\/wp-content\/uploads\/2020\/12\/logotypy-FE_POWER_poziom_pl-1_rgb-800x103.jpg 800w, https:\/\/powiatlwowecki.pl\/wp-content\/uploads\/2020\/12\/logotypy-FE_POWER_poziom_pl-1_rgb-1024x132.jpg 1024w\" sizes=\"(max-width: 892px) 100vw, 892px\" \/><\/p>\n<p><strong>Powiat Lw\u00f3wecki<\/strong> w partnerstwie z <strong>Wojewod\u0105 Dolno\u015bl\u0105skim<\/strong> i przy wsparciu organizacyjnym <strong>Powiatowego Centrum Pomocy Rodzinie<\/strong> zrealizowa\u0142 projekt \u201e<strong>Wsparcie dzieci umieszczonych w pieczy zast\u0119pczej w okresie epidemii COVID 19<\/strong>\u201d, dofinansowany z funduszy europejskich w ramach Programu Operacyjnego Wiedza Edukacja rozw\u00f3j na lata 2014-2020.<\/p>\n<p>G\u0142\u00f3wnym celem projektu by\u0142o zapobieganie i ograniczanie negatywnych skutk\u00f3w wyst\u0105pienia COVID-19 w obszarze pieczy zast\u0119pczej. Celem szczeg\u00f3\u0142owym programu by\u0142o wparcie dzieci, rodzic\u00f3w zast\u0119pczych i pracownik\u00f3w rodzinnych i instytucjonalnych podmiot\u00f3w pieczy zast\u0119pczej w sytuacji zagro\u017cenia epidemi\u0105 choroby COVID-19 poprzez z<strong>akup \u015brodk\u00f3w ochrony indywidualnej i wyposa\u017cenia do bezpo\u015bredniej walki z epidemi\u0105 a tak\u017ce zakup wyposa\u017cenia na cele realizowania zada\u0144 w trybie zdalnego nauczania.<\/strong><\/p>\n<p><strong>\u0141\u0105czna kwota dofinansowania dla Powiatu Lw\u00f3weckiego wynosi\u0142a 204 047,98z\u0142.<\/strong><\/p>\n<p>Za powy\u017csz\u0105 kwot\u0119 zosta\u0142y zakupione komputery \u2013 laptopy wraz oprogramowaniem, sprz\u0119t multimedialny, oprogramowanie komputerowe dla os\u00f3b z niepe\u0142nosprawno\u015bci\u0105, a tak\u017ce \u015brodki ochrony osobistej do bezpo\u015bredniej walki z epidemi\u0105 w postaci maseczek, r\u0119kawiczek oraz p\u0142ynu dezynfekcyjnego.<\/p>\n<p>Wszystkie podmioty pieczy zast\u0119pczej mia\u0142y mo\u017cliwo\u015b\u0107 skorzystania z projektu.<\/p>\n<p><img decoding=\"async\" class=\"alignnone size-medium wp-image-1883\" src=\"https:\/\/powiatlwowecki.pl\/wp-content\/uploads\/2020\/12\/zd2-300x169.jpg\" alt=\"Wsparcie dzieci w rodzinach zast\u0119pczych\" width=\"300\" height=\"169\" srcset=\"https:\/\/powiatlwowecki.pl\/wp-content\/uploads\/2020\/12\/zd2-24x14.jpg 24w, https:\/\/powiatlwowecki.pl\/wp-content\/uploads\/2020\/12\/zd2-36x20.jpg 36w, https:\/\/powiatlwowecki.pl\/wp-content\/uploads\/2020\/12\/zd2-48x27.jpg 48w, https:\/\/powiatlwowecki.pl\/wp-content\/uploads\/2020\/12\/zd2-200x113.jpg 200w, https:\/\/powiatlwowecki.pl\/wp-content\/uploads\/2020\/12\/zd2-300x169.jpg 300w, https:\/\/powiatlwowecki.pl\/wp-content\/uploads\/2020\/12\/zd2-400x225.jpg 400w, https:\/\/powiatlwowecki.pl\/wp-content\/uploads\/2020\/12\/zd2-600x338.jpg 600w, https:\/\/powiatlwowecki.pl\/wp-content\/uploads\/2020\/12\/zd2-768x432.jpg 768w, https:\/\/powiatlwowecki.pl\/wp-content\/uploads\/2020\/12\/zd2-800x450.jpg 800w, https:\/\/powiatlwowecki.pl\/wp-content\/uploads\/2020\/12\/zd2-1024x576.jpg 1024w, https:\/\/powiatlwowecki.pl\/wp-content\/uploads\/2020\/12\/zd2-1200x675.jpg 1200w, https:\/\/powiatlwowecki.pl\/wp-content\/uploads\/2020\/12\/zd2-1536x864.jpg 1536w\" sizes=\"(max-width: 300px) 100vw, 300px\" \/> \u00a0 <img decoding=\"async\" class=\"alignnone size-medium wp-image-1882\" src=\"https:\/\/powiatlwowecki.pl\/wp-content\/uploads\/2020\/12\/zd1-300x169.jpg\" alt=\"Wsparcie dzieci w rodzinach zast\u0119pczych\" width=\"300\" height=\"169\" srcset=\"https:\/\/powiatlwowecki.pl\/wp-content\/uploads\/2020\/12\/zd1-24x14.jpg 24w, https:\/\/powiatlwowecki.pl\/wp-content\/uploads\/2020\/12\/zd1-36x20.jpg 36w, https:\/\/powiatlwowecki.pl\/wp-content\/uploads\/2020\/12\/zd1-48x27.jpg 48w, https:\/\/powiatlwowecki.pl\/wp-content\/uploads\/2020\/12\/zd1-200x113.jpg 200w, https:\/\/powiatlwowecki.pl\/wp-content\/uploads\/2020\/12\/zd1-300x169.jpg 300w, https:\/\/powiatlwowecki.pl\/wp-content\/uploads\/2020\/12\/zd1-400x225.jpg 400w, https:\/\/powiatlwowecki.pl\/wp-content\/uploads\/2020\/12\/zd1-600x338.jpg 600w, https:\/\/powiatlwowecki.pl\/wp-content\/uploads\/2020\/12\/zd1-768x432.jpg 768w, https:\/\/powiatlwowecki.pl\/wp-content\/uploads\/2020\/12\/zd1-800x450.jpg 800w, https:\/\/powiatlwowecki.pl\/wp-content\/uploads\/2020\/12\/zd1-1024x576.jpg 1024w, https:\/\/powiatlwowecki.pl\/wp-content\/uploads\/2020\/12\/zd1-1200x675.jpg 1200w, https:\/\/powiatlwowecki.pl\/wp-content\/uploads\/2020\/12\/zd1-1536x864.jpg 1536w\" sizes=\"(max-width: 300px) 100vw, 300px\" \/><\/p>\n<p><img decoding=\"async\" class=\"alignnone size-medium wp-image-1881\" src=\"https:\/\/powiatlwowecki.pl\/wp-content\/uploads\/2020\/12\/15-225x300.jpg\" alt=\"Wsparcie dzieci w rodzinach zast\u0119pczych\" width=\"225\" height=\"300\" srcset=\"https:\/\/powiatlwowecki.pl\/wp-content\/uploads\/2020\/12\/15-18x24.jpg 18w, https:\/\/powiatlwowecki.pl\/wp-content\/uploads\/2020\/12\/15-27x36.jpg 27w, https:\/\/powiatlwowecki.pl\/wp-content\/uploads\/2020\/12\/15-36x48.jpg 36w, https:\/\/powiatlwowecki.pl\/wp-content\/uploads\/2020\/12\/15-200x266.jpg 200w, https:\/\/powiatlwowecki.pl\/wp-content\/uploads\/2020\/12\/15-225x300.jpg 225w, https:\/\/powiatlwowecki.pl\/wp-content\/uploads\/2020\/12\/15-400x533.jpg 400w, https:\/\/powiatlwowecki.pl\/wp-content\/uploads\/2020\/12\/15-600x799.jpg 600w, https:\/\/powiatlwowecki.pl\/wp-content\/uploads\/2020\/12\/15.jpg 674w\" sizes=\"(max-width: 225px) 100vw, 225px\" \/> \u00a0 <img decoding=\"async\" class=\"alignnone size-medium wp-image-1880\" src=\"https:\/\/powiatlwowecki.pl\/wp-content\/uploads\/2020\/12\/14-225x300.jpg\" alt=\"Wsparcie dzieci w rodzinach zast\u0119pczych\" width=\"225\" height=\"300\" srcset=\"https:\/\/powiatlwowecki.pl\/wp-content\/uploads\/2020\/12\/14-18x24.jpg 18w, https:\/\/powiatlwowecki.pl\/wp-content\/uploads\/2020\/12\/14-27x36.jpg 27w, https:\/\/powiatlwowecki.pl\/wp-content\/uploads\/2020\/12\/14-36x48.jpg 36w, https:\/\/powiatlwowecki.pl\/wp-content\/uploads\/2020\/12\/14-200x266.jpg 200w, https:\/\/powiatlwowecki.pl\/wp-content\/uploads\/2020\/12\/14-225x300.jpg 225w, https:\/\/powiatlwowecki.pl\/wp-content\/uploads\/2020\/12\/14-400x533.jpg 400w, https:\/\/powiatlwowecki.pl\/wp-content\/uploads\/2020\/12\/14-600x799.jpg 600w, https:\/\/powiatlwowecki.pl\/wp-content\/uploads\/2020\/12\/14.jpg 674w\" sizes=\"(max-width: 225px) 100vw, 225px\" \/> \u00a0 <img decoding=\"async\" class=\"alignnone size-medium wp-image-1879\" src=\"https:\/\/powiatlwowecki.pl\/wp-content\/uploads\/2020\/12\/12-225x300.jpg\" alt=\"Wsparcie dzieci w rodzinach zast\u0119pczych\" width=\"225\" height=\"300\" srcset=\"https:\/\/powiatlwowecki.pl\/wp-content\/uploads\/2020\/12\/12-18x24.jpg 18w, https:\/\/powiatlwowecki.pl\/wp-content\/uploads\/2020\/12\/12-27x36.jpg 27w, https:\/\/powiatlwowecki.pl\/wp-content\/uploads\/2020\/12\/12-36x48.jpg 36w, https:\/\/powiatlwowecki.pl\/wp-content\/uploads\/2020\/12\/12-200x267.jpg 200w, https:\/\/powiatlwowecki.pl\/wp-content\/uploads\/2020\/12\/12-225x300.jpg 225w, https:\/\/powiatlwowecki.pl\/wp-content\/uploads\/2020\/12\/12-400x533.jpg 400w, https:\/\/powiatlwowecki.pl\/wp-content\/uploads\/2020\/12\/12-600x800.jpg 600w, https:\/\/powiatlwowecki.pl\/wp-content\/uploads\/2020\/12\/12-768x1024.jpg 768w, https:\/\/powiatlwowecki.pl\/wp-content\/uploads\/2020\/12\/12-800x1067.jpg 800w, https:\/\/powiatlwowecki.pl\/wp-content\/uploads\/2020\/12\/12-1152x1536.jpg 1152w, https:\/\/powiatlwowecki.pl\/wp-content\/uploads\/2020\/12\/12-1200x1600.jpg 1200w, https:\/\/powiatlwowecki.pl\/wp-content\/uploads\/2020\/12\/12.jpg 1536w\" sizes=\"(max-width: 225px) 100vw, 225px\" \/><\/p>\n<p>&nbsp;<\/p>\n","protected":false},"excerpt":{"rendered":"<p>Powiat Lw\u00f3wecki w partnerstwie z Wojewod\u0105 Dolno\u015bl\u0105skim i przy wsparciu organizacyjnym Powiatowego Centrum Pomocy Rodzinie zrealizowa\u0142 projekt \u201eWsparcie dzieci umieszczonych w pieczy zast\u0119pczej w okresie epidemii COVID 19\u201d, dofinansowany z funduszy europejskich w ramach Programu  [&#8230;]<\/p>\n","protected":false},"author":5,"featured_media":1882,"comment_status":"closed","ping_status":"closed","sticky":false,"template":"","format":"standard","meta":{"_acf_changed":false,"footnotes":""},"categories":[5,87],"tags":[],"class_list":["post-1885","post","type-post","status-publish","format-standard","has-post-thumbnail","hentry","category-aktualnosci","category-covid-19"],"acf":{"kal_data_wydarzenia":""},"_links":{"self":[{"href":"https:\/\/powiatlwowecki.pl\/plci_json_endpoint\/wp\/v2\/posts\/1885","targetHints":{"allow":["GET"]}}],"collection":[{"href":"https:\/\/powiatlwowecki.pl\/plci_json_endpoint\/wp\/v2\/posts"}],"about":[{"href":"https:\/\/powiatlwowecki.pl\/plci_json_endpoint\/wp\/v2\/types\/post"}],"author":[{"embeddable":true,"href":"https:\/\/powiatlwowecki.pl\/plci_json_endpoint\/wp\/v2\/users\/5"}],"replies":[{"embeddable":true,"href":"https:\/\/powiatlwowecki.pl\/plci_json_endpoint\/wp\/v2\/comments?post=1885"}],"version-history":[{"count":0,"href":"https:\/\/powiatlwowecki.pl\/plci_json_endpoint\/wp\/v2\/posts\/1885\/revisions"}],"wp:featuredmedia":[{"embeddable":true,"href":"https:\/\/powiatlwowecki.pl\/plci_json_endpoint\/wp\/v2\/media\/1882"}],"wp:attachment":[{"href":"https:\/\/powiatlwowecki.pl\/plci_json_endpoint\/wp\/v2\/media?parent=1885"}],"wp:term":[{"taxonomy":"category","embeddable":true,"href":"https:\/\/powiatlwowecki.pl\/plci_json_endpoint\/wp\/v2\/categories?post=1885"},{"taxonomy":"post_tag","embeddable":true,"href":"https:\/\/powiatlwowecki.pl\/plci_json_endpoint\/wp\/v2\/tags?post=1885"}],"curies":[{"name":"wp","href":"https:\/\/api.w.org\/{rel}","templated":true}]}}