{"id":1800,"date":"2020-11-19T15:14:54","date_gmt":"2020-11-19T14:14:54","guid":{"rendered":"https:\/\/powiatlwowecki.pl\/?p=1800"},"modified":"2020-11-19T15:14:54","modified_gmt":"2020-11-19T14:14:54","slug":"nabor-na-stanowisko-podinspektora-w-powiatowym-zespole-ds-orzekania-o-niepelnosprawnosci","status":"publish","type":"post","link":"https:\/\/powiatlwowecki.pl\/nabor-na-stanowisko-podinspektora-w-powiatowym-zespole-ds-orzekania-o-niepelnosprawnosci\/","title":{"rendered":"Nab\u00f3r na stanowisko Podinspektora w Powiatowym Zespole ds.Orzekania o Niepe\u0142nosprawno\u015bci"},"content":{"rendered":"<p>Starosta Lw\u00f3wecki og\u0142asza nab\u00f3r na stanowisko Podinspektora w Powiatowym Zespole ds. Orzekania o Niepe\u0142nosprawno\u015bci w wymiarze ca\u0142ego etatu:<\/p>\n<p><strong>\u00a0<\/strong><\/p>\n<p>Wymagania niezb\u0119dne:<\/p>\n<ol>\n<li><strong>\u00a0<\/strong>Wykszta\u0142cenie wy\u017csze (preferowane: prawo, administracja, doradztwo zawodowe oraz praca socjalna),<\/li>\n<li>bardzo dobra znajomo\u015b\u0107 obs\u0142ugi komputera,<\/li>\n<li>dobra znajomo\u015b\u0107 obs\u0142ugi pakietu biurowego MS Office.<\/li>\n<\/ol>\n<p>&nbsp;<\/p>\n<p>Wymagania dodatkowe (mile widzialne):<\/p>\n<ol>\n<li>do\u015bwiadczenie w pracy w administracji samorz\u0105dowej,<\/li>\n<li>umiej\u0119tno\u015b\u0107 pracy w zespole<\/li>\n<\/ol>\n<p>&nbsp;<\/p>\n<p>szczeg\u00f3\u0142y: <a href=\"https:\/\/bip.powiatlwowecki.pl\/wiadomosci\/1355\/wiadomosc\/545720\/nabor_na_stanowisko_podinspektora_w_powiatowym_zespole_dsorzekan\" target=\"_blank\" rel=\"noopener noreferrer\">(link)<\/a><\/p>\n","protected":false},"excerpt":{"rendered":"<p>Starosta Lw\u00f3wecki og\u0142asza nab\u00f3r na stanowisko Podinspektora w Powiatowym Zespole ds. Orzekania o Niepe\u0142nosprawno\u015bci w wymiarze ca\u0142ego etatu: \u00a0 Wymagania niezb\u0119dne: \u00a0Wykszta\u0142cenie wy\u017csze (preferowane: prawo, administracja, doradztwo zawodowe oraz praca socjalna), bardzo dobra znajomo\u015b\u0107 obs\u0142ugi  [&#8230;]<\/p>\n","protected":false},"author":4,"featured_media":1801,"comment_status":"closed","ping_status":"closed","sticky":false,"template":"","format":"standard","meta":{"_acf_changed":false,"footnotes":""},"categories":[5],"tags":[],"class_list":["post-1800","post","type-post","status-publish","format-standard","has-post-thumbnail","hentry","category-aktualnosci"],"acf":{"kal_data_wydarzenia":""},"_links":{"self":[{"href":"https:\/\/powiatlwowecki.pl\/plci_json_endpoint\/wp\/v2\/posts\/1800","targetHints":{"allow":["GET"]}}],"collection":[{"href":"https:\/\/powiatlwowecki.pl\/plci_json_endpoint\/wp\/v2\/posts"}],"about":[{"href":"https:\/\/powiatlwowecki.pl\/plci_json_endpoint\/wp\/v2\/types\/post"}],"author":[{"embeddable":true,"href":"https:\/\/powiatlwowecki.pl\/plci_json_endpoint\/wp\/v2\/users\/4"}],"replies":[{"embeddable":true,"href":"https:\/\/powiatlwowecki.pl\/plci_json_endpoint\/wp\/v2\/comments?post=1800"}],"version-history":[{"count":0,"href":"https:\/\/powiatlwowecki.pl\/plci_json_endpoint\/wp\/v2\/posts\/1800\/revisions"}],"wp:featuredmedia":[{"embeddable":true,"href":"https:\/\/powiatlwowecki.pl\/plci_json_endpoint\/wp\/v2\/media\/1801"}],"wp:attachment":[{"href":"https:\/\/powiatlwowecki.pl\/plci_json_endpoint\/wp\/v2\/media?parent=1800"}],"wp:term":[{"taxonomy":"category","embeddable":true,"href":"https:\/\/powiatlwowecki.pl\/plci_json_endpoint\/wp\/v2\/categories?post=1800"},{"taxonomy":"post_tag","embeddable":true,"href":"https:\/\/powiatlwowecki.pl\/plci_json_endpoint\/wp\/v2\/tags?post=1800"}],"curies":[{"name":"wp","href":"https:\/\/api.w.org\/{rel}","templated":true}]}}