{"id":1591,"date":"2020-11-10T15:53:25","date_gmt":"2020-11-10T14:53:25","guid":{"rendered":"https:\/\/powiatlwowecki.pl\/?p=1591"},"modified":"2020-11-13T14:42:53","modified_gmt":"2020-11-13T13:42:53","slug":"zmiany-w-funkcjonowaniu-wydzialu-komunikacji","status":"publish","type":"post","link":"https:\/\/powiatlwowecki.pl\/zmiany-w-funkcjonowaniu-wydzialu-komunikacji\/","title":{"rendered":"Zmiany w funkcjonowaniu Wydzia\u0142u Komunikacji"},"content":{"rendered":"<p>Ze wzgl\u0119du na bezpiecze\u0144stwo i zdrowie interesant\u00f3w oraz pracownik\u00f3w Starostwa Powiatowego w zwi\u0105zku z rosn\u0105cym zagro\u017ceniem epidemiologicznym w kraju <strong>od dnia 9 listopada 2020 r. do odwo\u0142ania<\/strong>, wprowadza si\u0119 zmiany w funkcjonowaniu <strong>Wydzia\u0142u Komunikacji.<\/strong><\/p>\n<p>Obs\u0142uga interesant\u00f3w odbywa\u0107 si\u0119 b\u0119dzie w nast\u0119puj\u0105cy spos\u00f3b:<\/p>\n<ol>\n<li>Elektronicznie poprzez platform\u0119 <a href=\"https:\/\/bip.powiatlwowecki.pl\/cms\/10300\/elektroniczna_skrzynka_podawcza\" target=\"_blank\" rel=\"noopener noreferrer\">ePUAP<\/a>,<\/li>\n<li>Telefonicznie: nr tel<strong>.: 75\u00a0782 28 95 \u2013 rejestracja pojazd\u00f3w, 75 78228 25 \u2013 prawo jazdy.<\/strong><\/li>\n<li>Za po\u015brednictwem Poczty Polskiej S.A.<\/li>\n<li>Poprzez z\u0142o\u017cenie dokumentacji (zaklejona koperta z podanym nr telefonu) w skrzynce podawczej, kt\u00f3ra b\u0119dzie umieszczona w budynku Starostwa Powiatowego &#8211; wej\u015bcie od parkingu urz\u0119du. Przed z\u0142o\u017ceniem dokument\u00f3w nale\u017cy zadzwoni\u0107 do wydzia\u0142u pod nr tel<strong>.: 75\u00a0782 28 95 \u2013 rejestracja pojazd\u00f3w, 75 78228 25 \u2013 prawo jazdy.<\/strong><\/li>\n<\/ol>\n<p>&nbsp;<\/p>\n<p>&nbsp;<\/p>\n<p><u>Zalecamy:<\/u><\/p>\n<ol>\n<li>Korzysta\u0107 z druk\u00f3w zamieszczonych na stronie Starostwa Powiatowego zak\u0142adka Wydzia\u0142y Starostwa \u2013 <a href=\"https:\/\/powiatlwowecki.pl\/pl\/moduleArticleBase\/show\/article_id\/882\"><strong>Wydzia\u0142 Komunikacji i Dr\u00f3g Powiatowych<\/strong><\/a> \u2013 pliki do pobrania (druki znajduj\u0105 si\u0119 pod tabel\u0105 <strong><a href=\"https:\/\/powiatlwowecki.pl\/pl\/moduleArticleBase\/show\/article_id\/1241\">Kart Us\u0142ug)<\/a><\/strong>,<\/li>\n<li>Na ka\u017cdym wniosku\/podaniu zalecamy poda\u0107 nr telefonu w celu umo\u017cliwienia kontaktu,<\/li>\n<li>Do wniosku do\u0142\u0105czy\u0107 komplet dokument\u00f3w wraz z dowodem op\u0142aty,<\/li>\n<li>Korzysta\u0107 z informacji telefonicznej,<\/li>\n<li>Korespondencj\u0119 tradycyjn\u0105 prosimy kierowa\u0107 na adres:<\/li>\n<\/ol>\n<p>Starostwo Powiatowe, Wydzia\u0142 Komunikacji i Dr\u00f3g Powiatowych, ul. Szpitalna 4, 59-600 Lw\u00f3wek \u015al\u0105ski.<\/p>\n<p>&nbsp;<\/p>\n<p>Od dnia 2 listopada 2020 r., zgodnie z rekomendacj\u0105 Premiera RP obs\u0142uga we wszystkich urz\u0119dach odbywa\u0142 si\u0119 g\u0142\u00f3wnie poprzez Internet, telefon i poczt\u0119. Wszystkie urz\u0119dy administracji pa\u0144stwowej i samorz\u0105dowej przechodz\u0105 od wtorku tj. od 3 listopada br. na prac\u0119 zdaln\u0105.<\/p>\n<p>&nbsp;<\/p>\n","protected":false},"excerpt":{"rendered":"<p>Ze wzgl\u0119du na bezpiecze\u0144stwo i zdrowie interesant\u00f3w oraz pracownik\u00f3w Starostwa Powiatowego w zwi\u0105zku z rosn\u0105cym zagro\u017ceniem epidemiologicznym w kraju od dnia 9 listopada 2020 r. do odwo\u0142ania, wprowadza si\u0119 zmiany w funkcjonowaniu Wydzia\u0142u Komunikacji. Obs\u0142uga  [&#8230;]<\/p>\n","protected":false},"author":4,"featured_media":1592,"comment_status":"closed","ping_status":"closed","sticky":false,"template":"","format":"standard","meta":{"_acf_changed":false,"footnotes":""},"categories":[5,87],"tags":[],"class_list":["post-1591","post","type-post","status-publish","format-standard","has-post-thumbnail","hentry","category-aktualnosci","category-covid-19"],"acf":false,"_links":{"self":[{"href":"https:\/\/powiatlwowecki.pl\/plci_json_endpoint\/wp\/v2\/posts\/1591","targetHints":{"allow":["GET"]}}],"collection":[{"href":"https:\/\/powiatlwowecki.pl\/plci_json_endpoint\/wp\/v2\/posts"}],"about":[{"href":"https:\/\/powiatlwowecki.pl\/plci_json_endpoint\/wp\/v2\/types\/post"}],"author":[{"embeddable":true,"href":"https:\/\/powiatlwowecki.pl\/plci_json_endpoint\/wp\/v2\/users\/4"}],"replies":[{"embeddable":true,"href":"https:\/\/powiatlwowecki.pl\/plci_json_endpoint\/wp\/v2\/comments?post=1591"}],"version-history":[{"count":0,"href":"https:\/\/powiatlwowecki.pl\/plci_json_endpoint\/wp\/v2\/posts\/1591\/revisions"}],"wp:featuredmedia":[{"embeddable":true,"href":"https:\/\/powiatlwowecki.pl\/plci_json_endpoint\/wp\/v2\/media\/1592"}],"wp:attachment":[{"href":"https:\/\/powiatlwowecki.pl\/plci_json_endpoint\/wp\/v2\/media?parent=1591"}],"wp:term":[{"taxonomy":"category","embeddable":true,"href":"https:\/\/powiatlwowecki.pl\/plci_json_endpoint\/wp\/v2\/categories?post=1591"},{"taxonomy":"post_tag","embeddable":true,"href":"https:\/\/powiatlwowecki.pl\/plci_json_endpoint\/wp\/v2\/tags?post=1591"}],"curies":[{"name":"wp","href":"https:\/\/api.w.org\/{rel}","templated":true}]}}