{"id":1528,"date":"2020-11-02T11:25:17","date_gmt":"2020-11-02T10:25:17","guid":{"rendered":"https:\/\/powiatlwowecki.pl\/?p=1528"},"modified":"2020-11-10T16:06:32","modified_gmt":"2020-11-10T15:06:32","slug":"ogloszenie-2","status":"publish","type":"post","link":"https:\/\/powiatlwowecki.pl\/ogloszenie-2\/","title":{"rendered":"Og\u0142oszenie"},"content":{"rendered":"<p style=\"text-align: center;\"><strong>Zawiadamia si\u0119 o zwo\u0142aniu zdalnej XXX SESJI RADY POWIATU LW\u00d3WECKIEGO, kt\u00f3ra odb\u0119dzie si\u0119 w dniu 30 pa\u017adziernika 2020 roku. Pocz\u0105tek sesji godz. 900.<\/strong><\/p>\n<p style=\"text-align: center;\"><strong>Proponowany porz\u0105dek obrad:<\/strong><\/p>\n<p>1\/ Powitanie radnych i zaproszonych go\u015bci.<\/p>\n<p>2\/ Przyj\u0119cie porz\u0105dku obrad.<\/p>\n<p>3\/Przyj\u0119cie protoko\u0142u z XXVI, XXVIII sesji Rady Powiatu Lw\u00f3weckiego.<\/p>\n<p>4\/Skutki wprowadzenia reformy w jednostkach o\u015bwiatowych:<\/p>\n<p>a)prezentacja materia\u0142\u00f3w;<\/p>\n<p>b)dyskusja<\/p>\n<p>5\/Przerwa.<\/p>\n<p>6\/ Ochrona \u015arodowiska:<\/p>\n<p>a)prezentacja materia\u0142\u00f3w;<\/p>\n<p>b)dyskusja;<\/p>\n<p>7\/Przerwa.<\/p>\n<p>8\/ Podj\u0119cie uchwa\u0142 lub zaj\u0119cie stanowiska.<\/p>\n<p>9\/ Informacje o dzia\u0142alno\u015bci Zarz\u0105du Powiatu Lw\u00f3weckiego pomi\u0119dzy sesjami Rady Powiatu.<\/p>\n<p>10\/ Interpelacje, zapytania i postulaty radnych.<\/p>\n<p>11\/ Sprawy r\u00f3\u017cne i organizacyjne.<\/p>\n<p>&nbsp;<\/p>\n<p style=\"text-align: right;\"><strong>Przewodnicz\u0105ca Rady Powiatu<\/strong><\/p>\n<p style=\"text-align: right;\"><strong>\/-\/<\/strong><\/p>\n<p style=\"text-align: right;\"><strong>Ma\u0142gorzata Szczepa\u0144ska<\/strong><\/p>\n","protected":false},"excerpt":{"rendered":"<p>Zawiadamia si\u0119 o zwo\u0142aniu zdalnej XXX SESJI RADY POWIATU LW\u00d3WECKIEGO, kt\u00f3ra odb\u0119dzie si\u0119 w dniu 30 pa\u017adziernika 2020 roku. Pocz\u0105tek sesji godz. 900. Proponowany porz\u0105dek obrad: 1\/ Powitanie radnych i zaproszonych go\u015bci. 2\/ Przyj\u0119cie porz\u0105dku  [&#8230;]<\/p>\n","protected":false},"author":3,"featured_media":1142,"comment_status":"closed","ping_status":"closed","sticky":false,"template":"","format":"standard","meta":{"_acf_changed":false,"footnotes":""},"categories":[5],"tags":[],"class_list":["post-1528","post","type-post","status-publish","format-standard","has-post-thumbnail","hentry","category-aktualnosci"],"acf":false,"_links":{"self":[{"href":"https:\/\/powiatlwowecki.pl\/plci_json_endpoint\/wp\/v2\/posts\/1528","targetHints":{"allow":["GET"]}}],"collection":[{"href":"https:\/\/powiatlwowecki.pl\/plci_json_endpoint\/wp\/v2\/posts"}],"about":[{"href":"https:\/\/powiatlwowecki.pl\/plci_json_endpoint\/wp\/v2\/types\/post"}],"author":[{"embeddable":true,"href":"https:\/\/powiatlwowecki.pl\/plci_json_endpoint\/wp\/v2\/users\/3"}],"replies":[{"embeddable":true,"href":"https:\/\/powiatlwowecki.pl\/plci_json_endpoint\/wp\/v2\/comments?post=1528"}],"version-history":[{"count":0,"href":"https:\/\/powiatlwowecki.pl\/plci_json_endpoint\/wp\/v2\/posts\/1528\/revisions"}],"wp:featuredmedia":[{"embeddable":true,"href":"https:\/\/powiatlwowecki.pl\/plci_json_endpoint\/wp\/v2\/media\/1142"}],"wp:attachment":[{"href":"https:\/\/powiatlwowecki.pl\/plci_json_endpoint\/wp\/v2\/media?parent=1528"}],"wp:term":[{"taxonomy":"category","embeddable":true,"href":"https:\/\/powiatlwowecki.pl\/plci_json_endpoint\/wp\/v2\/categories?post=1528"},{"taxonomy":"post_tag","embeddable":true,"href":"https:\/\/powiatlwowecki.pl\/plci_json_endpoint\/wp\/v2\/tags?post=1528"}],"curies":[{"name":"wp","href":"https:\/\/api.w.org\/{rel}","templated":true}]}}